{"id":24463,"date":"2023-03-02T13:20:47","date_gmt":"2023-03-02T10:20:47","guid":{"rendered":"http:\/\/akdenizolaygazetesi.com\/?p=24463"},"modified":"2023-03-02T13:20:47","modified_gmt":"2023-03-02T10:20:47","slug":"turan-deprem-bolgesinde-ciftcilerin-kayiplarinin-karsilanmasini-meclis-gundemine-tasidi","status":"publish","type":"post","link":"https:\/\/akdenizolaygazetesi.com\/?p=24463","title":{"rendered":"Turan, deprem b\u00f6lgesinde \u00e7ift\u00e7ilerin kay\u0131plar\u0131n\u0131n kar\u015f\u0131lanmas\u0131n\u0131 meclis g\u00fcndemine ta\u015f\u0131d\u0131"},"content":{"rendered":"<p>HDP Mersin Milletvekili, Ekonomi ve Tar\u0131m Politikalar\u0131ndan Sorumlu E\u015f Genel Ba\u015fkan Yard\u0131mc\u0131s\u0131 Dr. R\u0131dvan Turan, deprem b\u00f6lgesinde \u00e7ift\u00e7ilerin kay\u0131plar\u0131n\u0131n kar\u015f\u0131lanmas\u0131n\u0131 meclis g\u00fcndemine ta\u015f\u0131d\u0131.<br \/>\nR\u0131dvan Turan, konuyla ilgili TBMM Ba\u015fkanl\u0131\u011f\u0131na bir ara\u015ft\u0131rma \u00f6nergesi verdi.<br \/>\nDr. R\u0131dvan Turan, T\u00fcrkiye\u2019de 6 \u015eubat 2023 tarihinden itibaren meydana gelen depremler dolay\u0131s\u0131yla y\u0131k\u0131ma u\u011frayan Kahramanmara\u015f, Ad\u0131yaman, Hatay, Gaziantep, Diyarbak\u0131r, Malatya, Kilis, \u015eanl\u0131urfa, Adana ve Osmaniye kentlerindeki \u00e7ift\u00e7ilerin kay\u0131plar\u0131n\u0131n devlet taraf\u0131ndan kar\u015f\u0131lanmas\u0131 ve tar\u0131msal sorunlar\u0131n tespit edilerek \u00e7\u00f6z\u00fcme ula\u015ft\u0131r\u0131lmas\u0131 amac\u0131yla bir Meclis ara\u015ft\u0131rmas\u0131 a\u00e7\u0131lmas\u0131n\u0131 talep etti.<br \/>\nR\u0131dvan Turan\u2019\u0131n \u00f6nergesinin gerek\u00e7e k\u0131sm\u0131nda \u015fu ifadeler yer ald\u0131:<br \/>\n\u201cT\u00fcrkiye\u2019de, 6 \u015eubat\u2019ta Kahramanmara\u015f&#8217;\u0131n Pazarc\u0131k ve Elbistan il\u00e7elerinde 7,7 ve 7,6 b\u00fcy\u00fckl\u00fc\u011f\u00fcndeki depremler meydana gelmi\u015ftir. Kahramanmara\u015f, Ad\u0131yaman, Hatay, Gaziantep, Diyarbak\u0131r, Malatya, Kilis, \u015eanl\u0131urfa, Adana ve Osmaniye kentleri b\u00fcy\u00fck y\u0131k\u0131ma u\u011fram\u0131\u015f ve on binlerce yurtta\u015f\u0131m\u0131z maalesef ya\u015fam\u0131n\u0131 yitirmi\u015ftir. Deprem sonras\u0131nda milyarlarca liral\u0131k maddi kay\u0131p ortaya \u00e7\u0131km\u0131\u015ft\u0131r. Kayba u\u011frayan alanlar\u0131n ba\u015f\u0131nda tar\u0131m gelmektedir. Depremin y\u0131k\u0131ma u\u011fratt\u0131\u011f\u0131 kentlerde yurtta\u015flar\u0131n \u00f6nemli k\u0131sm\u0131 ya\u015fam\u0131n\u0131 \u00e7ift\u00e7ilikle idame ettirmektedir.<br \/>\nT\u00fcrkiye \u0130statistik Kurumu (T\u00dc\u0130K) verilerine g\u00f6re 2022 y\u0131l\u0131nda ekilen 23,8 milyon hektar tar\u0131m alan\u0131n\u0131n 3,8 milyon hektar\u0131, depremin y\u0131kt\u0131\u011f\u0131 11 ilimizde bulunmaktad\u0131r.<br \/>\nYine T\u00dc\u0130K verilerine g\u00f6re 2021 y\u0131l\u0131 T\u00fcrkiye bitkisel \u00fcretim de\u011feri 306,3 milyar TL iken depremin y\u0131kt\u0131\u011f\u0131 11 ilimizin T\u00fcrkiye bitkisel \u00fcretimdeki pay\u0131 %20,9\u2019dur ve 64,1 milyar TL\u2019dir.  Depremin y\u0131kt\u0131\u011f\u0131 11 ildeki, b\u00fcy\u00fckba\u015f hayvan say\u0131s\u0131 T\u00fcrkiye toplam s\u0131\u011f\u0131r varl\u0131\u011f\u0131n\u0131n y\u00fczde 12\u2019sini ve k\u00fc\u00e7\u00fckba\u015f hayvan varl\u0131\u011f\u0131n\u0131n y\u00fczde 18\u2019ini olu\u015fturmaktad\u0131r. T\u00dc\u0130K verilerine g\u00f6re 2020 y\u0131l\u0131nda T\u00fcrkiye&#8217;nin hayvansal \u00fcretim de\u011feri 108,5 milyar lirayken deprem b\u00f6lgesinin hayvansal \u00fcretim de\u011ferine katk\u0131s\u0131 7,3 milyar lira ile %6,7 gibi az\u0131msanmayacak bir orana sahiptir. Deprem b\u00f6lgesindeki, canl\u0131 hayvan de\u011feri 238,7 milyar lirad\u0131r ve T\u00fcrkiye\u2019deki toplam canl\u0131 hayvan pop\u00fclasyonuna g\u00f6re  %13,2\u2019dir.<br \/>\nDeprem b\u00f6lgesi \u00fcr\u00fcn bazl\u0131 \u00fcretimde de \u00f6nemli bir yere sahiptir. T\u00fcrkiye&#8217;de Antep f\u0131st\u0131\u011f\u0131n\u0131n %82,7\u2019si, pamu\u011fun %72,7\u2019si, narenciyenin %57,5\u2019i, m\u0131s\u0131r ve bademin %33\u2019\u00fc, bu\u011fday\u0131n %19\u2019u ve zeytinin %16\u2019s\u0131 b\u00f6lgede \u00fcretilmektedir.<br \/>\nDepremin y\u0131kt\u0131\u011f\u0131 11 ilde \u00c7ift\u00e7i Kay\u0131t Sistemi\u2019ne kay\u0131tl\u0131 \u00e7ift\u00e7i say\u0131s\u0131 yakla\u015f\u0131k 300 bin gibi az\u0131msanmayacak bir say\u0131ya sahiptir. B\u00f6lge illerinin k\u0131rsal alanlar\u0131nda ya\u015fayan insan say\u0131s\u0131 yakla\u015f\u0131k 2,5 milyondur.<br \/>\nT\u00dc\u0130K verilerine g\u00f6re b\u00f6lgenin tar\u0131msal \u00fcretim de\u011ferinin \u00f6nemli bir orana sahip oldu\u011funu ve tar\u0131mla u\u011fra\u015fan insan say\u0131s\u0131n\u0131n az\u0131msanmayacak d\u00fczeyde oldu\u011fu dikkate ald\u0131\u011f\u0131m\u0131zda depremin tar\u0131msal \u00fcretimi y\u0131k\u0131ma u\u011fratt\u0131\u011f\u0131n\u0131 s\u00f6yleyebiliriz. B\u00f6lgenin tar\u0131msal \u00fcretimdeki de\u011ferinin d\u00fc\u015fmemesi ve b\u00f6lgede ya\u015fayan \u00e7ift\u00e7ilerimiz ba\u015fta olmak \u00fczere tar\u0131msal \u00fcretimle ge\u00e7imini sa\u011flayan yurtta\u015flar\u0131m\u0131z i\u00e7in acil olarak deprem tar\u0131m eylem plan\u0131 haz\u0131rlamak zaruri bir hale gelmi\u015ftir. \u00d6ncelikli olarak depremin y\u0131k\u0131ma u\u011fratt\u0131\u011f\u0131 kentlerdeki \u00e7ift\u00e7ilerin, hayvan, tarla, i\u015f makinesi gibi b\u00fct\u00fcn kay\u0131plar\u0131n\u0131n hi\u00e7bir \u015fart aranmadan kar\u015f\u0131lanmas\u0131 son derece \u00f6nemlidir. Sonras\u0131nda \u00e7ift\u00e7ilere \u00fcretime devam etmeleri i\u00e7in ayni ve nakdi olmak \u00fczere her t\u00fcrl\u00fc te\u015fvik sa\u011flanmal\u0131d\u0131r. Bu anlamda \u00e7ift\u00e7ilerin g\u00fcbre, ila\u00e7, mazot ve tohum gibi \u00f6nemli girdi kalemleri \u00fccretsiz \u015fekilde \u00e7ift\u00e7ilere sa\u011flanmal\u0131d\u0131r. B\u00f6lgede ya\u015fayan \u00e7ift\u00e7ilerimizin Tar\u0131m Kredi Kooperatifleri ba\u015fta olmak \u00fczere kamu ve \u00f6zel bankalara olan bor\u00e7lar\u0131 devlet taraf\u0131ndan kamu borcu olarak \u00fcstlenilmelidir. B\u00f6lgedeki \u00e7ift\u00e7ilerimizin \u00fcrettikleri \u00fcr\u00fcnlere devlet taraf\u0131ndan de\u011ferinde al\u0131m garantisi verilmelidir. Deprem b\u00f6lgesindeki \u00e7ift\u00e7ilere tar\u0131msal destekler bir an evvel \u00f6denmeli \u00e7ift\u00e7iler i\u00e7in kamu s\u00f6zle\u015fmeli \u00fcretici kooperatifleri kurulmal\u0131d\u0131r.<br \/>\nB\u00f6lgedeki tar\u0131msal deste\u011fi b\u00fct\u00fcnsel olarak sa\u011flamak amac\u0131yla \u00e7ift\u00e7ilere verilen destekler d\u0131\u015f\u0131nda ge\u00e7mi\u015f y\u0131llarda \u00fcretimi zorunlu olarak b\u0131rakm\u0131\u015f \u00e7ift\u00e7ilerin tekrar \u00fcretime kat\u0131labilmeleri i\u00e7in her t\u00fcrl\u00fc te\u015fvik sa\u011flanmal\u0131d\u0131r. B\u00f6lgedeki \u00e2t\u0131l kalan tar\u0131m arazilerinin ekilmesi amac\u0131yla deprem dolay\u0131s\u0131yla i\u015fini kaybetmi\u015f yurtta\u015flar\u0131m\u0131za kar\u015f\u0131l\u0131ks\u0131z bi\u00e7imde tahsis edilmelidir.<br \/>\nT\u00fcrkiye\u2019nin 11 kentinde meydana gelen depremler sadece b\u00f6lgeyi de\u011fil ayn\u0131 zamanda b\u00fct\u00fcn T\u00fcrkiye\u2019yi olumsuz etkilemi\u015ftir. B\u00f6lgedeki tar\u0131msal \u00fcretim de\u011ferinin azalmas\u0131 ve \u00e7ift\u00e7ilerin tar\u0131msal \u00fcretimden d\u00fc\u015fmesi b\u00fct\u00fcn T\u00fcrkiye\u2019nin tar\u0131msal \u00fcretimini olumsuz etkileyecektir. B\u00f6lgedeki tar\u0131msal \u00fcretimin desteklenmesi amac\u0131yla kapsaml\u0131 tar\u0131m politikalar\u0131n\u0131n olu\u015fturulmas\u0131 ve uygulanmas\u0131 sadece deprem b\u00f6lgesinin de\u011fil ayn\u0131 zamanda b\u00fct\u00fcn T\u00fcrkiye\u2019nin tar\u0131msal geli\u015fimine katk\u0131 sunacakt\u0131r. <\/p>\n","protected":false},"excerpt":{"rendered":"<p>HDP Mersin Milletvekili, Ekonomi ve Tar\u0131m Politikalar\u0131ndan Sorumlu E\u015f Genel Ba\u015fkan Yard\u0131mc\u0131s\u0131 Dr. R\u0131dvan Turan, deprem b\u00f6lgesinde \u00e7ift\u00e7ilerin kay\u0131plar\u0131n\u0131n kar\u015f\u0131lanmas\u0131n\u0131 meclis g\u00fcndemine ta\u015f\u0131d\u0131. R\u0131dvan Turan, konuyla ilgili TBMM Ba\u015fkanl\u0131\u011f\u0131na bir &hellip; <a href=\"https:\/\/akdenizolaygazetesi.com\/?p=24463\" class=\"more-link\">Devam\u0131n\u0131 Oku&#8230;<\/a><\/p>\n","protected":false},"author":2,"featured_media":24464,"comment_status":"open","ping_status":"open","sticky":false,"template":"","format":"standard","meta":[],"categories":[3],"tags":[],"_links":{"self":[{"href":"https:\/\/akdenizolaygazetesi.com\/index.php?rest_route=\/wp\/v2\/posts\/24463"}],"collection":[{"href":"https:\/\/akdenizolaygazetesi.com\/index.php?rest_route=\/wp\/v2\/posts"}],"about":[{"href":"https:\/\/akdenizolaygazetesi.com\/index.php?rest_route=\/wp\/v2\/types\/post"}],"author":[{"embeddable":true,"href":"https:\/\/akdenizolaygazetesi.com\/index.php?rest_route=\/wp\/v2\/users\/2"}],"replies":[{"embeddable":true,"href":"https:\/\/akdenizolaygazetesi.com\/index.php?rest_route=%2Fwp%2Fv2%2Fcomments&post=24463"}],"version-history":[{"count":1,"href":"https:\/\/akdenizolaygazetesi.com\/index.php?rest_route=\/wp\/v2\/posts\/24463\/revisions"}],"predecessor-version":[{"id":24465,"href":"https:\/\/akdenizolaygazetesi.com\/index.php?rest_route=\/wp\/v2\/posts\/24463\/revisions\/24465"}],"wp:featuredmedia":[{"embeddable":true,"href":"https:\/\/akdenizolaygazetesi.com\/index.php?rest_route=\/wp\/v2\/media\/24464"}],"wp:attachment":[{"href":"https:\/\/akdenizolaygazetesi.com\/index.php?rest_route=%2Fwp%2Fv2%2Fmedia&parent=24463"}],"wp:term":[{"taxonomy":"category","embeddable":true,"href":"https:\/\/akdenizolaygazetesi.com\/index.php?rest_route=%2Fwp%2Fv2%2Fcategories&post=24463"},{"taxonomy":"post_tag","embeddable":true,"href":"https:\/\/akdenizolaygazetesi.com\/index.php?rest_route=%2Fwp%2Fv2%2Ftags&post=24463"}],"curies":[{"name":"wp","href":"https:\/\/api.w.org\/{rel}","templated":true}]}}