{"id":24467,"date":"2023-03-03T13:28:57","date_gmt":"2023-03-03T10:28:57","guid":{"rendered":"http:\/\/akdenizolaygazetesi.com\/?p=24467"},"modified":"2023-03-03T13:28:57","modified_gmt":"2023-03-03T10:28:57","slug":"baskan-secer-istanbul-buyuksehir-belediyesinin-deprem-seferberlik-plani-toplantisina-katildi","status":"publish","type":"post","link":"https:\/\/akdenizolaygazetesi.com\/?p=24467","title":{"rendered":"BA\u015eKAN SE\u00c7ER, \u0130STANBUL B\u00dcY\u00dcK\u015eEH\u0130R BELED\u0130YES\u0130&#8217;N\u0130N DEPREM SEFERBERL\u0130K PLANI TOPLANTISI&#8217;NA KATILDI"},"content":{"rendered":"<p>Mersin B\u00fcy\u00fck\u015fehir Belediye Ba\u015fkan\u0131 Vahap Se\u00e7er, ya\u015fanan depremin ard\u0131ndan \u0130stanbul B\u00fcy\u00fck\u015fehir Belediyesi&#8217;nin olas\u0131 bir depreme kar\u015f\u0131 haz\u0131rlad\u0131\u011f\u0131 \u0130stanbul Deprem Seferberlik Plan\u0131n\u0131 a\u00e7\u0131klad\u0131\u011f\u0131 toplant\u0131ya kat\u0131ld\u0131. Toplant\u0131da \u0130stanbul B\u00fcy\u00fck\u015fehir Belediyesi taraf\u0131ndan \u0130stanbul&#8217;un depreme diren\u00e7li bir kent haline getirilmesi amac\u0131yla &#8216;Deprem Bilim \u00dcst Kurulu&#8217;nun \u00f6nerileri, tespitleri ve \u00e7\u00f6z\u00fcm yollar\u0131 do\u011frultusunda ba\u015flatt\u0131\u011f\u0131 seferberlik plan\u0131n\u0131 kamuoyu ile payla\u015f\u0131ld\u0131.<br \/>\nToplant\u0131ya; Ba\u015fkan Se\u00e7er&#8217;in yan\u0131 s\u0131ra Cumhuriyet Halk Partisi (CHP) Genel Sekreter Yard\u0131mc\u0131lar\u0131 Seyit Torun, G\u00f6k\u00e7e G\u00f6k\u00e7en, \u0130stanbul B\u00fcy\u00fck\u015fehir Belediye Ba\u015fkan\u0131 Ekrem \u0130mamo\u011flu, Adana B\u00fcy\u00fck\u015fehir Belediye Ba\u015fkan\u0131 Zeydan Karalar,  aralar\u0131nda Prof. Dr. Naci G\u00f6r\u00fcr, Prof. Dr. Celal \u015eeng\u00f6r ve Prof. Dr. Haluk Eyido\u011fan gibi \u00fclkenin \u00f6nde gelen yer bilimcilerinin yer ald\u0131\u011f\u0131 uzmanlar kat\u0131ld\u0131.<br \/>\n&#8220;Depremi T\u00fcrkiye&#8217;nin birincil sorunu kabul etmeliyiz&#8221;<br \/>\nToplant\u0131da konu\u015fan \u0130mamo\u011flu, \u0130stanbul i\u00e7in deprem konusunda seferberlik ba\u015flatt\u0131klar\u0131n\u0131 belirten \u0130stanbul B\u00fcy\u00fck\u015fehir Belediye Ba\u015fkan\u0131 Ekrem \u0130mamo\u011flu, &#8220;\u0130stanbul B\u00fcy\u00fck\u015fehir Belediyesi olarak g\u00fc\u00e7l\u00fc bir inisiyatif al\u0131yoruz, d\u00fczeni de\u011fi\u015ftiriyoruz. Deprem ve afetlere kar\u015f\u0131 bu kadim \u015fehri diren\u00e7li bir kent haline getirmek i\u00e7in her \u015feyi tekrardan, s\u0131f\u0131rdan ba\u015flat\u0131yoruz. E\u011fer bu topraklarda durmadan depremler oluyor, binalar y\u0131k\u0131l\u0131yor, insanlar\u0131m\u0131z \u00f6l\u00fcyorsa; iktidar\u0131, muhalefeti, b\u00fcrokrat\u0131 ve vatanda\u015f\u0131yla birlikte hepimiz, depremi T\u00fcrkiye&#8217;nin birincil sorunu kabul etmeliyiz&#8221; dedi.<br \/>\nBa\u015fkan \u0130mamo\u011flu&#8217;nun a\u00e7\u0131l\u0131\u015f konu\u015fmas\u0131n\u0131n ard\u0131ndan \u0130stanbul B\u00fcy\u00fck\u015fehir Belediyesi b\u00fcrokratlar\u0131 da s\u00f6z alarak, sorumluluk alanlar\u0131yla ilgili \u00e7al\u0131\u015fmalar\u0131 kapsayan sunumlar yapt\u0131. 5 madde alt\u0131nda de\u011ferlendirilerek haz\u0131rlanan \u0130stanbul Deprem Seferberlik Plan\u0131; afet odakl\u0131 kentsel d\u00f6n\u00fc\u015f\u00fcm \u00e7al\u0131\u015fmalar\u0131, mevcut altyap\u0131 ve ula\u015f\u0131m a\u011f\u0131n\u0131n afetlere dayan\u0131kl\u0131 hale getirilmesi, sismik ve yer bilimleri \u00e7al\u0131\u015fmalar\u0131, afet sonras\u0131 toplanma\/bar\u0131nma alanlar\u0131 ve afet odakl\u0131 e\u011fitim ve kapasite geli\u015ftirme ba\u015fl\u0131klar\u0131ndan olu\u015ftu.<br \/>\nMersin B\u00fcy\u00fck\u015fehir, kentte bug\u00fcne kadar g\u00f6z ard\u0131 edilen depremle ilgili t\u00fcm \u00e7al\u0131\u015fmalar\u0131 ba\u015flatt\u0131<br \/>\nToplant\u0131ya kat\u0131lan Ba\u015fkan Se\u00e7er, toplant\u0131n\u0131n; \u0130stanbul B\u00fcy\u00fck\u015fehir Belediyesi&#8217;nin bilim insanlar\u0131 ve uzmanlarla yapt\u0131\u011f\u0131 \u00f6nemli bir \u00e7al\u0131\u015fma oldu\u011funu belirtti.<br \/>\nMersin&#8217;de kararl\u0131 ad\u0131mlar at\u0131l\u0131yor<br \/>\nYa\u015fanan b\u00fcy\u00fck afetin ard\u0131ndan, Mersin B\u00fcy\u00fck\u015fehir Belediye Ba\u015fkan\u0131 Vahap Se\u00e7er&#8217;in \u00f6nc\u00fcl\u00fc\u011f\u00fcnde Mersin&#8217;de bug\u00fcne kadar g\u00f6z ard\u0131 edilen deprem ile ilgili \u00e7al\u0131\u015fmalar ba\u015flat\u0131ld\u0131 ve \u00e7al\u0131\u015fmalar kararl\u0131l\u0131kla s\u00fcrd\u00fcr\u00fcl\u00fcyor. Bug\u00fcne kadar \u00e7e\u015fitli gerek\u00e7elerle ba\u015flat\u0131lmam\u0131\u015f ve at\u0131lamam\u0131\u015f ad\u0131mlar belirlenerek, gerekli \u00e7al\u0131\u015fmalar\u0131 ba\u015flatma karar\u0131 alan Mersin B\u00fcy\u00fck\u015fehir Belediyesi, \u00f6ncelikli olarak deprem risk y\u00f6netimi ve kentsel iyile\u015ftirmeyle ilgili bir daire ba\u015fkanl\u0131\u011f\u0131 kurma karar\u0131 ald\u0131. Mersin B\u00fcy\u00fck\u015fehir Belediyesi Mart Ay\u0131 ola\u011fan toplant\u0131s\u0131nda g\u00fcndeme gelecek olan kararla birlikte Deprem Risk Y\u00f6netimi ve Kentsel \u0130yile\u015ftirme Daire Ba\u015fkanl\u0131\u011f\u0131 kurulmas\u0131 i\u00e7in hukuki ad\u0131mlar at\u0131lacak. Ayr\u0131ca, yine bu kapsamda &#8220;Afet ve Acil Durum Eylem Plan\u0131&#8221; \u00e7al\u0131\u015fmalar\u0131 ba\u015flat\u0131ld\u0131. Belediye b\u00fcrokratlar\u0131ndan olu\u015fan teknik bir heyet de \u0130stanbul B\u00fcy\u00fck\u015fehir Belediyesi&#8217;nin daveti \u00fczerine, Deprem Bilim \u00dcst Kurulu Toplant\u0131s\u0131&#8217;na kat\u0131ld\u0131.<\/p>\n","protected":false},"excerpt":{"rendered":"<p>Mersin B\u00fcy\u00fck\u015fehir Belediye Ba\u015fkan\u0131 Vahap Se\u00e7er, ya\u015fanan depremin ard\u0131ndan \u0130stanbul B\u00fcy\u00fck\u015fehir Belediyesi&#8217;nin olas\u0131 bir depreme kar\u015f\u0131 haz\u0131rlad\u0131\u011f\u0131 \u0130stanbul Deprem Seferberlik Plan\u0131n\u0131 a\u00e7\u0131klad\u0131\u011f\u0131 toplant\u0131ya kat\u0131ld\u0131. Toplant\u0131da \u0130stanbul B\u00fcy\u00fck\u015fehir Belediyesi taraf\u0131ndan \u0130stanbul&#8217;un &hellip; <a href=\"https:\/\/akdenizolaygazetesi.com\/?p=24467\" class=\"more-link\">Devam\u0131n\u0131 Oku&#8230;<\/a><\/p>\n","protected":false},"author":2,"featured_media":24468,"comment_status":"open","ping_status":"open","sticky":false,"template":"","format":"standard","meta":[],"categories":[2,3],"tags":[],"_links":{"self":[{"href":"https:\/\/akdenizolaygazetesi.com\/index.php?rest_route=\/wp\/v2\/posts\/24467"}],"collection":[{"href":"https:\/\/akdenizolaygazetesi.com\/index.php?rest_route=\/wp\/v2\/posts"}],"about":[{"href":"https:\/\/akdenizolaygazetesi.com\/index.php?rest_route=\/wp\/v2\/types\/post"}],"author":[{"embeddable":true,"href":"https:\/\/akdenizolaygazetesi.com\/index.php?rest_route=\/wp\/v2\/users\/2"}],"replies":[{"embeddable":true,"href":"https:\/\/akdenizolaygazetesi.com\/index.php?rest_route=%2Fwp%2Fv2%2Fcomments&post=24467"}],"version-history":[{"count":1,"href":"https:\/\/akdenizolaygazetesi.com\/index.php?rest_route=\/wp\/v2\/posts\/24467\/revisions"}],"predecessor-version":[{"id":24469,"href":"https:\/\/akdenizolaygazetesi.com\/index.php?rest_route=\/wp\/v2\/posts\/24467\/revisions\/24469"}],"wp:featuredmedia":[{"embeddable":true,"href":"https:\/\/akdenizolaygazetesi.com\/index.php?rest_route=\/wp\/v2\/media\/24468"}],"wp:attachment":[{"href":"https:\/\/akdenizolaygazetesi.com\/index.php?rest_route=%2Fwp%2Fv2%2Fmedia&parent=24467"}],"wp:term":[{"taxonomy":"category","embeddable":true,"href":"https:\/\/akdenizolaygazetesi.com\/index.php?rest_route=%2Fwp%2Fv2%2Fcategories&post=24467"},{"taxonomy":"post_tag","embeddable":true,"href":"https:\/\/akdenizolaygazetesi.com\/index.php?rest_route=%2Fwp%2Fv2%2Ftags&post=24467"}],"curies":[{"name":"wp","href":"https:\/\/api.w.org\/{rel}","templated":true}]}}