{"id":24470,"date":"2023-03-03T13:30:10","date_gmt":"2023-03-03T10:30:10","guid":{"rendered":"http:\/\/akdenizolaygazetesi.com\/?p=24470"},"modified":"2023-03-03T13:30:10","modified_gmt":"2023-03-03T10:30:10","slug":"buyuksehir-deprem-bolgelerinden-gelen-ogrenciler-icin-harekete-gecti","status":"publish","type":"post","link":"https:\/\/akdenizolaygazetesi.com\/?p=24470","title":{"rendered":"B\u00dcY\u00dcK\u015eEH\u0130R DEPREM B\u00d6LGELER\u0130NDEN GELEN \u00d6\u011eRENC\u0130LER \u0130\u00c7\u0130N HAREKETE GE\u00c7T\u0130"},"content":{"rendered":"<p>Mersin&#8217;deki \u00f6\u011frencilere y\u00f6nelik e\u011fitim desteklerini s\u00fcrd\u00fcren ve e\u011fitimde f\u0131rsat e\u015fitli\u011fi sa\u011flayan ad\u0131mlar atan Mersin B\u00fcy\u00fck\u015fehir Belediyesi, bu kez de deprem b\u00f6lgelerinden kente gelen ve okullarda e\u011fitim g\u00f6rmeye ba\u015flayan \u00f6\u011frenciler i\u00e7in harekete ge\u00e7ti. B\u00fcy\u00fck\u015fehir Belediyesi Sosyal Hizmetler Dairesi Ba\u015fkanl\u0131\u011f\u0131, Mersin&#8217;deki okullara naklini ald\u0131ran ve burada e\u011fitim \u00f6\u011fretime devam eden \u00f6\u011frencilere y\u00f6nelik k\u0131rtasiye malzemesi deste\u011fi ba\u015flatt\u0131. \u00d6\u011frencilerin derslerde ihtiya\u00e7lar\u0131 olacak kalem, silgi, defter, boya, cetvel gibi temel k\u0131rtasiye malzemelerinin yer ald\u0131\u011f\u0131 bir \u00e7anta haz\u0131rlayan ekipler, bu \u00e7antalar\u0131 okullara g\u00f6ndererek \u00f6\u011frencilerin y\u00fczlerini g\u00fcld\u00fcrd\u00fc.<br \/>\nDa\u011f\u0131t\u0131mlar, ilkokul, ortaokul ve lise olmak \u00fczere 3 b\u00f6l\u00fcmde tamamlanacak<br \/>\nSosyal Hizmetler Dairesi Ba\u015fkanl\u0131\u011f\u0131&#8217;na ba\u011fl\u0131 E\u011fitim Hizmetleri \u015eube M\u00fcd\u00fcr\u00fc Cem Karaku\u015f, B\u00fcy\u00fck\u015fehir olarak kente gelen depremzedelerin her alanda yanlar\u0131nda olmaya \u00e7al\u0131\u015ft\u0131klar\u0131n\u0131 belirterek, &#8220;Ya\u015fanan deprem felaketinden sonra ilk olarak deprem b\u00f6lgesinden gelen vatanda\u015flar\u0131m\u0131za temel ihtiya\u00e7lar\u0131n\u0131 kar\u015f\u0131lamaya y\u00f6nelik \u00e7al\u0131\u015fmalarda bulunmu\u015ftuk. Onun ard\u0131ndan psikososyal alanda destekte bulunduk. S\u0131nava haz\u0131rlanan \u00f6\u011frencilerimiz de bizim 10 il\u00e7emizde 18 kurs merkezimizde \u015fu anda 172 \u00f6\u011frencimizi s\u0131nava haz\u0131rl\u0131yoruz. Bunlar\u0131n yan\u0131nda \u015fimdi de ilimize gelen ve nakil i\u015flemlerini tamamlam\u0131\u015f \u00f6\u011frencilerimize k\u0131rtasiye deste\u011finde bulunaca\u011f\u0131z. Bunun i\u00e7in \u0130l\u00e7e Milli E\u011fitim M\u00fcd\u00fcrl\u00fckleriyle g\u00f6r\u00fc\u015ft\u00fck ve say\u0131lar\u0131 tespit ettik. Bunlar\u0131 ilkokul, ortaokul ve lise d\u00fczeyinde \u00fc\u00e7 b\u00f6l\u00fcme ay\u0131rarak da\u011f\u0131t\u0131mlar\u0131m\u0131z\u0131 tamamlayaca\u011f\u0131z&#8221; dedi.<br \/>\n&#8220;Mersin&#8217;e nakillerini alan \u00f6\u011frenci say\u0131lar\u0131m\u0131z\u0131 tespit ettik&#8221;<br \/>\nK\u0131rtasiye malzemesi deste\u011fi almak isteyen \u00f6\u011frencilerin herhangi bir ba\u015fvuru yapmas\u0131na gerek olmad\u0131\u011f\u0131n\u0131, B\u00fcy\u00fck\u015fehir&#8217;in bu konuda koordineli \u00e7al\u0131\u015farak her \u00f6\u011frenciyi tespit etmeye \u00e7al\u0131\u015ft\u0131\u011f\u0131n\u0131 vurgulayan Karaku\u015f, &#8220;\u0130l\u00e7e Milli E\u011fitim M\u00fcd\u00fcrl\u00fckleriyle g\u00f6r\u00fc\u015ferek deprem b\u00f6lgesinden Mersin&#8217;imize nakillerini alan \u00f6\u011frenci say\u0131lar\u0131m\u0131z\u0131 tespit etmi\u015ftik ve hi\u00e7bir ba\u015fvuruya gerek kalmadan bizler direkt okullarda \u00f6\u011frencilerimize da\u011f\u0131t\u0131mlar\u0131n\u0131 ger\u00e7ekle\u015ftirece\u011fiz&#8221; ifadelerine yer verdi.<br \/>\n&#8220;\u00d6\u011frencilerin ihtiya\u00e7 duydu\u011fu ara\u00e7 gere\u00e7leri temin etmeye \u00e7al\u0131\u015f\u0131yoruz&#8221;<br \/>\nB\u00fcy\u00fck\u015fehir&#8217;in deprem b\u00f6lgelerinden kente gelen vatanda\u015flara y\u00f6nelik hizmetleri s\u00fcrd\u00fcrece\u011fini s\u00f6yleyen Karaku\u015f, &#8220;Mersin B\u00fcy\u00fck\u015fehir Belediyesi olarak \u00f6\u011frencilerimizin sadece s\u0131navlarda yanlar\u0131nda olmuyoruz. S\u0131nav\u0131n yan\u0131nda psikososyal alanda da desteklerimizi sunuyoruz. Gerekli olan ara\u00e7 gere\u00e7lerini de temin etmeye \u00e7al\u0131\u015f\u0131yoruz&#8221; \u015feklinde konu\u015ftu.<\/p>\n","protected":false},"excerpt":{"rendered":"<p>Mersin&#8217;deki \u00f6\u011frencilere y\u00f6nelik e\u011fitim desteklerini s\u00fcrd\u00fcren ve e\u011fitimde f\u0131rsat e\u015fitli\u011fi sa\u011flayan ad\u0131mlar atan Mersin B\u00fcy\u00fck\u015fehir Belediyesi, bu kez de deprem b\u00f6lgelerinden kente gelen ve okullarda e\u011fitim g\u00f6rmeye ba\u015flayan \u00f6\u011frenciler i\u00e7in &hellip; <a href=\"https:\/\/akdenizolaygazetesi.com\/?p=24470\" class=\"more-link\">Devam\u0131n\u0131 Oku&#8230;<\/a><\/p>\n","protected":false},"author":2,"featured_media":24471,"comment_status":"open","ping_status":"open","sticky":false,"template":"","format":"standard","meta":[],"categories":[1,3],"tags":[],"_links":{"self":[{"href":"https:\/\/akdenizolaygazetesi.com\/index.php?rest_route=\/wp\/v2\/posts\/24470"}],"collection":[{"href":"https:\/\/akdenizolaygazetesi.com\/index.php?rest_route=\/wp\/v2\/posts"}],"about":[{"href":"https:\/\/akdenizolaygazetesi.com\/index.php?rest_route=\/wp\/v2\/types\/post"}],"author":[{"embeddable":true,"href":"https:\/\/akdenizolaygazetesi.com\/index.php?rest_route=\/wp\/v2\/users\/2"}],"replies":[{"embeddable":true,"href":"https:\/\/akdenizolaygazetesi.com\/index.php?rest_route=%2Fwp%2Fv2%2Fcomments&post=24470"}],"version-history":[{"count":1,"href":"https:\/\/akdenizolaygazetesi.com\/index.php?rest_route=\/wp\/v2\/posts\/24470\/revisions"}],"predecessor-version":[{"id":24472,"href":"https:\/\/akdenizolaygazetesi.com\/index.php?rest_route=\/wp\/v2\/posts\/24470\/revisions\/24472"}],"wp:featuredmedia":[{"embeddable":true,"href":"https:\/\/akdenizolaygazetesi.com\/index.php?rest_route=\/wp\/v2\/media\/24471"}],"wp:attachment":[{"href":"https:\/\/akdenizolaygazetesi.com\/index.php?rest_route=%2Fwp%2Fv2%2Fmedia&parent=24470"}],"wp:term":[{"taxonomy":"category","embeddable":true,"href":"https:\/\/akdenizolaygazetesi.com\/index.php?rest_route=%2Fwp%2Fv2%2Fcategories&post=24470"},{"taxonomy":"post_tag","embeddable":true,"href":"https:\/\/akdenizolaygazetesi.com\/index.php?rest_route=%2Fwp%2Fv2%2Ftags&post=24470"}],"curies":[{"name":"wp","href":"https:\/\/api.w.org\/{rel}","templated":true}]}}