{"id":24476,"date":"2023-03-03T13:33:08","date_gmt":"2023-03-03T10:33:08","guid":{"rendered":"http:\/\/akdenizolaygazetesi.com\/?p=24476"},"modified":"2023-03-03T13:33:08","modified_gmt":"2023-03-03T10:33:08","slug":"kariyer-merkezi-mersin-is-dunyasi-icin-calisiyor","status":"publish","type":"post","link":"https:\/\/akdenizolaygazetesi.com\/?p=24476","title":{"rendered":"KAR\u0130YER MERKEZ\u0130 MERS\u0130N \u0130\u015e D\u00dcNYASI \u0130\u00c7\u0130N \u00c7ALI\u015eIYOR"},"content":{"rendered":"<p>Mersin B\u00fcy\u00fck\u015fehir Belediyesi Kariyer Merkezi M\u00fcd\u00fcrl\u00fc\u011f\u00fc \u00f6nc\u00fcl\u00fc\u011f\u00fcnde olu\u015fturulan ve Mersin&#8217;in i\u015f d\u00fcnyas\u0131n\u0131n \u00f6nemli akt\u00f6rlerini bar\u0131nd\u0131ran \u0130\u015fg\u00fcc\u00fc Piyasas\u0131 Koordinasyon Kurulu, yeni bir yol haritas\u0131 i\u00e7in topland\u0131. Serbest k\u00fcrs\u00fc \u00e7al\u0131\u015fmas\u0131n\u0131n da yap\u0131ld\u0131\u011f\u0131 toplant\u0131da ya\u015fanan deprem felaketi sonras\u0131 \u00e7evre illerden Mersin&#8217;e ya\u015fanan g\u00f6\u00e7, konut, altyap\u0131, sa\u011fl\u0131k, i\u00e7me suyu gibi konular\u0131n yan\u0131nda insan kayna\u011f\u0131 konusuna da dikkat \u00e7ekildi.<br \/>\nKariyer Merkezi hizmetlerini sahan\u0131n ihtiya\u00e7lar\u0131na g\u00f6re planl\u0131yor<br \/>\nMersin B\u00fcy\u00fck\u015fehir Belediyesi Kariyer Merkezi M\u00fcd\u00fcr\u00fc Serkan \u00d6zada; Kariyer Merkezi&#8217;nin daha kuruldu\u011fu ilk g\u00fcnlerde \u0130\u015fg\u00fcc\u00fc Piyasas\u0131 Koordinasyon Kurulu fikrini hayata ge\u00e7irdi\u011fini, sunulan hizmet programlar\u0131n\u0131n da sahan\u0131n ihtiya\u00e7lar\u0131na uygun olarak planland\u0131\u011f\u0131n\u0131n alt\u0131n\u0131 \u00e7izdi.<br \/>\nMersin \u00c7al\u0131\u015fma ve \u0130\u015f Kurumu \u0130l M\u00fcd\u00fcrl\u00fc\u011f\u00fc ile i\u015f arayan ve i\u015fverenlere, \u0130\u015eKUR hizmetlerinin sunumuna y\u00f6nelik, \u0130l Milli E\u011fitim M\u00fcd\u00fcrl\u00fc\u011f\u00fc ile mesleki sertifikasyon programlar\u0131n\u0131n a\u00e7\u0131lmas\u0131na y\u00f6nelik protokollerle i\u015f arayanlar\u0131n, gen\u00e7lerin ve adaylar\u0131n meslek kazanmas\u0131 ve istihdam edilebilirliklerine katk\u0131 sunulmas\u0131n\u0131n hedeflendi\u011fi belirtildi.<br \/>\nKariyer Merkezi&#8217;nin en \u00f6nemli hedef kitlelerinden birini de i\u015fverenlerin olu\u015fturdu\u011funu belirten \u00d6zada; i\u015fverenlere ve profesyonel y\u00f6neticilere y\u00f6nelik kurumsal ve ki\u015fisel e\u011fitimler, personel ihtiya\u00e7lar\u0131na y\u00f6nelik sunulan m\u00fclakat sim\u00fclasyonlar\u0131 ve dan\u0131\u015fmanl\u0131k hizmetinin \u00f6nemine de\u011findi.<br \/>\nKariyer Merkezinin Gelecek Projelerinden de bahseden \u00d6zada; &#8216;Online Kariyer Platformu, Online E\u011fitimler,  Kariyer Mersin&#8217; gibi projelere 2023 d\u00f6neminde a\u011f\u0131rl\u0131k vereceklerini s\u00f6yledi.<br \/>\nMersin&#8217;in ortak ak\u0131l ile y\u00fcr\u00fctece\u011fi yeni bir yol haritas\u0131na ihtiyac\u0131 var<br \/>\nMersin B\u00fcy\u00fck\u015fehir Belediyesi Kariyer Merkezi Serkan \u00d6zada&#8217;n\u0131n ger\u00e7ekle\u015ftirdi\u011fi sunum sonras\u0131nda serbest k\u00fcrs\u00fc \u00e7al\u0131\u015fmas\u0131 yap\u0131ld\u0131. Serbest K\u00fcrs\u00fc \u00e7al\u0131\u015fmas\u0131nda Kurul \u00fcyelerinin g\u00fcndemini ya\u015fanan deprem felaketi sonras\u0131 \u00e7evre illerden Mersin&#8217;e ya\u015fanan g\u00f6\u00e7 olu\u015fturdu.<br \/>\nSerbest K\u00fcrs\u00fc \u00e7al\u0131\u015fmas\u0131nda; Mersin \u00dcniversitesi \u00c7al\u0131\u015fma Ekonomisi ve End\u00fcstri \u0130li\u015fkileri B\u00f6l\u00fcm\u00fc \u00d6\u011fretim \u00dcyesi Prof. Dr. H\u00fcseyin Mualla Y\u00fcceoL, Toros \u00dcniversitesi Uluslararas\u0131 Ticaret ve Lojistik B\u00f6l\u00fcm\u00fc \u00d6\u011fretim \u00dcyesi Prof. Dr. K\u00f6ksal Haz\u0131r, Mersin Ticaret ve Sanayi Odas\u0131 Y\u00f6netim Kurulu Ba\u015fkan Dan\u0131\u015fman\u0131 Ercan Ak\u0131n,  Giri\u015fimci \u0130\u015f Kad\u0131nlar\u0131 Derne\u011fi Y\u00f6netim Kurulu Ba\u015fkan\u0131 M\u00fcrvet Beyda\u011f\u0131, Mersin Perakendeci \u0130\u015f Adamlar\u0131 Derne\u011fi Y\u00f6netim Kurulu Ba\u015fkan\u0131 \u00d6zcan Demir, T\u00fcrkiye Odalar ve Borsalar Birli\u011fi (TOBB) Mersin Gen\u00e7 Giri\u015fimciler Y\u00f6netim Kurulu Ba\u015fkan\u0131 Osman Kiper,  Akdeniz A\u011fa\u00e7 ve Orman \u00dcr\u00fcnleri \u00dcreticileri Derne\u011fi Y\u00f6netim Kurulu Ba\u015fkan\u0131 Tar\u0131k Ci\u011fer,  Mersin \u00dcniversitesi S\u00fcrekli E\u011fitim M\u00fcd\u00fcr\u00fc Prof. Dr. \u0130lhan Ege, Giri\u015fimci \u0130nsan Kaynaklar\u0131 Derne\u011fi Proje Koordinat\u00f6r\u00fc Umut O\u011fur g\u00f6r\u00fc\u015flerini aktard\u0131.<br \/>\nMersin B\u00fcy\u00fck\u015fehir Belediyesi Kariyer Merkezinin Kariyer Mersin Projesinde  i\u015f birli\u011fine haz\u0131r olduklar\u0131n\u0131 belirten \u00fcyeler; Kahramanmara\u015f merkezli meydana gelen depremler sonras\u0131nda depremden etkilenen illerden yo\u011fun olarak g\u00f6\u00e7 alan Mersin&#8217;de  konut, altyap\u0131, sa\u011fl\u0131k, i\u00e7me suyu gibi konular\u0131n yan\u0131nda insan kayna\u011f\u0131 konusuna da dikkat \u00e7ekti. \u0130nsan kayna\u011f\u0131 konusunda kent dinamikleri olarak s\u00fcrecin daha y\u00f6netilebilir olmas\u0131 a\u00e7\u0131s\u0131ndan kurumlar aras\u0131 i\u015f birli\u011finin \u00f6nemine vurgu yap\u0131ld\u0131.<\/p>\n<p>Kentin insan kaynaklar\u0131 alan\u0131na katk\u0131 sa\u011flayacak Kariyer Mersin \u00c7al\u0131\u015ftay\u0131 yap\u0131lacak<\/p>\n<p>\u0130\u015fg\u00fcc\u00fc Piyasas\u0131 Koordinasyon Kurulu Toplant\u0131s\u0131&#8217;nda \u00fcyelerin ortak g\u00f6r\u00fc\u015f\u00fc olarak \u00f6n\u00fcm\u00fczde ki s\u00fcre\u00e7te \u0130nsan Kaynaklar\u0131, Mesleki E\u011fitim, \u0130stihdam, Giri\u015fimcilik gibi konular\u0131 i\u00e7eren Kariyer Mersin \u00c7al\u0131\u015ftay\u0131 yap\u0131larak kentin dinamikleri aras\u0131nda var olan ileti\u015fimin en \u00fcst seviyeye \u00e7\u0131kar\u0131lmas\u0131 hedefleniyor.<\/p>\n","protected":false},"excerpt":{"rendered":"<p>Mersin B\u00fcy\u00fck\u015fehir Belediyesi Kariyer Merkezi M\u00fcd\u00fcrl\u00fc\u011f\u00fc \u00f6nc\u00fcl\u00fc\u011f\u00fcnde olu\u015fturulan ve Mersin&#8217;in i\u015f d\u00fcnyas\u0131n\u0131n \u00f6nemli akt\u00f6rlerini bar\u0131nd\u0131ran \u0130\u015fg\u00fcc\u00fc Piyasas\u0131 Koordinasyon Kurulu, yeni bir yol haritas\u0131 i\u00e7in topland\u0131. Serbest k\u00fcrs\u00fc \u00e7al\u0131\u015fmas\u0131n\u0131n da yap\u0131ld\u0131\u011f\u0131 &hellip; <a href=\"https:\/\/akdenizolaygazetesi.com\/?p=24476\" class=\"more-link\">Devam\u0131n\u0131 Oku&#8230;<\/a><\/p>\n","protected":false},"author":2,"featured_media":24477,"comment_status":"open","ping_status":"open","sticky":false,"template":"","format":"standard","meta":[],"categories":[8,2,3],"tags":[],"_links":{"self":[{"href":"https:\/\/akdenizolaygazetesi.com\/index.php?rest_route=\/wp\/v2\/posts\/24476"}],"collection":[{"href":"https:\/\/akdenizolaygazetesi.com\/index.php?rest_route=\/wp\/v2\/posts"}],"about":[{"href":"https:\/\/akdenizolaygazetesi.com\/index.php?rest_route=\/wp\/v2\/types\/post"}],"author":[{"embeddable":true,"href":"https:\/\/akdenizolaygazetesi.com\/index.php?rest_route=\/wp\/v2\/users\/2"}],"replies":[{"embeddable":true,"href":"https:\/\/akdenizolaygazetesi.com\/index.php?rest_route=%2Fwp%2Fv2%2Fcomments&post=24476"}],"version-history":[{"count":1,"href":"https:\/\/akdenizolaygazetesi.com\/index.php?rest_route=\/wp\/v2\/posts\/24476\/revisions"}],"predecessor-version":[{"id":24478,"href":"https:\/\/akdenizolaygazetesi.com\/index.php?rest_route=\/wp\/v2\/posts\/24476\/revisions\/24478"}],"wp:featuredmedia":[{"embeddable":true,"href":"https:\/\/akdenizolaygazetesi.com\/index.php?rest_route=\/wp\/v2\/media\/24477"}],"wp:attachment":[{"href":"https:\/\/akdenizolaygazetesi.com\/index.php?rest_route=%2Fwp%2Fv2%2Fmedia&parent=24476"}],"wp:term":[{"taxonomy":"category","embeddable":true,"href":"https:\/\/akdenizolaygazetesi.com\/index.php?rest_route=%2Fwp%2Fv2%2Fcategories&post=24476"},{"taxonomy":"post_tag","embeddable":true,"href":"https:\/\/akdenizolaygazetesi.com\/index.php?rest_route=%2Fwp%2Fv2%2Ftags&post=24476"}],"curies":[{"name":"wp","href":"https:\/\/api.w.org\/{rel}","templated":true}]}}