{"id":24488,"date":"2023-03-03T16:37:23","date_gmt":"2023-03-03T13:37:23","guid":{"rendered":"http:\/\/akdenizolaygazetesi.com\/?p=24488"},"modified":"2023-03-03T16:37:23","modified_gmt":"2023-03-03T13:37:23","slug":"toroslar-belediye-meclisinde-deprem-konusuldu","status":"publish","type":"post","link":"https:\/\/akdenizolaygazetesi.com\/?p=24488","title":{"rendered":"TOROSLAR BELED\u0130YE MECL\u0130S\u0130&#8217;NDE DEPREM KONU\u015eULDU"},"content":{"rendered":"<p>Toroslar Belediye Meclisi&#8217;nin Mart Ay\u0131 Ola\u011fan Toplant\u0131s\u0131nda konu\u015fan Toroslar Belediye Ba\u015fkan\u0131 Ats\u0131z Af\u015f\u0131n Y\u0131lmaz; &#8220;6 \u015eubat tarihinden bug\u00fcne kadar bir deprem felaketi ya\u015f\u0131yoruz. Ac\u0131lar\u0131m\u0131z, kay\u0131plar\u0131m\u0131z var. 3 ay sonra bunu unutup ba\u015fka bir \u015fey konu\u015fmamam\u0131z gerekiyor. Deprem, \u00fclkemizin bir ger\u00e7e\u011fi. Buna uygun hareket etmek hepimizin g\u00f6revi&#8221; dedi.<\/p>\n<p>Toroslar Belediye Meclisi&#8217;nin Mart Ay\u0131 Toplant\u0131s\u0131, Belediye Ba\u015fkan\u0131 Ats\u0131z Af\u015f\u0131n Y\u0131lmaz ba\u015fkanl\u0131\u011f\u0131nda yap\u0131ld\u0131.<\/p>\n<p>Sayg\u0131 duru\u015fu ve \u0130stiklal Mar\u015f\u0131&#8217;n\u0131n okunmas\u0131n\u0131n ard\u0131ndan ba\u015flayan toplant\u0131da, g\u00fcndem maddeleri g\u00f6r\u00fc\u015f\u00fclerek karara ba\u011fland\u0131.<\/p>\n<p>&#8220;DEVLET\u0130M\u0130Z\u0130N, M\u0130LLET\u0130M\u0130Z\u0130N EL ELE BU S\u00dcREC\u0130 A\u015eMA \u00c7ABASI TAKD\u0130RE \u015eAYAN&#8221;<\/p>\n<p>Ba\u015fkan Y\u0131lmaz, toplant\u0131n\u0131n a\u00e7\u0131l\u0131\u015f\u0131nda bir konu\u015fma yaparak Kahramanmara\u015f merkezli 11 ili vuran deprem felaketinin t\u00fcm \u00fclkeyi yasa bo\u011fdu\u011funu ve ac\u0131s\u0131n\u0131 7&#8217;den 77&#8217;e herkesin y\u00fcre\u011finde hissetti\u011fini s\u00f6yledi.<\/p>\n<p>Depremin ard\u0131ndan t\u00fcm vatanda\u015flar\u0131n tarihi bir kenetlenme g\u00f6sterdi\u011fini dile getiren Ba\u015fkan Y\u0131lmaz;  &#8220;\u00d6zellikle ayn\u0131 g\u00fcn i\u00e7erisinde \u00fcst \u00fcste 7&#8217;den b\u00fcy\u00fck deprem ya\u015fand\u0131. \u00c7ok say\u0131da kay\u0131plar\u0131m\u0131z var. Y\u00fczy\u0131l\u0131n felaketi. Deprem felaketinde hayat\u0131n\u0131 kaybeden vatanda\u015flar\u0131m\u0131za Allah&#8217;tan rahmet, yaral\u0131lar\u0131m\u0131za acil \u015fifalar diliyorum. Kaybetti\u011fimiz vatanda\u015flar\u0131m\u0131z\u0131n yak\u0131nlar\u0131na da ba\u015fsa\u011fl\u0131\u011f\u0131 dileklerimi iletiyorum. Bu s\u00fcre\u00e7te ya\u015fl\u0131s\u0131ndan gencine t\u00fcm vatanda\u015flar\u0131m\u0131z\u0131n b\u00fcy\u00fck dayan\u0131\u015fmas\u0131, devletimizin milletimizin el ele bu s\u00fcreci a\u015fma \u00e7abas\u0131 ve yap\u0131lan \u00e7al\u0131\u015fmalar hakikatten takdire \u015fayan&#8221; diye konu\u015ftu.<\/p>\n<p>G\u00f6n\u00fcll\u00fc vatanda\u015flar\u0131n da deste\u011fiyle deprem b\u00f6lgesine g\u00f6nderdikleri yard\u0131mlardan, il\u00e7ede a\u011f\u0131rlanan depremzedelerin bar\u0131nmas\u0131 ve temel ihtiya\u00e7lar\u0131n\u0131n giderilmesi y\u00f6n\u00fcnde yapt\u0131klar\u0131 \u00e7al\u0131\u015fmalar hakk\u0131nda da bilgiler veren Ba\u015fkan Y\u0131lmaz; &#8220;Toroslar Belediyesi olarak depremin ya\u015fand\u0131\u011f\u0131 6 \u015eubat 4.17 saatinden itibaren teyakkuza ge\u00e7tik. O g\u00fcnden bug\u00fcne kadar deprem b\u00f6lgesindeki \u00e7al\u0131\u015fmalara destek veriyoruz. Ekiplerimiz deprem b\u00f6lgesinde. \u0130lk g\u00fcnlerde arama kurtarma \u00e7al\u0131\u015fmalar\u0131na kat\u0131ld\u0131lar. \u015euanda da enkaz kald\u0131rma \u00e7al\u0131\u015fmalar\u0131 yap\u0131yorlar. Bu s\u00fcre\u00e7te imkanlar\u0131m\u0131z \u00f6l\u00e7\u00fcs\u00fcnde yapt\u0131\u011f\u0131m\u0131z yard\u0131mlar\u0131n yan\u0131 s\u0131ra vatanda\u015flar\u0131m\u0131zdan gelen yard\u0131mlar\u0131 b\u00f6lgeye ula\u015ft\u0131rd\u0131k. Deprem b\u00f6lgesinden il\u00e7emize gelen depremzede vatanda\u015flar\u0131m\u0131z\u0131n ba\u015fta bar\u0131nma olmak \u00fczere temel ihtiya\u00e7lar\u0131n\u0131n kar\u015f\u0131lanmas\u0131 noktas\u0131nda \u00e7al\u0131\u015fma yapt\u0131k. Hem meclis \u00fcyelerimiz hem personelimiz fedakarca \u00e7al\u0131\u015ft\u0131lar. Yunus Emre K\u00fclt\u00fcr Merkezimizde Acil Destek Merkezi olu\u015fturduk. Bir hafta burada uyuyan \u00e7al\u0131\u015fma arkada\u015flar\u0131m\u0131z var. Tarihi bir \u00e7aba ve \u00e7al\u0131\u015fma g\u00f6sterdiler. Kendilerine te\u015fekk\u00fcr ediyoruz. Biz bug\u00fcn i\u00e7in var\u0131z ve bu \u015fekilde \u00e7al\u0131\u015fmaya devam edece\u011fiz. \u0130n\u015fallah bu s\u00fcreci yaralar\u0131 sararak, eksiklerimizi tamamlayarak ve de\u011fi\u015fen dinamiklere uygun uygulamalar yaparak a\u015faca\u011f\u0131z&#8221; ifadelerini kulland\u0131.<\/p>\n<p>Daha sonra g\u00fcndem maddelerine ge\u00e7ildi. Belediye Meclisi \u00c7al\u0131\u015fma Y\u00f6netmeli\u011finin 21. maddesi h\u00fck\u00fcmlerine g\u00f6re, 2023 y\u0131l\u0131 i\u00e7in ihtisas komisyonlar\u0131n\u0131n kurulmas\u0131, \u00fcye say\u0131lar\u0131n\u0131n 5 ve g\u00f6rev s\u00fcrelerinin 1 y\u0131l olarak belirlenmesi oy birli\u011fiyle kabul edildi.<\/p>\n<p>\u0130mar ve \u015eehircilik M\u00fcd\u00fcrl\u00fc\u011f\u00fc&#8217;nden gelen g\u00fcndem maddelerinin de komisyon raporlar\u0131 do\u011frultusunda g\u00f6r\u00fc\u015f\u00fclerek oy birli\u011fiyle kabul edildi\u011fi toplant\u0131da, Nisan ay\u0131nda yap\u0131lacak olan meclis toplant\u0131 g\u00fcn\u00fc, 3 Nisan Pazartesi saat 14.00 olarak belirlendi.<\/p>\n<p> &#8220;\u0130MAR GRUBUMUZ DEPREMDEN \u00d6NCE ZEM\u0130N ET\u00dcD\u00dc \u0130LE \u0130LG\u0130L\u0130 \u00c7ALI\u015eMA BA\u015eLATMI\u015eTI. BU NEREDEN \u00c7IKTI D\u0130YENLER OLDU&#8221;<\/p>\n<p>Toplant\u0131n\u0131n dilek ve temenniler b\u00f6l\u00fcm\u00fcnde de deprem \u00f6ncesinde al\u0131nmas\u0131 gereken tedbirler ve uygulamalar hakk\u0131nda da bilgiler veren Ba\u015fkan Y\u0131lmaz; &#8220;3 ay sonra bunu unutup ba\u015fka bir \u015fey konu\u015fmamal\u0131y\u0131z. T\u00fcrkiye&#8217;nin deprem haritas\u0131n\u0131 da kurumlar\u0131m\u0131za koymam\u0131z gerekiyor. Deprem bizim ger\u00e7e\u011fimiz. Bu ku\u015fak Alpler&#8217;den ba\u015fl\u0131yor, Himayalar&#8217;a kadar gidiyor. Bu ku\u015fak i\u00e7erisindeki ayn\u0131 aktif b\u00f6lge bizim b\u00f6lgemiz. Buna uygun hareket etmek hepimizin g\u00f6revi. Kolay bir s\u00fcre\u00e7 de\u011fil. Toplumun da bunu anlamas\u0131, alg\u0131lamas\u0131 ve buna g\u00f6rev davranmas\u0131 laz\u0131m. Mevcut konut stok durumunun tespiti; hangi binalar sa\u011flam, hangileri de\u011fil ve hangisinde neler yap\u0131lmas\u0131 gerekiyor. \u00c7evre, \u015eehircilik ve \u0130klim De\u011fi\u015fikli\u011fi \u0130l M\u00fcd\u00fcrl\u00fc\u011f\u00fcm\u00fcz bununla ilgili gerekli \u00e7al\u0131\u015fmalar\u0131 yap\u0131yor. \u00d6ncelikle okullarda ve vatanda\u015flar\u0131m\u0131z\u0131n toplu kulland\u0131\u011f\u0131 alanlar ilgili \u00e7al\u0131\u015fmalar ger\u00e7ekle\u015ftiriliyor. Biz de talepler do\u011frultusunda \u00e7al\u0131\u015fmalar yap\u0131yoruz. Binlerce vatanda\u015f\u0131m\u0131z evini, kasabas\u0131n\u0131, k\u00f6y\u00fcn\u00fc, il\u00e7esini terk etmek mecburiyetinde kald\u0131. Ciddi bir konut ihtiyac\u0131 var. Depremin ard\u0131ndan konutlar\u0131n durumunu tespit ederken, bir taraftan da depreme uygun h\u0131zl\u0131 konut \u00fcretiminin sa\u011flanmas\u0131 gerekiyor.  \u0130mar grubumuz, birka\u00e7 ay \u00f6nce zemin et\u00fcd\u00fc ile ilgili uygulama ba\u015flatt\u0131. O zaman deprem yoktu. Sizlerden de arayanlar ve talepte bulunanlar oldu. Ortal\u0131k aya\u011fa kalkt\u0131. Bu nereden \u00e7\u0131kt\u0131 dendi. Mevzuatta da var olan bir durum. Nereden \u00e7\u0131kt\u0131\u011f\u0131n\u0131, niye var oldu\u011funu ya\u015fayarak, g\u00f6rerek ac\u0131 bir \u015fekilde tecr\u00fcbe etmi\u015f olduk. Bunun daha fazlas\u0131n\u0131 yapmak zorunday\u0131z. Ve bu konular\u0131n siyaseten taraflar taraf\u0131ndan birbirine kar\u015f\u0131 kullan\u0131lmamas\u0131 gerekiyor. Bir toplant\u0131 g\u00fcndemi olu\u015fturdum. Bir \u00e7al\u0131\u015fma yap\u0131yoruz ve bu \u00e7al\u0131\u015fmalar\u0131 hep beraber de\u011ferlendirece\u011fiz&#8221; \u015feklinde konu\u015ftu.<\/p>\n","protected":false},"excerpt":{"rendered":"<p>Toroslar Belediye Meclisi&#8217;nin Mart Ay\u0131 Ola\u011fan Toplant\u0131s\u0131nda konu\u015fan Toroslar Belediye Ba\u015fkan\u0131 Ats\u0131z Af\u015f\u0131n Y\u0131lmaz; &#8220;6 \u015eubat tarihinden bug\u00fcne kadar bir deprem felaketi ya\u015f\u0131yoruz. Ac\u0131lar\u0131m\u0131z, kay\u0131plar\u0131m\u0131z var. 3 ay sonra bunu &hellip; <a href=\"https:\/\/akdenizolaygazetesi.com\/?p=24488\" class=\"more-link\">Devam\u0131n\u0131 Oku&#8230;<\/a><\/p>\n","protected":false},"author":2,"featured_media":24489,"comment_status":"open","ping_status":"open","sticky":false,"template":"","format":"standard","meta":[],"categories":[2,3],"tags":[],"_links":{"self":[{"href":"https:\/\/akdenizolaygazetesi.com\/index.php?rest_route=\/wp\/v2\/posts\/24488"}],"collection":[{"href":"https:\/\/akdenizolaygazetesi.com\/index.php?rest_route=\/wp\/v2\/posts"}],"about":[{"href":"https:\/\/akdenizolaygazetesi.com\/index.php?rest_route=\/wp\/v2\/types\/post"}],"author":[{"embeddable":true,"href":"https:\/\/akdenizolaygazetesi.com\/index.php?rest_route=\/wp\/v2\/users\/2"}],"replies":[{"embeddable":true,"href":"https:\/\/akdenizolaygazetesi.com\/index.php?rest_route=%2Fwp%2Fv2%2Fcomments&post=24488"}],"version-history":[{"count":1,"href":"https:\/\/akdenizolaygazetesi.com\/index.php?rest_route=\/wp\/v2\/posts\/24488\/revisions"}],"predecessor-version":[{"id":24490,"href":"https:\/\/akdenizolaygazetesi.com\/index.php?rest_route=\/wp\/v2\/posts\/24488\/revisions\/24490"}],"wp:featuredmedia":[{"embeddable":true,"href":"https:\/\/akdenizolaygazetesi.com\/index.php?rest_route=\/wp\/v2\/media\/24489"}],"wp:attachment":[{"href":"https:\/\/akdenizolaygazetesi.com\/index.php?rest_route=%2Fwp%2Fv2%2Fmedia&parent=24488"}],"wp:term":[{"taxonomy":"category","embeddable":true,"href":"https:\/\/akdenizolaygazetesi.com\/index.php?rest_route=%2Fwp%2Fv2%2Fcategories&post=24488"},{"taxonomy":"post_tag","embeddable":true,"href":"https:\/\/akdenizolaygazetesi.com\/index.php?rest_route=%2Fwp%2Fv2%2Ftags&post=24488"}],"curies":[{"name":"wp","href":"https:\/\/api.w.org\/{rel}","templated":true}]}}