{"id":24491,"date":"2023-03-05T09:57:54","date_gmt":"2023-03-05T06:57:54","guid":{"rendered":"http:\/\/akdenizolaygazetesi.com\/?p=24491"},"modified":"2023-03-05T09:57:54","modified_gmt":"2023-03-05T06:57:54","slug":"vali-ali-hamza-pehlivan-otellerde-misafir-edilen-depremzede-vatandaslarimizi-ziyaret-etti","status":"publish","type":"post","link":"https:\/\/akdenizolaygazetesi.com\/?p=24491","title":{"rendered":"VAL\u0130 AL\u0130 HAMZA PEHL\u0130VAN, OTELLERDE M\u0130SAF\u0130R ED\u0130LEN DEPREMZEDE VATANDA\u015eLARIMIZI Z\u0130YARET ETT\u0130"},"content":{"rendered":"<p>Valimiz Ali Hamza Pehlivan, deprem b\u00f6lgesinden \u0130limize gelen vatanda\u015flar\u0131m\u0131z\u0131 misafir edildi\u011fi otellerde ziyaret etti.<\/p>\n<p>Vatanda\u015flar\u0131m\u0131zla yak\u0131ndan ilgilenen Vali Pehlivan, \u201cDevlet ve millet olarak ele ele vererek bu b\u00fcy\u00fck afetin a\u00e7t\u0131\u011f\u0131 yararlar\u0131; saraca\u011f\u0131z.\u201d dedi.<\/p>\n<p>Vali Pehlivan, vatanda\u015flar\u0131m\u0131z ile g\u00f6r\u00fc\u015ferek ihtiya\u00e7 ve taleplerini dinledi, ge\u00e7mi\u015f olsun dileklerinde bulunarak, depremde yaralananlara acil \u015fifa, vefat eden yak\u0131nlar\u0131 i\u00e7in ba\u015fsa\u011fl\u0131\u011f\u0131 diledi.<\/p>\n<p>Ziyaretlere, Vali Yard\u0131mc\u0131s\u0131 Alp Eren Y\u0131lmaz, Silifke Kaymakam\u0131 Abdullah Aslaner, Erdemli Kaymakam\u0131 Ayd\u0131n Tetiko\u011flu e\u015flik etti.<\/p>\n","protected":false},"excerpt":{"rendered":"<p>Valimiz Ali Hamza Pehlivan, deprem b\u00f6lgesinden \u0130limize gelen vatanda\u015flar\u0131m\u0131z\u0131 misafir edildi\u011fi otellerde ziyaret etti. Vatanda\u015flar\u0131m\u0131zla yak\u0131ndan ilgilenen Vali Pehlivan, \u201cDevlet ve millet olarak ele ele vererek bu b\u00fcy\u00fck afetin a\u00e7t\u0131\u011f\u0131 &hellip; <a href=\"https:\/\/akdenizolaygazetesi.com\/?p=24491\" class=\"more-link\">Devam\u0131n\u0131 Oku&#8230;<\/a><\/p>\n","protected":false},"author":2,"featured_media":24492,"comment_status":"open","ping_status":"open","sticky":false,"template":"","format":"standard","meta":[],"categories":[2,3],"tags":[],"_links":{"self":[{"href":"https:\/\/akdenizolaygazetesi.com\/index.php?rest_route=\/wp\/v2\/posts\/24491"}],"collection":[{"href":"https:\/\/akdenizolaygazetesi.com\/index.php?rest_route=\/wp\/v2\/posts"}],"about":[{"href":"https:\/\/akdenizolaygazetesi.com\/index.php?rest_route=\/wp\/v2\/types\/post"}],"author":[{"embeddable":true,"href":"https:\/\/akdenizolaygazetesi.com\/index.php?rest_route=\/wp\/v2\/users\/2"}],"replies":[{"embeddable":true,"href":"https:\/\/akdenizolaygazetesi.com\/index.php?rest_route=%2Fwp%2Fv2%2Fcomments&post=24491"}],"version-history":[{"count":1,"href":"https:\/\/akdenizolaygazetesi.com\/index.php?rest_route=\/wp\/v2\/posts\/24491\/revisions"}],"predecessor-version":[{"id":24493,"href":"https:\/\/akdenizolaygazetesi.com\/index.php?rest_route=\/wp\/v2\/posts\/24491\/revisions\/24493"}],"wp:featuredmedia":[{"embeddable":true,"href":"https:\/\/akdenizolaygazetesi.com\/index.php?rest_route=\/wp\/v2\/media\/24492"}],"wp:attachment":[{"href":"https:\/\/akdenizolaygazetesi.com\/index.php?rest_route=%2Fwp%2Fv2%2Fmedia&parent=24491"}],"wp:term":[{"taxonomy":"category","embeddable":true,"href":"https:\/\/akdenizolaygazetesi.com\/index.php?rest_route=%2Fwp%2Fv2%2Fcategories&post=24491"},{"taxonomy":"post_tag","embeddable":true,"href":"https:\/\/akdenizolaygazetesi.com\/index.php?rest_route=%2Fwp%2Fv2%2Ftags&post=24491"}],"curies":[{"name":"wp","href":"https:\/\/api.w.org\/{rel}","templated":true}]}}