{"id":24494,"date":"2023-03-05T09:59:25","date_gmt":"2023-03-05T06:59:25","guid":{"rendered":"http:\/\/akdenizolaygazetesi.com\/?p=24494"},"modified":"2023-03-05T09:59:25","modified_gmt":"2023-03-05T06:59:25","slug":"buyuksehirden-depremzedelere-goz-sagligi-destegi","status":"publish","type":"post","link":"https:\/\/akdenizolaygazetesi.com\/?p=24494","title":{"rendered":"B\u00dcY\u00dcK\u015eEH\u0130R&#8217;DEN DEPREMZEDELERE G\u00d6Z SA\u011eLI\u011eI DESTE\u011e\u0130"},"content":{"rendered":"<p>Ya\u015fanan deprem felaketinin ard\u0131ndan t\u00fcm imkanlar\u0131 ile depremzedelerin yard\u0131m\u0131na ko\u015fan Mersin B\u00fcy\u00fck\u015fehir Belediyesi, Mersin 8. B\u00f6lge G\u00f6zl\u00fck\u00e7\u00fcler ve Optisyenler Odas\u0131 ile birlikte Mersin&#8217;de ki bar\u0131nma merkezlerine yerle\u015ftirilen ve g\u00f6rme sorunu ya\u015fayan depremzedelere g\u00f6z sa\u011fl\u0131\u011f\u0131 taramas\u0131 ger\u00e7ekle\u015ftirdi.<\/p>\n<p>\u00c7al\u0131\u015fma hakk\u0131nda bilgi veren Sa\u011fl\u0131k Hizmetleri Dairesi Ba\u015fkanl\u0131\u011f\u0131 Halk Sa\u011fl\u0131\u011f\u0131 \u015eube M\u00fcd\u00fcr\u00fc Dr. Bahar G\u00fclcay \u00c7at Bak\u0131r, deprem sonras\u0131nda ya\u015fanan s\u0131k\u0131nt\u0131lardan birisinin de ki\u015filerin s\u00fcrekli kullanmak zorunda olduklar\u0131 g\u00f6zl\u00fcklerinin k\u0131r\u0131lm\u0131\u015f, kaybolmu\u015f ya da evlerinde kalm\u0131\u015f olmas\u0131 nedeniyle ya\u015fanan s\u0131k\u0131nt\u0131lar oldu\u011funa dikkat \u00e7ekerek &#8220;Biz de depremzedelerimizin bu sorunlar\u0131n\u0131 \u00e7\u00f6zmek i\u00e7in Mersin 8. B\u00f6lge G\u00f6zl\u00fck\u00e7\u00fcler ve Optisyenler Odas\u0131 ile i\u015fbirli\u011fi yapt\u0131k ve onlar\u0131n bu ma\u011fduriyetini gidermek ad\u0131na, depremzedelere \u00fccretsiz g\u00f6zl\u00fck ve \u00e7er\u00e7eve deste\u011fi sa\u011flad\u0131k&#8221; dedi.<\/p>\n<p>Oda yetkililerinin, g\u00f6zl\u00fck ihtiyac\u0131 olan ve deprem \u00f6ncesinde re\u00e7eteli g\u00f6zl\u00fckleri olan ki\u015filere yard\u0131mc\u0131 olabilecekleri bilgisini verdikten sonra Ge\u00e7ici Bar\u0131nma Alanlar\u0131nda g\u00f6zl\u00fck taramas\u0131 yapt\u0131klar\u0131n\u0131 belirten \u00c7at Bak\u0131r &#8220;Ki\u015filer bu taramalar\u0131 yaparken ciddi anlamda ilk ba\u015fta fark etmediklerini ancak sonras\u0131nda g\u00f6rme problemlerinin de onlar i\u00e7in \u00e7ok \u00f6nemli oldu\u011funu ifade ettiler. Bu konuda da onlar\u0131 destekledi\u011fimiz i\u00e7in \u00f6zellikle tan\u0131mad\u0131klar\u0131 bir \u015fehirde, bilmedikleri bir \u015fehirde b\u00f6yle bir konuda yard\u0131mc\u0131 oldu\u011fumuz i\u00e7in de te\u015fekk\u00fcrlerini ilettiler&#8221; diye konu\u015ftu.<\/p>\n<p>Mersin 8. B\u00f6lge G\u00f6zl\u00fck\u00e7\u00fcler ve Optisyenler Odas\u0131 Ba\u015fkan\u0131 Serkan Yakan ise afetin ba\u015flad\u0131\u011f\u0131 ilk g\u00fcnden itibaren Mersin b\u00f6lgesinde b\u00fct\u00fcn il\u00e7eler dahil olmak \u00fczere afetzedelere \u00fccretsiz numaral\u0131 g\u00f6zl\u00fck verme, ayn\u0131 zamanda g\u00f6rme kusuru ile alakal\u0131 re\u00e7etesi olmayan vatanda\u015flar\u0131n da g\u00f6z hekimleri sayesinde muayenelerini yapt\u0131rarak g\u00f6zl\u00fck ihtiya\u00e7lar\u0131n\u0131 kar\u015f\u0131lad\u0131klar\u0131n\u0131 belirterek &#8220;O g\u00fcnden bug\u00fcne yakla\u015f\u0131k olarak 10-12 bin civar\u0131nda afetzede karde\u015flerimize yeti\u015ftik&#8221; ifadelerini kulland\u0131.<\/p>\n<p>B\u00fcy\u00fck\u015fehir Belediyesi&#8217;nden de konu hakk\u0131nda yard\u0131m istediklerini ifade eden Yakan , &#8220;G\u00f6rme kusuru ile alakal\u0131 olan insanlar belirlendi. Di\u011fer b\u00f6lgelerdeki B\u00fcy\u00fck\u015fehir&#8217;e ba\u011fl\u0131 olan k\u0131s\u0131mlarda da de\u011ferlendirmelerimizi yapaca\u011f\u0131z. B\u00fct\u00fcn hastalar\u0131m\u0131za, g\u00f6rme kusuru olan insanlara eri\u015fip i\u015flemimizi tamamlayaca\u011f\u0131z&#8221; dedi.<\/p>\n","protected":false},"excerpt":{"rendered":"<p>Ya\u015fanan deprem felaketinin ard\u0131ndan t\u00fcm imkanlar\u0131 ile depremzedelerin yard\u0131m\u0131na ko\u015fan Mersin B\u00fcy\u00fck\u015fehir Belediyesi, Mersin 8. B\u00f6lge G\u00f6zl\u00fck\u00e7\u00fcler ve Optisyenler Odas\u0131 ile birlikte Mersin&#8217;de ki bar\u0131nma merkezlerine yerle\u015ftirilen ve g\u00f6rme sorunu &hellip; <a href=\"https:\/\/akdenizolaygazetesi.com\/?p=24494\" class=\"more-link\">Devam\u0131n\u0131 Oku&#8230;<\/a><\/p>\n","protected":false},"author":2,"featured_media":24495,"comment_status":"open","ping_status":"open","sticky":false,"template":"","format":"standard","meta":[],"categories":[3,9],"tags":[],"_links":{"self":[{"href":"https:\/\/akdenizolaygazetesi.com\/index.php?rest_route=\/wp\/v2\/posts\/24494"}],"collection":[{"href":"https:\/\/akdenizolaygazetesi.com\/index.php?rest_route=\/wp\/v2\/posts"}],"about":[{"href":"https:\/\/akdenizolaygazetesi.com\/index.php?rest_route=\/wp\/v2\/types\/post"}],"author":[{"embeddable":true,"href":"https:\/\/akdenizolaygazetesi.com\/index.php?rest_route=\/wp\/v2\/users\/2"}],"replies":[{"embeddable":true,"href":"https:\/\/akdenizolaygazetesi.com\/index.php?rest_route=%2Fwp%2Fv2%2Fcomments&post=24494"}],"version-history":[{"count":1,"href":"https:\/\/akdenizolaygazetesi.com\/index.php?rest_route=\/wp\/v2\/posts\/24494\/revisions"}],"predecessor-version":[{"id":24496,"href":"https:\/\/akdenizolaygazetesi.com\/index.php?rest_route=\/wp\/v2\/posts\/24494\/revisions\/24496"}],"wp:featuredmedia":[{"embeddable":true,"href":"https:\/\/akdenizolaygazetesi.com\/index.php?rest_route=\/wp\/v2\/media\/24495"}],"wp:attachment":[{"href":"https:\/\/akdenizolaygazetesi.com\/index.php?rest_route=%2Fwp%2Fv2%2Fmedia&parent=24494"}],"wp:term":[{"taxonomy":"category","embeddable":true,"href":"https:\/\/akdenizolaygazetesi.com\/index.php?rest_route=%2Fwp%2Fv2%2Fcategories&post=24494"},{"taxonomy":"post_tag","embeddable":true,"href":"https:\/\/akdenizolaygazetesi.com\/index.php?rest_route=%2Fwp%2Fv2%2Ftags&post=24494"}],"curies":[{"name":"wp","href":"https:\/\/api.w.org\/{rel}","templated":true}]}}