{"id":24497,"date":"2023-03-05T10:01:15","date_gmt":"2023-03-05T07:01:15","guid":{"rendered":"http:\/\/akdenizolaygazetesi.com\/?p=24497"},"modified":"2023-03-05T10:01:15","modified_gmt":"2023-03-05T07:01:15","slug":"vali-ali-hamza-pehlivan-baskanliginda-milli-egitim-hizmetleri-degerlendirme-ve-koordinasyon-toplantisi-gerceklestirildi","status":"publish","type":"post","link":"https:\/\/akdenizolaygazetesi.com\/?p=24497","title":{"rendered":"VAL\u0130 AL\u0130 HAMZA PEHL\u0130VAN BA\u015eKANLI\u011eINDA, M\u0130LL\u0130 E\u011e\u0130T\u0130M H\u0130ZMETLER\u0130 DE\u011eERLEND\u0130RME VE KOORD\u0130NASYON TOPLANTISI GER\u00c7EKLE\u015eT\u0130R\u0130LD\u0130"},"content":{"rendered":"<p>Vali Ali Hamza Pehlivan ba\u015fkanl\u0131\u011f\u0131nda, deprem nedeniyle hasar alan ve bo\u015falt\u0131lan okullar\u0131n \u00f6\u011frencilerimin di\u011fer okullara yerle\u015ftirilmesi, tahliye edilen okullar\u0131n yerine Milli E\u011fitim Bakanl\u0131\u011f\u0131n\u0131n destekleriyle yenilerinin in\u015fa edilmesi s\u00fcrecinin ba\u015flat\u0131lmas\u0131yla birlikte bu s\u00fcre zarf\u0131nda prefabrik okullar\u0131n, dersliklerin yap\u0131lmas\u0131 s\u00fcreci ile deprem b\u00f6lgesinden gelerek ilimizde misafir edilen vatanda\u015flar\u0131m\u0131za sunulan e\u011fitim hizmetlerine y\u00f6nelik de\u011ferlendirme ve koordinasyon toplant\u0131s\u0131 ger\u00e7ekle\u015ftirildi.<\/p>\n<p>Valilik toplant\u0131 salonunda ger\u00e7ekle\u015ftirilen toplant\u0131da, \u0130limizde misafir edilen depremzede vatanda\u015flar\u0131m\u0131z\u0131n e\u011fitim ihtiya\u00e7lar\u0131na y\u00f6nelik sunulan hizmetler ile devam eden ve planlanan \u00e7al\u0131\u015fmalar de\u011ferlendirildi. \u0130limizdeki okullar\u0131m\u0131zda fiziki \u015fartlarla ilgili yap\u0131lan tespit \u00e7al\u0131\u015fmalar\u0131 neticesinde hasarl\u0131 bulunan ve y\u0131k\u0131m karar\u0131 al\u0131nan okullar, yeni okul in\u015faatlar\u0131, prefabrik dersliklerin kurulmas\u0131 konular\u0131 ele al\u0131nd\u0131.<\/p>\n<p>Deprem b\u00f6lgelerinden Mersin \u0130limize 18.801 \u00f6\u011frencinin nakil olarak geldi\u011fini ve bu \u00f6\u011frencilerin okullar\u0131m\u0131zda e\u011fitim ald\u0131\u011f\u0131n\u0131 belirten Vali Pehlivan, &#8220;Afetzede \u00f6\u011frencilerimize e\u011fitim \u00f6\u011fretim d\u00f6neminde sa\u011flanan destekler ile bu s\u00fcreci en uygun \u015fekilde ge\u00e7irebilmeleri i\u00e7in elbirli\u011fi ve i\u015fbirli\u011fi i\u00e7inde hareket edecek ve afetin yol a\u00e7t\u0131\u011f\u0131 yaralar\u0131m\u0131z\u0131 hep birlikte saraca\u011f\u0131z. Hasarl\u0131 okullar\u0131n yerine Milli E\u011fitim Bakanl\u0131\u011f\u0131m\u0131z\u0131n destekleriyle yeni okul binalar\u0131 in\u015fa etmeye y\u00f6nelik s\u00fcreci ba\u015flatmakla birlikte; bu s\u00fcre zarf\u0131nda di\u011fer okullar\u0131m\u0131zda ya\u015fanan \u00f6\u011frenci yo\u011funlu\u011funu azaltmak i\u00e7in prefabrik okul ve derslikler kuraca\u011f\u0131z.&#8221; dedi.<\/p>\n<p>Toplant\u0131ya, Vali Yard\u0131mc\u0131lar\u0131 \u0130brahim K\u00fc\u00e7\u00fck ve Alp Eren Y\u0131lmaz, \u0130l Milli E\u011fitim M\u00fcd\u00fcr\u00fc Adem Koca, \u0130l Milli E\u011fitim M\u00fcd\u00fcr Yard\u0131mc\u0131lar\u0131 Baykal Ba\u015fdemir, Fatih Bur\u011fut, Kamil \u00c7elebiy\u0131lmaz ve Nazmi Kendigelen ile Tarsus \u0130l\u00e7e Milli E\u011fitim M\u00fcd\u00fcr\u00fc Mehmet Metin kat\u0131ld\u0131.<\/p>\n","protected":false},"excerpt":{"rendered":"<p>Vali Ali Hamza Pehlivan ba\u015fkanl\u0131\u011f\u0131nda, deprem nedeniyle hasar alan ve bo\u015falt\u0131lan okullar\u0131n \u00f6\u011frencilerimin di\u011fer okullara yerle\u015ftirilmesi, tahliye edilen okullar\u0131n yerine Milli E\u011fitim Bakanl\u0131\u011f\u0131n\u0131n destekleriyle yenilerinin in\u015fa edilmesi s\u00fcrecinin ba\u015flat\u0131lmas\u0131yla birlikte &hellip; <a href=\"https:\/\/akdenizolaygazetesi.com\/?p=24497\" class=\"more-link\">Devam\u0131n\u0131 Oku&#8230;<\/a><\/p>\n","protected":false},"author":2,"featured_media":24498,"comment_status":"open","ping_status":"open","sticky":false,"template":"","format":"standard","meta":[],"categories":[3,5],"tags":[],"_links":{"self":[{"href":"https:\/\/akdenizolaygazetesi.com\/index.php?rest_route=\/wp\/v2\/posts\/24497"}],"collection":[{"href":"https:\/\/akdenizolaygazetesi.com\/index.php?rest_route=\/wp\/v2\/posts"}],"about":[{"href":"https:\/\/akdenizolaygazetesi.com\/index.php?rest_route=\/wp\/v2\/types\/post"}],"author":[{"embeddable":true,"href":"https:\/\/akdenizolaygazetesi.com\/index.php?rest_route=\/wp\/v2\/users\/2"}],"replies":[{"embeddable":true,"href":"https:\/\/akdenizolaygazetesi.com\/index.php?rest_route=%2Fwp%2Fv2%2Fcomments&post=24497"}],"version-history":[{"count":1,"href":"https:\/\/akdenizolaygazetesi.com\/index.php?rest_route=\/wp\/v2\/posts\/24497\/revisions"}],"predecessor-version":[{"id":24499,"href":"https:\/\/akdenizolaygazetesi.com\/index.php?rest_route=\/wp\/v2\/posts\/24497\/revisions\/24499"}],"wp:featuredmedia":[{"embeddable":true,"href":"https:\/\/akdenizolaygazetesi.com\/index.php?rest_route=\/wp\/v2\/media\/24498"}],"wp:attachment":[{"href":"https:\/\/akdenizolaygazetesi.com\/index.php?rest_route=%2Fwp%2Fv2%2Fmedia&parent=24497"}],"wp:term":[{"taxonomy":"category","embeddable":true,"href":"https:\/\/akdenizolaygazetesi.com\/index.php?rest_route=%2Fwp%2Fv2%2Fcategories&post=24497"},{"taxonomy":"post_tag","embeddable":true,"href":"https:\/\/akdenizolaygazetesi.com\/index.php?rest_route=%2Fwp%2Fv2%2Ftags&post=24497"}],"curies":[{"name":"wp","href":"https:\/\/api.w.org\/{rel}","templated":true}]}}