{"id":24503,"date":"2023-03-05T16:49:32","date_gmt":"2023-03-05T13:49:32","guid":{"rendered":"http:\/\/akdenizolaygazetesi.com\/?p=24503"},"modified":"2023-03-05T16:49:32","modified_gmt":"2023-03-05T13:49:32","slug":"baskan-yilmazdan-berat-kandili-mesaji","status":"publish","type":"post","link":"https:\/\/akdenizolaygazetesi.com\/?p=24503","title":{"rendered":"BA\u015eKAN YILMAZ&#8217;DAN, BERAT KAND\u0130L\u0130 MESAJI"},"content":{"rendered":"<p>Toroslar Belediye Ba\u015fkan\u0131 Ats\u0131z Af\u015f\u0131n Y\u0131lmaz, Berat Kandili dolay\u0131s\u0131yla bir mesaj yay\u0131nlad\u0131.<\/p>\n<p>On bir Ay\u0131n Sultan\u0131 Ramazan-\u0131 \u015eerifin m\u00fcjdecisi olan Berat Kandili&#8217;ni idrak etmenin huzurunu ya\u015fad\u0131klar\u0131n\u0131 dile getiren Ba\u015fkan Y\u0131lmaz, hem\u015fehrilerinin ve t\u00fcm \u0130slam aleminin kandilini kutlad\u0131.<\/p>\n<p>Asr\u0131n en b\u00fcy\u00fck afetini ya\u015fad\u0131\u011f\u0131m\u0131z bu d\u00f6nemde her zamankinden daha fazla birlik, beraberlik ve dayan\u0131\u015fma i\u00e7inde olmam\u0131z gerekti\u011fini belirten Ba\u015fkan Y\u0131lmaz; &#8220;\u00c7ok \u015f\u00fck\u00fcr ki milletimiz, tarihin her d\u00f6neminde oldu\u011fu gibi deprem felaketinin de hemen ard\u0131ndan birbirine kenetlenmi\u015f ve yaralar\u0131n sar\u0131lmas\u0131 i\u00e7in kenetlenmeye devam edecektir. Depremde hayat\u0131n\u0131 kaybeden vatanda\u015flar\u0131m\u0131za Allah&#8217;tan rahmet, yaral\u0131lar\u0131m\u0131za acil \u015fifalar ve yak\u0131nlar\u0131na da sab\u0131rlar diliyorum. Berat Kandili kurtulu\u015f, ba\u011f\u0131\u015flanma ve ar\u0131nma gecesidir. Ramazan-\u0131 \u015eerif&#8217;i m\u00fcjdeleyen bu m\u00fcbarek gece,  bizlere birli\u011fimizi ve beraberli\u011fimizi g\u00fc\u00e7lendirme f\u0131rsat\u0131 veriyor. Bu nedenle yard\u0131mla\u015fma ve dayan\u0131\u015fma duygular\u0131n\u0131n doruk noktas\u0131na ula\u015ft\u0131\u011f\u0131 Berat Kandili&#8217;nin faziletini iyi kavramal\u0131 ve de\u011ferlendirmeliyiz. Bu duygu ve d\u00fc\u015f\u00fcncelerle bu anlaml\u0131 gecenin \u015fehrimize, milletimize ve \u0130slam alemine hay\u0131rlar getirmesini Cenab-\u0131 Allah&#8217;tan niyaz ediyorum. Berat Kandilimiz m\u00fcbarek olsun&#8221; diye konu\u015ftu.<\/p>\n","protected":false},"excerpt":{"rendered":"<p>Toroslar Belediye Ba\u015fkan\u0131 Ats\u0131z Af\u015f\u0131n Y\u0131lmaz, Berat Kandili dolay\u0131s\u0131yla bir mesaj yay\u0131nlad\u0131. On bir Ay\u0131n Sultan\u0131 Ramazan-\u0131 \u015eerifin m\u00fcjdecisi olan Berat Kandili&#8217;ni idrak etmenin huzurunu ya\u015fad\u0131klar\u0131n\u0131 dile getiren Ba\u015fkan Y\u0131lmaz, &hellip; <a href=\"https:\/\/akdenizolaygazetesi.com\/?p=24503\" class=\"more-link\">Devam\u0131n\u0131 Oku&#8230;<\/a><\/p>\n","protected":false},"author":2,"featured_media":24504,"comment_status":"open","ping_status":"open","sticky":false,"template":"","format":"standard","meta":[],"categories":[2,3],"tags":[],"_links":{"self":[{"href":"https:\/\/akdenizolaygazetesi.com\/index.php?rest_route=\/wp\/v2\/posts\/24503"}],"collection":[{"href":"https:\/\/akdenizolaygazetesi.com\/index.php?rest_route=\/wp\/v2\/posts"}],"about":[{"href":"https:\/\/akdenizolaygazetesi.com\/index.php?rest_route=\/wp\/v2\/types\/post"}],"author":[{"embeddable":true,"href":"https:\/\/akdenizolaygazetesi.com\/index.php?rest_route=\/wp\/v2\/users\/2"}],"replies":[{"embeddable":true,"href":"https:\/\/akdenizolaygazetesi.com\/index.php?rest_route=%2Fwp%2Fv2%2Fcomments&post=24503"}],"version-history":[{"count":1,"href":"https:\/\/akdenizolaygazetesi.com\/index.php?rest_route=\/wp\/v2\/posts\/24503\/revisions"}],"predecessor-version":[{"id":24505,"href":"https:\/\/akdenizolaygazetesi.com\/index.php?rest_route=\/wp\/v2\/posts\/24503\/revisions\/24505"}],"wp:featuredmedia":[{"embeddable":true,"href":"https:\/\/akdenizolaygazetesi.com\/index.php?rest_route=\/wp\/v2\/media\/24504"}],"wp:attachment":[{"href":"https:\/\/akdenizolaygazetesi.com\/index.php?rest_route=%2Fwp%2Fv2%2Fmedia&parent=24503"}],"wp:term":[{"taxonomy":"category","embeddable":true,"href":"https:\/\/akdenizolaygazetesi.com\/index.php?rest_route=%2Fwp%2Fv2%2Fcategories&post=24503"},{"taxonomy":"post_tag","embeddable":true,"href":"https:\/\/akdenizolaygazetesi.com\/index.php?rest_route=%2Fwp%2Fv2%2Ftags&post=24503"}],"curies":[{"name":"wp","href":"https:\/\/api.w.org\/{rel}","templated":true}]}}