{"id":24506,"date":"2023-03-06T16:40:36","date_gmt":"2023-03-06T13:40:36","guid":{"rendered":"http:\/\/akdenizolaygazetesi.com\/?p=24506"},"modified":"2023-03-06T16:40:36","modified_gmt":"2023-03-06T13:40:36","slug":"yenisehir-belediyesinden-depremzedelere-kisisel-bakim-hizmeti","status":"publish","type":"post","link":"https:\/\/akdenizolaygazetesi.com\/?p=24506","title":{"rendered":"Yeni\u015fehir Belediyesinden depremzedelere ki\u015fisel bak\u0131m hizmeti"},"content":{"rendered":"<p>Mersin Yeni\u015fehir Belediyesi, ge\u00e7ici bar\u0131nma merkezlerinde misafir etti\u011fi depremzede yurtta\u015flar\u0131n yan\u0131nda olmaya devam ediyor. Yurtta\u015flar\u0131n her t\u00fcrl\u00fc ihtiyac\u0131na y\u00f6nelik \u00e7al\u0131\u015fmalar\u0131n\u0131 s\u00fcrd\u00fcren Yeni\u015fehir Belediyesi,  Mersin Berberler ve Kuaf\u00f6rler Odas\u0131 i\u015f birli\u011fiyle depremzedelere ki\u015fisel bak\u0131m hizmeti verdi.<br \/>\nKahramanmara\u015f merkezli 7.7 ve 7.6 b\u00fcy\u00fckl\u00fc\u011f\u00fcndeki depremlerin ard\u0131ndan Mersin\u2019e depremin etkiledi\u011fi illerden binlerce depremzede geldi. B\u00f6lgeye ihtiya\u00e7 malzemeleri sevk eden ve ekipleriyle de farkl\u0131 alanlarda b\u00f6lgede \u00e7al\u0131\u015fma y\u00fcr\u00fcten Yeni\u015fehir Belediyesi, Mersin\u2019e gelen depremzedelere de destek veriyor. 35 bin depremzedeye giysi ve di\u011fer ihtiya\u00e7 malzemesi ula\u015ft\u0131ran Yeni\u015fehir Belediyesi, bar\u0131nma konusunda da yurtta\u015flar\u0131n yan\u0131nda oluyor.  Deprem felaketinin ard\u0131ndan olu\u015fturdu\u011fu 4 ge\u00e7ici bar\u0131nma merkezinde 1300\u2019\u00fcn \u00fczerinde depremzedeyi a\u011f\u0131rlayan Yeni\u015fehir Belediyesi, yurtta\u015flar\u0131n temel ihtiya\u00e7lar\u0131n\u0131 da kar\u015f\u0131l\u0131yor.  Yeni\u015fehir Belediyesi son olarak Mersin Berberler ve Kuaf\u00f6rler Odas\u0131 i\u015f birli\u011fiyle depremzedelere ki\u015fisel bak\u0131m hizmeti verdi. <\/p>\n","protected":false},"excerpt":{"rendered":"<p>Mersin Yeni\u015fehir Belediyesi, ge\u00e7ici bar\u0131nma merkezlerinde misafir etti\u011fi depremzede yurtta\u015flar\u0131n yan\u0131nda olmaya devam ediyor. Yurtta\u015flar\u0131n her t\u00fcrl\u00fc ihtiyac\u0131na y\u00f6nelik \u00e7al\u0131\u015fmalar\u0131n\u0131 s\u00fcrd\u00fcren Yeni\u015fehir Belediyesi, Mersin Berberler ve Kuaf\u00f6rler Odas\u0131 i\u015f birli\u011fiyle &hellip; <a href=\"https:\/\/akdenizolaygazetesi.com\/?p=24506\" class=\"more-link\">Devam\u0131n\u0131 Oku&#8230;<\/a><\/p>\n","protected":false},"author":2,"featured_media":24507,"comment_status":"open","ping_status":"open","sticky":false,"template":"","format":"standard","meta":[],"categories":[2,3],"tags":[],"_links":{"self":[{"href":"https:\/\/akdenizolaygazetesi.com\/index.php?rest_route=\/wp\/v2\/posts\/24506"}],"collection":[{"href":"https:\/\/akdenizolaygazetesi.com\/index.php?rest_route=\/wp\/v2\/posts"}],"about":[{"href":"https:\/\/akdenizolaygazetesi.com\/index.php?rest_route=\/wp\/v2\/types\/post"}],"author":[{"embeddable":true,"href":"https:\/\/akdenizolaygazetesi.com\/index.php?rest_route=\/wp\/v2\/users\/2"}],"replies":[{"embeddable":true,"href":"https:\/\/akdenizolaygazetesi.com\/index.php?rest_route=%2Fwp%2Fv2%2Fcomments&post=24506"}],"version-history":[{"count":1,"href":"https:\/\/akdenizolaygazetesi.com\/index.php?rest_route=\/wp\/v2\/posts\/24506\/revisions"}],"predecessor-version":[{"id":24508,"href":"https:\/\/akdenizolaygazetesi.com\/index.php?rest_route=\/wp\/v2\/posts\/24506\/revisions\/24508"}],"wp:featuredmedia":[{"embeddable":true,"href":"https:\/\/akdenizolaygazetesi.com\/index.php?rest_route=\/wp\/v2\/media\/24507"}],"wp:attachment":[{"href":"https:\/\/akdenizolaygazetesi.com\/index.php?rest_route=%2Fwp%2Fv2%2Fmedia&parent=24506"}],"wp:term":[{"taxonomy":"category","embeddable":true,"href":"https:\/\/akdenizolaygazetesi.com\/index.php?rest_route=%2Fwp%2Fv2%2Fcategories&post=24506"},{"taxonomy":"post_tag","embeddable":true,"href":"https:\/\/akdenizolaygazetesi.com\/index.php?rest_route=%2Fwp%2Fv2%2Ftags&post=24506"}],"curies":[{"name":"wp","href":"https:\/\/api.w.org\/{rel}","templated":true}]}}