{"id":24515,"date":"2023-03-06T16:45:12","date_gmt":"2023-03-06T13:45:12","guid":{"rendered":"http:\/\/akdenizolaygazetesi.com\/?p=24515"},"modified":"2023-03-06T16:45:12","modified_gmt":"2023-03-06T13:45:12","slug":"baskan-yilmaz-guzel-cocuklarimiza-daha-guzel-bir-gelecegi-hep-beraber-insa-edecegiz","status":"publish","type":"post","link":"https:\/\/akdenizolaygazetesi.com\/?p=24515","title":{"rendered":"BA\u015eKAN YILMAZ; &#8220;G\u00dcZEL \u00c7OCUKLARIMIZA DAHA G\u00dcZEL B\u0130R GELECE\u011e\u0130 HEP BERABER \u0130N\u015eA EDECE\u011e\u0130Z&#8221;"},"content":{"rendered":"<p>Toroslar Belediye Ba\u015fkan\u0131 Ats\u0131z Af\u015f\u0131n Y\u0131lmaz, Kahramanmara\u015f merkezli 11 ili etkileyen deprem felaketinin ard\u0131ndan kente gelen depremzedelerin ihtiya\u00e7lar\u0131n\u0131 kar\u015f\u0131lamak i\u00e7in s\u00fcrd\u00fckleri \u00e7al\u0131\u015fmalara destek veren g\u00f6n\u00fcll\u00fclere te\u015fekk\u00fcr etti.<\/p>\n<p>Mersin Dernekler Federasyonu ile birlikte Yunus Emre K\u00fclt\u00fcr Merkezi&#8217;nde d\u00fczenledikleri mevlid program\u0131nda depremzede vatanda\u015flarla bir araya gelen Ba\u015fkan Y\u0131lmaz; &#8220;Sizler, bizim \u015feref misafirimizsiniz. Ba\u015f\u0131m\u0131z\u0131n tac\u0131s\u0131n\u0131z. Her zaman ihtiyac\u0131n\u0131z oldu\u011funda bizler, buraday\u0131z. G\u00fczel \u00e7ocuklar\u0131m\u0131za daha g\u00fczel bir gelece\u011fi hep beraber in\u015fa edece\u011fiz&#8221; dedi.<\/p>\n<p>Mersin&#8217;in merkez il\u00e7esi Toroslar Belediyesi, afet b\u00f6lgesinde yaralar\u0131 sarmaya devam ederken, kente gelen depremzedeleri de yaln\u0131z b\u0131rakm\u0131yor.<\/p>\n<p>Toroslar Belediyesinin ev sahipli\u011finde Mersin Dernekler Federasyonu ile birlikte organize edilen yemekli mevlid program\u0131nda, il\u00e7edeki sosyal tesisler ve evlerde misafir edilen depremzede vatanda\u015flar a\u011f\u0131rland\u0131.<\/p>\n<p>Depremde hayat\u0131n\u0131 kaybeden vatanda\u015flar\u0131n dualarla yad edildi\u011fi programa; Toroslar Belediye Ba\u015fkan\u0131 Ats\u0131z Af\u015f\u0131n Y\u0131lmaz, Toroslar il\u00e7e M\u00fcft\u00fcs\u00fc Bayram Danac\u0131, Mersin Dernekler Federasyonu ve Mersin Bitlisliler Derne\u011fi Ba\u015fkan\u0131 Tahsin K\u0131rbo\u011fa ile Y\u00f6netim Kurulu \u00dcyeleri, Belediye Meclis \u00dcyeleri kat\u0131ld\u0131.<\/p>\n<p>Ba\u015fkan Y\u0131lmaz, masalar\u0131 tek tek dola\u015farak depremzede vatanda\u015flara ge\u00e7mi\u015f olsun dileklerini iletti ve \u00e7ocuklara hediyeler verdi.<\/p>\n<p> &#8220;El B\u0130RL\u0130\u011e\u0130YLE SIKINTILARI A\u015eACA\u011eIZ&#8221;<\/p>\n<p>Mersin Dernekler Federasyonu ve Mersin Bitlisliler Derne\u011fi Ba\u015fkan\u0131 Tahsin K\u0131rbo\u011fa, ama\u00e7lar\u0131n\u0131n il\u00e7edeki depremzede vatanda\u015flarla bir araya gelip kayna\u015fmak oldu\u011funu belirterek, depremin hemen ard\u0131ndan teyakkuza ge\u00e7erek yard\u0131m ve destek \u00e7al\u0131\u015fmalar\u0131n\u0131 ba\u015far\u0131yla s\u00fcrd\u00fcren Toroslar Belediye Ba\u015fkan\u0131 Ats\u0131z Af\u015f\u0131n Y\u0131lmaz ve ekibine te\u015fekk\u00fcr etti.<\/p>\n<p>Federasyon Ba\u015fkan\u0131 K\u0131rbo\u011fa; &#8220;Cenab-\u0131 Allah, bir daha \u00fclkemize, milletimize b\u00f6yle bir afet ya\u015fatmas\u0131n. Depremde hayat\u0131n\u0131 kaybeden vatanda\u015flar\u0131m\u0131za Allah&#8217;tan rahmet, yaral\u0131lar\u0131m\u0131za acil \u015fifalar diliyorum. El birli\u011fiyle s\u0131k\u0131nt\u0131lar\u0131 a\u015faca\u011f\u0131z&#8221; ifadelerini kulland\u0131.<\/p>\n<p>&#8220;T\u00dcM G\u00dcC\u00dcM\u00dcZLE DEPREMDEN ETK\u0130LENEN VATANDA\u015eLARIMIZIN YANINDAYIZ<\/p>\n<p>Toroslar Belediye Ba\u015fkan\u0131 Ats\u0131z Af\u015f\u0131n Y\u0131lmaz ise il\u00e7eye yerle\u015fen depremzedelerin eksik ve ihtiya\u00e7lar\u0131 i\u00e7in imkanlar\u0131 \u00f6l\u00e7\u00fcs\u00fcnde destek olmaya devam edeceklerini kaydederek; &#8220;Y\u00fczy\u0131l\u0131n felaketini ya\u015fad\u0131\u011f\u0131m\u0131z bu zor g\u00fcnlerde devletimiz, milletimiz el ele, g\u00f6n\u00fcl g\u00f6n\u00fcle d\u00fcnyada e\u015fi benzeri olmayan bir dayan\u0131\u015fma \u00f6rne\u011fi g\u00f6steriyor. Depremin ilk g\u00fcn\u00fcnden bug\u00fcne kadar organize olup i\u015f makineleri ve ekipleriyle afet b\u00f6lgesinde bulunan Mersin Dernekler Federasyonu ve Mersin Bitlisliler Derne\u011fi Ba\u015fkan\u0131 Tahsin K\u0131rbo\u011fa&#8217;ya ve Y\u00f6netim Kurulu \u00dcyelerine te\u015fekk\u00fcr ediyorum. Allah kendilerinden raz\u0131 olsun. Depremzede vatanda\u015flar\u0131m\u0131z her t\u00fcrl\u00fc s\u0131k\u0131nt\u0131 ve dertlerinde bizlere ula\u015fabilirler. Elimizden geleni yapmaya devam edece\u011fiz. Bu s\u00fcreci devlet, millet el ele atlataca\u011f\u0131z. Allah, birli\u011fimizi ve beraberli\u011fimiz daim eylesin&#8221; \u015feklinde konu\u015ftu.<\/p>\n","protected":false},"excerpt":{"rendered":"<p>Toroslar Belediye Ba\u015fkan\u0131 Ats\u0131z Af\u015f\u0131n Y\u0131lmaz, Kahramanmara\u015f merkezli 11 ili etkileyen deprem felaketinin ard\u0131ndan kente gelen depremzedelerin ihtiya\u00e7lar\u0131n\u0131 kar\u015f\u0131lamak i\u00e7in s\u00fcrd\u00fckleri \u00e7al\u0131\u015fmalara destek veren g\u00f6n\u00fcll\u00fclere te\u015fekk\u00fcr etti. Mersin Dernekler Federasyonu &hellip; <a href=\"https:\/\/akdenizolaygazetesi.com\/?p=24515\" class=\"more-link\">Devam\u0131n\u0131 Oku&#8230;<\/a><\/p>\n","protected":false},"author":2,"featured_media":24516,"comment_status":"open","ping_status":"open","sticky":false,"template":"","format":"standard","meta":[],"categories":[2,3,5],"tags":[],"_links":{"self":[{"href":"https:\/\/akdenizolaygazetesi.com\/index.php?rest_route=\/wp\/v2\/posts\/24515"}],"collection":[{"href":"https:\/\/akdenizolaygazetesi.com\/index.php?rest_route=\/wp\/v2\/posts"}],"about":[{"href":"https:\/\/akdenizolaygazetesi.com\/index.php?rest_route=\/wp\/v2\/types\/post"}],"author":[{"embeddable":true,"href":"https:\/\/akdenizolaygazetesi.com\/index.php?rest_route=\/wp\/v2\/users\/2"}],"replies":[{"embeddable":true,"href":"https:\/\/akdenizolaygazetesi.com\/index.php?rest_route=%2Fwp%2Fv2%2Fcomments&post=24515"}],"version-history":[{"count":1,"href":"https:\/\/akdenizolaygazetesi.com\/index.php?rest_route=\/wp\/v2\/posts\/24515\/revisions"}],"predecessor-version":[{"id":24517,"href":"https:\/\/akdenizolaygazetesi.com\/index.php?rest_route=\/wp\/v2\/posts\/24515\/revisions\/24517"}],"wp:featuredmedia":[{"embeddable":true,"href":"https:\/\/akdenizolaygazetesi.com\/index.php?rest_route=\/wp\/v2\/media\/24516"}],"wp:attachment":[{"href":"https:\/\/akdenizolaygazetesi.com\/index.php?rest_route=%2Fwp%2Fv2%2Fmedia&parent=24515"}],"wp:term":[{"taxonomy":"category","embeddable":true,"href":"https:\/\/akdenizolaygazetesi.com\/index.php?rest_route=%2Fwp%2Fv2%2Fcategories&post=24515"},{"taxonomy":"post_tag","embeddable":true,"href":"https:\/\/akdenizolaygazetesi.com\/index.php?rest_route=%2Fwp%2Fv2%2Ftags&post=24515"}],"curies":[{"name":"wp","href":"https:\/\/api.w.org\/{rel}","templated":true}]}}