{"id":24518,"date":"2023-03-07T13:23:22","date_gmt":"2023-03-07T10:23:22","guid":{"rendered":"http:\/\/akdenizolaygazetesi.com\/?p=24518"},"modified":"2023-03-07T13:23:22","modified_gmt":"2023-03-07T10:23:22","slug":"kalp-spazmi-geciren-yolcuya-ilk-mudahaleyi-buyuksehirin-saglik-personeli-yapti","status":"publish","type":"post","link":"https:\/\/akdenizolaygazetesi.com\/?p=24518","title":{"rendered":"KALP SPAZMI GE\u00c7\u0130REN YOLCUYA \u0130LK M\u00dcDAHALEY\u0130 B\u00dcY\u00dcK\u015eEH\u0130R&#8217;\u0130N SA\u011eLIK PERSONEL\u0130 YAPTI"},"content":{"rendered":"<p>Mersin B\u00fcy\u00fck\u015fehir Belediyesi&#8217;nin toplu ta\u015f\u0131ma hizmeti veren Sar\u0131 Limon otob\u00fcs\u00fc i\u00e7erisinde yolculuk s\u0131ras\u0131nda kalp spazm\u0131 ge\u00e7iren bir vatanda\u015f, kad\u0131n otob\u00fcs \u015fof\u00f6r\u00fc ve B\u00fcy\u00fck\u015fehir&#8217;in sa\u011fl\u0131k ekibinin ilk m\u00fcdahalesinin ard\u0131ndan 112 ekiplerine teslim edildi. Hastaneye kald\u0131r\u0131lan 68 ya\u015f\u0131ndaki Mahmut Akdemir, yap\u0131lan m\u00fcdahale ile sa\u011fl\u0131\u011f\u0131na kavu\u015ftu ve taburcu edildi. Ya\u015fananlar ara\u00e7 i\u00e7i g\u00fcvenlik kameralar\u0131na da yans\u0131d\u0131.<\/p>\n<p>Otob\u00fcs i\u00e7erisinde bir anda fenala\u015ft\u0131<\/p>\n<p>Mahmut Akdemir, e\u015fi Emine Akdemir ile birlikte Tarsus merkez Ergenekon Mahallesi&#8217;nde bulunan yak\u0131nlar\u0131n\u0131n yan\u0131na gitmek i\u00e7in, B\u00fcy\u00fck\u015fehir Belediyesi Sar\u0131 Limon otob\u00fcs\u00fcne bindi. Otob\u00fcs Fatih Sultan Mehmet Bulvar\u0131 \u00fczerinde ilerlerken, Mahmut Akdemir bir anda fenala\u015farak kendinden ge\u00e7ti. Durumu fark eden e\u015fi Emine Akdemir, hemen ara\u00e7 s\u00fcr\u00fcc\u00fcs\u00fc Havva \u0130pekli&#8217;ye seslenerek, arac\u0131 durdurmas\u0131n\u0131 ve sa\u011fl\u0131k ekiplerine haber vermesini istedi.<\/p>\n<p>Arac\u0131 durduran s\u00fcr\u00fcc\u00fc Havva \u0130pekli, durumu hemen 112&#8217;ye bildirdi. 112 \u00e7a\u011fr\u0131 merkezinden en yak\u0131n ambulans\u0131n Altayl\u0131lar Mahallesi&#8217;nde bulundu\u011fu bilgisini alan s\u00fcr\u00fcc\u00fc Havva \u0130pekli, hastay\u0131 bir an \u00f6nce sa\u011fl\u0131k ekipleriyle bulu\u015fturabilmek i\u00e7in yeniden hareket etti.<\/p>\n<p>\u0130lk m\u00fcdahaleyi B\u00fcy\u00fck\u015fehir&#8217;in sa\u011fl\u0131k personeli yapt\u0131<\/p>\n<p>T\u00fcm bunlar ya\u015fan\u0131rken, \u015fof\u00f6r \u0130pekli, ayn\u0131 cadde \u00fczerinde ters istikamette ilerleyen ve tesad\u00fcfen olay yerinden ge\u00e7en Mersin B\u00fcy\u00fck\u015fehir Belediyesi Hasta Nakil Ambulans\u0131n\u0131 fark ederek,  korna \u00e7ald\u0131 ve el sallayarak durumu anlatt\u0131. B\u00fcy\u00fck\u015fehir Sa\u011fl\u0131k ekipleri h\u0131zla otob\u00fcs\u00fcn yan\u0131na geldi ve Sa\u011fl\u0131k \u0130\u015fleri Dairesi Ba\u015fkanl\u0131\u011f\u0131&#8217;nda g\u00f6revli sa\u011fl\u0131k personeli Seda Top\u00e7u&#8217;nun ilk m\u00fcdahalesinin ard\u0131ndan Mahmut Akdemir, 112 ambulans\u0131 ile hastaneye g\u00f6t\u00fcr\u00fcld\u00fc. Hastanede ger\u00e7ekle\u015ftirilen tetkiklerin ard\u0131ndan kalp spazm\u0131 ge\u00e7irdi\u011fi anla\u015f\u0131lan Akdemir, yap\u0131lan m\u00fcdahalenin ard\u0131ndan taburcu edildi.<\/p>\n<p>Evinde ziyaret etti<\/p>\n<p>B\u00fcy\u00fck\u015fehir Belediyesi Tarsus Toplu Ta\u015f\u0131ma Grup Amiri Ali Fatih Salman ve kad\u0131n s\u00fcr\u00fcc\u00fc Havva \u0130pekli, Mahmut Akdemir&#8217;i, Ak\u015femsettin Mahallesi&#8217;nde bulunan evinde ziyaret ederek &#8220;ge\u00e7mi\u015f olsun&#8221; dileklerini iletti.<\/p>\n<p>Mahmut Akdemir: &#8220;\u015eu an \u00e7ok iyiyim&#8221;<\/p>\n<p>Olay an\u0131nda kendinden ge\u00e7ti\u011fini ve hi\u00e7bir \u015fey hat\u0131rlamad\u0131\u011f\u0131n\u0131 s\u00f6yleyen Mahmut Akdemir, &#8220;Kendimden ge\u00e7tim. Havva han\u0131ma da te\u015fekk\u00fcr ederim. B\u00fcy\u00fck\u015fehir Belediye Ba\u015fkan\u0131m\u0131zdan da Allah raz\u0131 olsun. Te\u015fekk\u00fcr ediyorum, iyi ki vars\u0131n\u0131z. \u015eu an iyiyim&#8221; dedi.<\/p>\n<p>Emine Akdemir ise olay an\u0131nda \u00e7ok korktu\u011funu belirterek, &#8220;Gidiyorduk, beyim hastaland\u0131 birden. &#8216;Boynum a\u011fr\u0131yor&#8217; dedi. Korkuttu bizi. Ondan sonra da midesi buland\u0131. \u00c7ok k\u00f6t\u00fc oldu. Boynu d\u00fc\u015ft\u00fc. Sa\u011folsun \u015fof\u00f6r\u00fcm\u00fcz 112&#8217;iyi arad\u0131. &#8216;Hastaneye kavu\u015ftururum ben, hi\u00e7 korkmay\u0131n&#8217; dedi. Otob\u00fcste de iki ki\u015fiydik hi\u00e7 kimse yoktu. Sa\u011folsun \u00e7ok ilgilendi. Hastaneye kavu\u015fturdular ambulansla. \u0130yi ki vars\u0131n\u0131z, iyi ki sizler gibi insanlar var&#8221; diye konu\u015ftu.<\/p>\n<p>B\u00fcy\u00fck\u015fehir&#8217;in kad\u0131n otob\u00fcs \u015fof\u00f6rlerinden Havva \u0130pekli de Mahmut Akdemir&#8217;i sa\u011fl\u0131kl\u0131 g\u00f6rmekten dolay\u0131 \u00e7ok mutlu oldu\u011funu kaydederek, &#8220;Mahmut amcama \u00e7ok ge\u00e7mi\u015f olsun. B\u00f6yle sa\u011fl\u0131kl\u0131 g\u00f6rmek beni \u00e7ok mutlu etti. \u00c7\u00fcnk\u00fc Mahmut amca beni \u00e7ok korkutmu\u015ftu&#8221; \u015feklinde konu\u015ftu.<\/p>\n","protected":false},"excerpt":{"rendered":"<p>Mersin B\u00fcy\u00fck\u015fehir Belediyesi&#8217;nin toplu ta\u015f\u0131ma hizmeti veren Sar\u0131 Limon otob\u00fcs\u00fc i\u00e7erisinde yolculuk s\u0131ras\u0131nda kalp spazm\u0131 ge\u00e7iren bir vatanda\u015f, kad\u0131n otob\u00fcs \u015fof\u00f6r\u00fc ve B\u00fcy\u00fck\u015fehir&#8217;in sa\u011fl\u0131k ekibinin ilk m\u00fcdahalesinin ard\u0131ndan 112 ekiplerine &hellip; <a href=\"https:\/\/akdenizolaygazetesi.com\/?p=24518\" class=\"more-link\">Devam\u0131n\u0131 Oku&#8230;<\/a><\/p>\n","protected":false},"author":2,"featured_media":24519,"comment_status":"open","ping_status":"open","sticky":false,"template":"","format":"standard","meta":[],"categories":[3,9],"tags":[],"_links":{"self":[{"href":"https:\/\/akdenizolaygazetesi.com\/index.php?rest_route=\/wp\/v2\/posts\/24518"}],"collection":[{"href":"https:\/\/akdenizolaygazetesi.com\/index.php?rest_route=\/wp\/v2\/posts"}],"about":[{"href":"https:\/\/akdenizolaygazetesi.com\/index.php?rest_route=\/wp\/v2\/types\/post"}],"author":[{"embeddable":true,"href":"https:\/\/akdenizolaygazetesi.com\/index.php?rest_route=\/wp\/v2\/users\/2"}],"replies":[{"embeddable":true,"href":"https:\/\/akdenizolaygazetesi.com\/index.php?rest_route=%2Fwp%2Fv2%2Fcomments&post=24518"}],"version-history":[{"count":1,"href":"https:\/\/akdenizolaygazetesi.com\/index.php?rest_route=\/wp\/v2\/posts\/24518\/revisions"}],"predecessor-version":[{"id":24520,"href":"https:\/\/akdenizolaygazetesi.com\/index.php?rest_route=\/wp\/v2\/posts\/24518\/revisions\/24520"}],"wp:featuredmedia":[{"embeddable":true,"href":"https:\/\/akdenizolaygazetesi.com\/index.php?rest_route=\/wp\/v2\/media\/24519"}],"wp:attachment":[{"href":"https:\/\/akdenizolaygazetesi.com\/index.php?rest_route=%2Fwp%2Fv2%2Fmedia&parent=24518"}],"wp:term":[{"taxonomy":"category","embeddable":true,"href":"https:\/\/akdenizolaygazetesi.com\/index.php?rest_route=%2Fwp%2Fv2%2Fcategories&post=24518"},{"taxonomy":"post_tag","embeddable":true,"href":"https:\/\/akdenizolaygazetesi.com\/index.php?rest_route=%2Fwp%2Fv2%2Ftags&post=24518"}],"curies":[{"name":"wp","href":"https:\/\/api.w.org\/{rel}","templated":true}]}}