{"id":24524,"date":"2023-03-07T13:28:06","date_gmt":"2023-03-07T10:28:06","guid":{"rendered":"http:\/\/akdenizolaygazetesi.com\/?p=24524"},"modified":"2023-03-07T13:28:06","modified_gmt":"2023-03-07T10:28:06","slug":"buyuksehirin-kandil-simitleri-bu-kandilde-de-hem-mersinlilere-hem-depremzede-vatandaslara-ulastirildi","status":"publish","type":"post","link":"https:\/\/akdenizolaygazetesi.com\/?p=24524","title":{"rendered":"B\u00dcY\u00dcK\u015eEH\u0130R&#8217;\u0130N KAND\u0130L S\u0130M\u0130TLER\u0130 BU KAND\u0130LDE DE HEM MERS\u0130NL\u0130LERE HEM DEPREMZEDE VATANDA\u015eLARA ULA\u015eTIRILDI"},"content":{"rendered":"<p>Mersin B\u00fcy\u00fck\u015fehir Belediyesi, kandillerde simit da\u011f\u0131t\u0131m\u0131 gelene\u011fini Berat Kandili&#8217;nde de s\u00fcrd\u00fcrd\u00fc. Hem cami \u00e7\u0131k\u0131\u015flar\u0131nda vatanda\u015flara hem B\u00fcy\u00fck\u015fehir Belediyesi taraf\u0131ndan kurulan ge\u00e7ici bar\u0131nma alanlar\u0131nda hem de Mersin genelindeki bar\u0131nma alanlar\u0131nda konaklayan depremzedelere kandil simitleri ula\u015ft\u0131r\u0131ld\u0131.<\/p>\n<p>Tarsus&#8217;tan Anamur&#8217;a 15 bin kandil simidi da\u011f\u0131t\u0131ld\u0131<br \/>\nB\u00fcy\u00fck\u015fehir Belediyesi Sosyal Hizmetler Dairesi ile Muhtarl\u0131k \u0130\u015fleri Dairesi ekipleri, her sene oldu\u011fu gibi bu sene de yats\u0131 namaz\u0131n\u0131n ard\u0131ndan vatanda\u015flara kandil simidi da\u011f\u0131t\u0131m\u0131 yapt\u0131. Tarsus&#8217;tan Anamur&#8217;a kadar 13 il\u00e7ede vatanda\u015flar yats\u0131 namaz\u0131 sonras\u0131 B\u00fcy\u00fck\u015fehir&#8217;in kandil simidi ikram\u0131yla kar\u015f\u0131la\u015ft\u0131. B\u00fcy\u00fck\u015fehir ekipleri vatanda\u015flar\u0131n Berat Kandili&#8217;ni kutlarken, vatanda\u015flara kutular i\u00e7erisinde toplam 15 bin adet kandil simidi da\u011f\u0131tt\u0131. <\/p>\n","protected":false},"excerpt":{"rendered":"<p>Mersin B\u00fcy\u00fck\u015fehir Belediyesi, kandillerde simit da\u011f\u0131t\u0131m\u0131 gelene\u011fini Berat Kandili&#8217;nde de s\u00fcrd\u00fcrd\u00fc. Hem cami \u00e7\u0131k\u0131\u015flar\u0131nda vatanda\u015flara hem B\u00fcy\u00fck\u015fehir Belediyesi taraf\u0131ndan kurulan ge\u00e7ici bar\u0131nma alanlar\u0131nda hem de Mersin genelindeki bar\u0131nma alanlar\u0131nda konaklayan &hellip; <a href=\"https:\/\/akdenizolaygazetesi.com\/?p=24524\" class=\"more-link\">Devam\u0131n\u0131 Oku&#8230;<\/a><\/p>\n","protected":false},"author":2,"featured_media":24525,"comment_status":"open","ping_status":"open","sticky":false,"template":"","format":"standard","meta":[],"categories":[3],"tags":[],"_links":{"self":[{"href":"https:\/\/akdenizolaygazetesi.com\/index.php?rest_route=\/wp\/v2\/posts\/24524"}],"collection":[{"href":"https:\/\/akdenizolaygazetesi.com\/index.php?rest_route=\/wp\/v2\/posts"}],"about":[{"href":"https:\/\/akdenizolaygazetesi.com\/index.php?rest_route=\/wp\/v2\/types\/post"}],"author":[{"embeddable":true,"href":"https:\/\/akdenizolaygazetesi.com\/index.php?rest_route=\/wp\/v2\/users\/2"}],"replies":[{"embeddable":true,"href":"https:\/\/akdenizolaygazetesi.com\/index.php?rest_route=%2Fwp%2Fv2%2Fcomments&post=24524"}],"version-history":[{"count":1,"href":"https:\/\/akdenizolaygazetesi.com\/index.php?rest_route=\/wp\/v2\/posts\/24524\/revisions"}],"predecessor-version":[{"id":24526,"href":"https:\/\/akdenizolaygazetesi.com\/index.php?rest_route=\/wp\/v2\/posts\/24524\/revisions\/24526"}],"wp:featuredmedia":[{"embeddable":true,"href":"https:\/\/akdenizolaygazetesi.com\/index.php?rest_route=\/wp\/v2\/media\/24525"}],"wp:attachment":[{"href":"https:\/\/akdenizolaygazetesi.com\/index.php?rest_route=%2Fwp%2Fv2%2Fmedia&parent=24524"}],"wp:term":[{"taxonomy":"category","embeddable":true,"href":"https:\/\/akdenizolaygazetesi.com\/index.php?rest_route=%2Fwp%2Fv2%2Fcategories&post=24524"},{"taxonomy":"post_tag","embeddable":true,"href":"https:\/\/akdenizolaygazetesi.com\/index.php?rest_route=%2Fwp%2Fv2%2Ftags&post=24524"}],"curies":[{"name":"wp","href":"https:\/\/api.w.org\/{rel}","templated":true}]}}