{"id":24530,"date":"2023-03-07T13:31:22","date_gmt":"2023-03-07T10:31:22","guid":{"rendered":"http:\/\/akdenizolaygazetesi.com\/?p=24530"},"modified":"2023-03-07T13:31:22","modified_gmt":"2023-03-07T10:31:22","slug":"vali-ali-hamza-pehlivan-mersin-kiz-ogrenci-yurt-mudurlugunde-duzenlenen-berat-kandili-programina-katildi","status":"publish","type":"post","link":"https:\/\/akdenizolaygazetesi.com\/?p=24530","title":{"rendered":"VAL\u0130 AL\u0130 HAMZA PEHL\u0130VAN, MERS\u0130N KIZ \u00d6\u011eRENC\u0130 YURT M\u00dcD\u00dcRL\u00dc\u011e\u00dc\u2019NDE D\u00dcZENLENEN BERAT KAND\u0130L\u0130 PROGRAMINA KATILDI"},"content":{"rendered":"<p>Valimiz Ali Hamza Pehlivan, Mersin \u0130l M\u00fcft\u00fcl\u00fc\u011f\u00fc ile Y\u00fcksek \u00d6\u011frenim Kredi Yurtlar Kurumu Mersin \u0130l M\u00fcd\u00fcrl\u00fc\u011f\u00fc taraf\u0131ndan Mersin K\u0131z \u00d6\u011frenci Yurt M\u00fcd\u00fcrl\u00fc\u011f\u00fc&#8217;nde d\u00fczenlenen Berat Kandili programa kat\u0131ld\u0131.<\/p>\n<p>Kur&#8217;an-\u0131 Kerim tilaveti ile ba\u015flayan programda,Mevlid okundu,\u0130lahilet s\u00f6ylendi, dualar edildi.<\/p>\n<p>Programda konu\u015fma ger\u00e7ekle\u015ftiren Vali Pehlivan \u201cBu gecemizin hay\u0131rlara, iyiliklere vesile olmas\u0131n\u0131 diliyorum. Berat Kandilinizi tebrik ediyorum. Bu gecemiz in\u015fallah affa, ma\u011ffirete, rahmete, hay\u0131r ve iyiliklerle vesile olur.<\/p>\n<p>\u00c7ok b\u00fcy\u00fck bir deprem afeti ya\u015fad\u0131k, ya\u015f\u0131yoruz. Bu afetin yaralar\u0131n\u0131 sarmak i\u00e7in devlet ve millet olarak kenetlendik, tek y\u00fcrek olduk, m\u00fccadele ediyoruz. Ben de depremin ilk saatlerinde Hatay K\u0131r\u0131khan&#8217;a koordinat\u00f6r Vali olarak g\u00f6revlendirildim. Orada 23 g\u00fcn g\u00f6rev yapmak nasip oldu. Her \u015feyden \u00f6nce bu zor anlarda vatanda\u015flar\u0131m\u0131z\u0131n yan\u0131nda; olabildiysek; elbette ki ba\u015fta Say\u0131n Cumhurba\u015fkan\u0131m\u0131z, Bakanlar\u0131m\u0131z, m\u00fclki idare amirlerimiz, askerimiz, polisimiz, jandarmam\u0131z, b\u00fct\u00fcn kurum kurulu\u015flar\u0131n kamu g\u00f6revlileri, sivil toplum te\u015fkilatlar\u0131, 81 vilayetten g\u00f6n\u00fcll\u00fc olarak gelenler, arama kurtarma ekipleri, yard\u0131m g\u00f6nderenler, hay\u0131rseverler, saymakla bitmez, katk\u0131 sa\u011flayan, destek veren aziz milletimizin bir ferdi birlikte \u00e7orbada tuz misali bu s\u00fcre\u00e7te katk\u0131m\u0131z olabildiyse, her \u015feyden \u00f6nce bunun vicdani sorumlulu\u011funu yerine getirmi\u015f olman\u0131n memnuniyetini,onurunu \u00f6mr\u00fcm boyunca i\u00e7imde ta\u015f\u0131yaca\u011f\u0131m.<\/p>\n<p>Burada bulunan siz k\u0131ymetli misafirlerimiz, o b\u00f6lgeden geldiniz. Ben \u00f6ncelikle deprem nedeniyle bu b\u00fcy\u00fck afet nedeniyle hayat\u0131n\u0131 kaybeden b\u00fct\u00fcn vatanda\u015flar\u0131m\u0131za deprem \u015fehitlerimize Allah&#8217;tan rahmet diliyorum. Yaral\u0131lar\u0131m\u0131za acil \u015fifalar temenni ediyorum. Sizlerin de yak\u0131nlar\u0131ndan hayat\u0131n\u0131 kaybedenler vard\u0131r. Ba\u015f\u0131n\u0131z sa\u011f olsun. Ba\u015f\u0131m\u0131z sa\u011f olsun. \u0130n\u015fallah Allah b\u00f6yle afetler g\u00f6stermesin. B\u00fct\u00fcn afetlerden, \u00fclkemizi, milletimizi muhafaza etsin. <\/p>\n<p>Tabii afetlerin bizlere verdi\u011fi bir tak\u0131m dersler de var. Bu ba\u011flamda afetlere haz\u0131rl\u0131kl\u0131 olmak hayati \u00f6nem te\u015fkil ediyor. Do\u011fal afetler ya\u015fand\u0131\u011f\u0131nda insano\u011flunun ne kadar zor duruma d\u00fc\u015febilece\u011fi de ortaya \u00e7\u0131k\u0131yor. Makam, mevki, maddi g\u00fc\u00e7, ne olursa olsun afetler kar\u015f\u0131s\u0131nda herkes ayn\u0131 zorlu\u011fu,ayn\u0131 me\u015fakkati, ayn\u0131 ac\u0131y\u0131 ya\u015f\u0131yor.<\/p>\n<p>Ramazan\u0131n da m\u00fcjdecisi olan Berat gecesi vesilesiyle manevi duygular\u0131m\u0131z\u0131 \u00e7o\u011falt\u0131rken bir yandan da karde\u015flik duygular\u0131m\u0131z\u0131 \u00fclke ve millet olarak birlik beraberlik duygular\u0131m\u0131z\u0131 da peki\u015ftiriyoruz. Ac\u0131lar\u0131m\u0131z\u0131 payla\u015farak azaltmaya \u00e7al\u0131\u015f\u0131yoruz. Bug\u00fcn burada bu yurt \u00e7at\u0131s\u0131 alt\u0131nda beraberiz. Bu yap\u0131lar devletimizin ve milletimizin yap\u0131lar\u0131. Mersin deprem b\u00f6lgesine yak\u0131n olmas\u0131 hasebiyle depremden etkilenen siz k\u0131ymetli karde\u015flerimizi misafir etmekten gurur duyuyoruz. \u0130yi ki bu imkanlar var da sizlere bu kap\u0131lar a\u00e7\u0131labildi. Say\u0131n Cumhurba\u015fkan\u0131m\u0131z\u0131n talimatlar\u0131yla, Say\u0131n Gen\u00e7lik Spor Bakan\u0131m\u0131z\u0131n koordinasyonuyla \u00fclke genelinde yurtlar\u0131n depremzedeler a\u00e7\u0131lmas\u0131 kararla\u015ft\u0131r\u0131lm\u0131\u015ft\u0131. Sizler \u015f\u00fck\u00fcr ki sa\u011fl\u0131kl\u0131 bir \u015fekilde depremden kurtulabildiniz. \u015eimdi ailelerinizle, \u00e7ocuklar\u0131n\u0131zla buradas\u0131n\u0131z. \u0130n\u015fallah \u015fartlar depreme maruz kalan b\u00f6lgelerde in\u015fa edilecek yeni yap\u0131lar\u0131n ve konutlar\u0131n, yeni i\u015f yerlerinin yap\u0131lmas\u0131yla normalle\u015fecek ve \u00f6zledi\u011finizi bildi\u011fimiz, do\u011fdu\u011funuz, b\u00fcy\u00fcd\u00fc\u011f\u00fcn\u00fcz, o g\u00fczel memleketlere sa\u011fl\u0131k ve huzur i\u00e7erisinde yeniden kavu\u015facaks\u0131n\u0131z. <\/p>\n<p>Bu duygularla bir kere daha burada oldu\u011fumuz s\u00fcrece her zaman yan\u0131n\u0131zda ve yak\u0131n\u0131n\u0131zda oldu\u011fumuzu unutmay\u0131n. L\u00fctfen kendinizi yaln\u0131z hissetmeyin, yaln\u0131z de\u011filsiniz. Devletimiz ve milletimiz yan\u0131n\u0131zda, b\u00fct\u00fcn imkanlar\u0131yla sizleri rahat ettirmek i\u00e7in seferber olmu\u015f durumda.<br \/>\nAllah Ramazan&#8217;a da sa\u011fl\u0131k, huzur i\u00e7erisinde eri\u015fmeyi ve daha nice berat geceleri ve ramazanlar ya\u015famay\u0131 nasip etsin.\u201d dedi.<br \/>\nKYK Genel M\u00fcd\u00fcr Yard\u0131mc\u0131s\u0131 Mustafa \u00d6zg\u00fcl ve \u0130l M\u00fcft\u00fcs\u00fc Ayd\u0131n Y\u0131\u011fman da birer konu\u015fma ger\u00e7ekle\u015ftirdi. Program, \u0130l M\u00fcft\u00fcs\u00fc Ayd\u0131n Y\u0131\u011fman taraf\u0131ndan edilen dualarla sona erdi.<br \/>\nPrograma Yeni\u015fehir Kaymakam\u0131 Nevzat \u015eeng\u00f6k, \u0130l Gen\u00e7lik ve Spor M\u00fcd\u00fcr\u00fc \u00d6kke\u015f Demir ve depremzede vatanda\u015flar\u0131m\u0131z i\u015ftirak etti.<\/p>\n","protected":false},"excerpt":{"rendered":"<p>Valimiz Ali Hamza Pehlivan, Mersin \u0130l M\u00fcft\u00fcl\u00fc\u011f\u00fc ile Y\u00fcksek \u00d6\u011frenim Kredi Yurtlar Kurumu Mersin \u0130l M\u00fcd\u00fcrl\u00fc\u011f\u00fc taraf\u0131ndan Mersin K\u0131z \u00d6\u011frenci Yurt M\u00fcd\u00fcrl\u00fc\u011f\u00fc&#8217;nde d\u00fczenlenen Berat Kandili programa kat\u0131ld\u0131. Kur&#8217;an-\u0131 Kerim tilaveti &hellip; <a href=\"https:\/\/akdenizolaygazetesi.com\/?p=24530\" class=\"more-link\">Devam\u0131n\u0131 Oku&#8230;<\/a><\/p>\n","protected":false},"author":2,"featured_media":24531,"comment_status":"open","ping_status":"open","sticky":false,"template":"","format":"standard","meta":[],"categories":[1,2,3],"tags":[],"_links":{"self":[{"href":"https:\/\/akdenizolaygazetesi.com\/index.php?rest_route=\/wp\/v2\/posts\/24530"}],"collection":[{"href":"https:\/\/akdenizolaygazetesi.com\/index.php?rest_route=\/wp\/v2\/posts"}],"about":[{"href":"https:\/\/akdenizolaygazetesi.com\/index.php?rest_route=\/wp\/v2\/types\/post"}],"author":[{"embeddable":true,"href":"https:\/\/akdenizolaygazetesi.com\/index.php?rest_route=\/wp\/v2\/users\/2"}],"replies":[{"embeddable":true,"href":"https:\/\/akdenizolaygazetesi.com\/index.php?rest_route=%2Fwp%2Fv2%2Fcomments&post=24530"}],"version-history":[{"count":1,"href":"https:\/\/akdenizolaygazetesi.com\/index.php?rest_route=\/wp\/v2\/posts\/24530\/revisions"}],"predecessor-version":[{"id":24532,"href":"https:\/\/akdenizolaygazetesi.com\/index.php?rest_route=\/wp\/v2\/posts\/24530\/revisions\/24532"}],"wp:featuredmedia":[{"embeddable":true,"href":"https:\/\/akdenizolaygazetesi.com\/index.php?rest_route=\/wp\/v2\/media\/24531"}],"wp:attachment":[{"href":"https:\/\/akdenizolaygazetesi.com\/index.php?rest_route=%2Fwp%2Fv2%2Fmedia&parent=24530"}],"wp:term":[{"taxonomy":"category","embeddable":true,"href":"https:\/\/akdenizolaygazetesi.com\/index.php?rest_route=%2Fwp%2Fv2%2Fcategories&post=24530"},{"taxonomy":"post_tag","embeddable":true,"href":"https:\/\/akdenizolaygazetesi.com\/index.php?rest_route=%2Fwp%2Fv2%2Ftags&post=24530"}],"curies":[{"name":"wp","href":"https:\/\/api.w.org\/{rel}","templated":true}]}}