{"id":24538,"date":"2023-03-07T17:25:15","date_gmt":"2023-03-07T14:25:15","guid":{"rendered":"http:\/\/akdenizolaygazetesi.com\/?p=24538"},"modified":"2023-03-07T17:25:15","modified_gmt":"2023-03-07T14:25:15","slug":"baskan-yilmaz-turk-kadini-kahramanligi-ve-vatanseverligiyle-dunyaya-ornek-olmustur","status":"publish","type":"post","link":"https:\/\/akdenizolaygazetesi.com\/?p=24538","title":{"rendered":"BA\u015eKAN YILMAZ; &#8220;T\u00dcRK KADINI, KAHRAMANLI\u011eI VE VATANSEVERL\u0130\u011e\u0130YLE D\u00dcNYAYA \u00d6RNEK OLMU\u015eTUR&#8221;"},"content":{"rendered":"<p>Toroslar Belediye Ba\u015fkan\u0131 Ats\u0131z Af\u015f\u0131n Y\u0131lmaz, 8 Mart D\u00fcnya Kad\u0131nlar G\u00fcn\u00fc dolay\u0131s\u0131yla bir mesaj yay\u0131nlad\u0131.<\/p>\n<p>Kad\u0131nlar\u0131n sevgi, \u015fefkat ve \u00fcretkenli\u011fiyle toplumun birle\u015ftirici ve koruyucu unsuru oldu\u011funu belirten Ba\u015fkan Y\u0131lmaz, deprem felaketinin ard\u0131ndan da \u00fclkemizin d\u00f6rt bir yan\u0131ndaki kad\u0131nlar\u0131n kenetlenerek yaralar\u0131n sar\u0131lmas\u0131 i\u00e7in m\u00fccadele etti\u011fini s\u00f6yledi<\/p>\n<p>8 Mart D\u00fcnya Kad\u0131nlar G\u00fcn\u00fc&#8217;n\u00fcn, bu y\u0131l buruk bir \u015fekilde kutland\u0131\u011f\u0131n\u0131 belirten Ba\u015fkan Y\u0131lmaz; &#8220;\u00d6ncelikle depremde hayat\u0131n\u0131 kaybeden vatanda\u015flar\u0131m\u0131za Allah&#8217;tan rahmet, yaral\u0131lar\u0131m\u0131za acil \u015fifalar diliyorum. Yaralar\u0131m\u0131z\u0131 el ele omuz omuza hep birlikte saraca\u011f\u0131z. D\u00fcnya Kad\u0131nlar G\u00fcn\u00fc vesilesiyle, hayat\u0131m\u0131z\u0131n her alan\u0131nda b\u00fcy\u00fck rol \u00fcstlenen t\u00fcm kad\u0131nlara sa\u011fl\u0131kl\u0131 ve huzur dolu bir \u00f6m\u00fcr diliyorum&#8221; dedi.<\/p>\n<p>&#8220;Toplum olarak kad\u0131nlar\u0131m\u0131za ne kadar \u00e7ok f\u0131rsat sunarsak daha da g\u00fc\u00e7lenir ve daha ileriye gideriz&#8221; diyen Ba\u015fkan Y\u0131lmaz, kad\u0131nlar\u0131n gerek aile gerek toplum yap\u0131s\u0131n\u0131n temel dire\u011fi oldu\u011funa vurgu yapt\u0131.<\/p>\n<p>&#8220;TOROSLAR&#8217;DA DAYANI\u015eMANIN EN G\u00dcZEL \u00d6RNE\u011e\u0130 YA\u015eANIYOR&#8221;<\/p>\n<p>Ba\u015fkan Y\u0131lmaz, Kahramanmara\u015f merkezli 11 ili vuran depremin yaralar\u0131n\u0131 sarmak i\u00e7in Toroslar&#8217;da da b\u00fcy\u00fck bir dayan\u0131\u015fma \u00f6rne\u011fi ya\u015fand\u0131\u011f\u0131n\u0131 ve bununla da gurur duyduklar\u0131n\u0131 s\u00f6yledi.<\/p>\n<p>G\u00f6n\u00fcll\u00fc vatanda\u015flardan gelen yard\u0131m malzemelerinin yan\u0131 s\u0131ra Toroslar Belediyesinin TORTEK e\u011fitmenleri ve kursiyerleri, so\u011fuk hava ko\u015fullar\u0131 nedeniyle afet b\u00f6lgesinde ya\u015fayan vatanda\u015flar\u0131n en \u00e7ok ihtiya\u00e7 duydu\u011fu k\u0131\u015fl\u0131k malzemelerden olan atk\u0131, bere, patik, eldiven, yelek, s\u00fcveter, ceket, \u015fal ve \u00e7ocuk battaniyesi \u00f6r\u00fcyor. TORTEK merkezlerinde, polardan battaniye, bere, patik ve \u00e7orap da dikilerek depremzedelere ula\u015ft\u0131r\u0131l\u0131yor.<\/p>\n<p>Toroslar Belediye Ba\u015fkan\u0131 Ats\u0131z Af\u015f\u0131n Y\u0131lmaz&#8217;\u0131n e\u015fi Meltem Y\u0131lmaz da kursiyerleri yaln\u0131z b\u0131rakm\u0131yor. El birli\u011fiyle yap\u0131lan bu duyarl\u0131 \u00e7al\u0131\u015fmaya, g\u00f6n\u00fcll\u00fc giri\u015fimcilerin yan\u0131 s\u0131ra mahalle sakinleri de evlerinden destek veriyor.<\/p>\n<p>Toroslar Belediyesinin, Yunus Emre K\u00fclt\u00fcr Merkezi&#8217;nde olu\u015fturdu\u011fu Kriz Masas\u0131n\u0131n yan\u0131 s\u0131ra yemekhanesi de il\u00e7ede konaklayan depremzede vatanda\u015flar i\u00e7in hizmet veriyor.<br \/>\nKazanlarda kad\u0131nlar taraf\u0131ndan \u00f6zenle haz\u0131rlanan s\u0131cak yemekler, il\u00e7edeki sosyal tesislerde ve g\u00f6n\u00fcll\u00fc vatanda\u015flar\u0131n yan\u0131nda kalan depremzedelere ula\u015ft\u0131r\u0131l\u0131yor.<br \/>\nYunus Emre K\u00fclt\u00fcr Merkezi&#8217;nde bulunan Hay\u0131r \u00c7ar\u015f\u0131s\u0131&#8217;na gelen depremzede vatanda\u015flar, kendileri i\u00e7in tasnif edilen alanlardan ihtiya\u00e7 duyduklar\u0131 k\u0131yafetleri se\u00e7iyor. G\u00f6n\u00fcll\u00fc vatanda\u015flar\u0131n da deste\u011fiyle organize edilen yard\u0131mlar, \u00e7\u0131\u011f gibi b\u00fcy\u00fcyor.<\/p>\n<p>&#8220;T\u00dcM EMEKTAR KADINLARIMIZI G\u00d6N\u00dcLDEN TEBR\u0130K ED\u0130YORUM&#8221;<\/p>\n<p>Toroslar Belediye Ba\u015fkan\u0131 Ats\u0131z Af\u015f\u0131n Y\u0131lmaz, depremzedeler i\u00e7in kenetlenerek \u00f6rnek bir davran\u0131\u015f sergileyen t\u00fcm kad\u0131nlara te\u015fekk\u00fcr etti.<br \/>\nBa\u015fkan Y\u0131lmaz; &#8220;\u00dclke olarak Cumhuriyet tarihinin en b\u00fcy\u00fck afetini ya\u015fad\u0131k. Depremde hayat\u0131n\u0131 kaybeden vatanda\u015flar\u0131m\u0131za Allah&#8217;tan rahmet, yaral\u0131lar\u0131m\u0131za acil \u015fifalar diliyorum. Yaralar\u0131m\u0131z\u0131 birlikte saraca\u011f\u0131z. TORTEK kursiyerlerimiz de g\u00f6n\u00fclleri \u0131s\u0131tacak \u00f6rnek bir davran\u0131\u015f sergilediler. Depremin ard\u0131ndan organize olan t\u00fcm kad\u0131nlar\u0131m\u0131za g\u00f6n\u00fclden te\u015fekk\u00fcr ediyorum. Kad\u0131nlar\u0131m\u0131z\u0131n el eme\u011fi g\u00f6z nuru ile \u00f6rd\u00fckleri bu malzemeleri de ara\u00e7lar\u0131m\u0131zla deprem b\u00f6lgesine g\u00f6ndererek depremzede vatanda\u015flar\u0131m\u0131za ula\u015ft\u0131r\u0131yoruz. Akl\u0131m\u0131z, kalbimiz, deste\u011fimiz afet b\u00f6lgesinde&#8221; ifadelerini kulland\u0131.<\/p>\n<p>&#8220;KADINLARIMIZIN YANINDA OLMAYA, DESTEKLEMEYE DEVAM EDECE\u011e\u0130Z&#8221;<\/p>\n<p>&#8220;Kad\u0131nlar\u0131n sosyal hayat\u0131n i\u00e7inde, sa\u011fl\u0131kta, istihdamda, e\u011fitimde ve siyasette hak etti\u011fi yerde olmas\u0131 bug\u00fcn\u00fcm\u00fcz ve gelece\u011fimiz i\u00e7in b\u00fcy\u00fck \u00f6nem ta\u015f\u0131maktad\u0131r&#8221; diyen Ba\u015fkan Y\u0131lmaz; &#8220;Kad\u0131n ailedir, kad\u0131n annedir, kad\u0131n vatand\u0131r, kad\u0131n \u00fclkedir, kad\u0131n gelecektir, kad\u0131n gelecek nesillerin teminat\u0131d\u0131r. Toroslar Belediyesi olarak kad\u0131n-erkek e\u015fitli\u011fi, kad\u0131n haklar\u0131n\u0131n korunmas\u0131, kad\u0131na kar\u015f\u0131 \u015fiddetin \u00f6nlenmesi ve kad\u0131nlar\u0131n istihdam\u0131yla ilgili \u00f6nemli \u00e7al\u0131\u015fmalar yap\u0131yoruz. Avrupa Belediyeler ve B\u00f6lgeler Konseyi (CEMR) taraf\u0131ndan haz\u0131rlanan Avrupa Yerel Ya\u015famda Kad\u0131n Erkek E\u015fitli\u011fi \u015eart\u0131&#8217;n\u0131 imzalayarak \u00f6nemli bir ad\u0131m att\u0131k. Belediyemiz b\u00fcnyesinde faaliyet g\u00f6steren Toroslar Kad\u0131n ve \u00c7ocuk Dan\u0131\u015fma Merkezimiz ile kad\u0131nlara psikolojik ve sosyal dan\u0131\u015fmanl\u0131k hizmeti vererek fark\u0131ndal\u0131k \u00e7al\u0131\u015fmalar\u0131 yap\u0131yoruz. Kad\u0131nlar\u0131n sosyal ve ekonomik hayatta daha aktif ve ba\u015far\u0131l\u0131 olmalar\u0131n\u0131 sa\u011flamak amac\u0131yla b\u00fcnyemizde faaliyet g\u00f6steren Teknik ve Mesleki E\u011fitim Kurslar\u0131 (TORTEK) Merkezimizde, 48 bran\u015fta e\u011fitim ve \u00fcretimi bir arada sunuyoruz. Kariyer Merkezimiz, \u00fccretsiz d\u00fczenledi\u011fimiz k\u00fclt\u00fcr, sanat, spor kurslar\u0131m\u0131z ve bir\u00e7ok projemizle kad\u0131nlar\u0131m\u0131z\u0131n yan\u0131nda olduk ve olmaya devam edece\u011fiz. Halk\u0131m\u0131z\u0131n ya\u015famaktan mutlu olaca\u011f\u0131 bir gelece\u011fi hep birlikte in\u015fa ediyoruz. \u00c7\u00fcnk\u00fc biz b\u00fcy\u00fck bir aileyiz. Bu duygu ve d\u00fc\u015f\u00fcncelerle ba\u015fta \u015fehit anneleri olmak \u00fczere t\u00fcm kad\u0131nlar\u0131n 8 Mart D\u00fcnya Kad\u0131nlar G\u00fcn\u00fc&#8217;n\u00fc kutluyor,  sevgi ve sayg\u0131lar\u0131m\u0131 sunuyorum&#8221; \u015feklinde konu\u015ftu.<\/p>\n","protected":false},"excerpt":{"rendered":"<p>Toroslar Belediye Ba\u015fkan\u0131 Ats\u0131z Af\u015f\u0131n Y\u0131lmaz, 8 Mart D\u00fcnya Kad\u0131nlar G\u00fcn\u00fc dolay\u0131s\u0131yla bir mesaj yay\u0131nlad\u0131. Kad\u0131nlar\u0131n sevgi, \u015fefkat ve \u00fcretkenli\u011fiyle toplumun birle\u015ftirici ve koruyucu unsuru oldu\u011funu belirten Ba\u015fkan Y\u0131lmaz, deprem &hellip; <a href=\"https:\/\/akdenizolaygazetesi.com\/?p=24538\" class=\"more-link\">Devam\u0131n\u0131 Oku&#8230;<\/a><\/p>\n","protected":false},"author":2,"featured_media":24539,"comment_status":"open","ping_status":"open","sticky":false,"template":"","format":"standard","meta":[],"categories":[3],"tags":[],"_links":{"self":[{"href":"https:\/\/akdenizolaygazetesi.com\/index.php?rest_route=\/wp\/v2\/posts\/24538"}],"collection":[{"href":"https:\/\/akdenizolaygazetesi.com\/index.php?rest_route=\/wp\/v2\/posts"}],"about":[{"href":"https:\/\/akdenizolaygazetesi.com\/index.php?rest_route=\/wp\/v2\/types\/post"}],"author":[{"embeddable":true,"href":"https:\/\/akdenizolaygazetesi.com\/index.php?rest_route=\/wp\/v2\/users\/2"}],"replies":[{"embeddable":true,"href":"https:\/\/akdenizolaygazetesi.com\/index.php?rest_route=%2Fwp%2Fv2%2Fcomments&post=24538"}],"version-history":[{"count":1,"href":"https:\/\/akdenizolaygazetesi.com\/index.php?rest_route=\/wp\/v2\/posts\/24538\/revisions"}],"predecessor-version":[{"id":24540,"href":"https:\/\/akdenizolaygazetesi.com\/index.php?rest_route=\/wp\/v2\/posts\/24538\/revisions\/24540"}],"wp:featuredmedia":[{"embeddable":true,"href":"https:\/\/akdenizolaygazetesi.com\/index.php?rest_route=\/wp\/v2\/media\/24539"}],"wp:attachment":[{"href":"https:\/\/akdenizolaygazetesi.com\/index.php?rest_route=%2Fwp%2Fv2%2Fmedia&parent=24538"}],"wp:term":[{"taxonomy":"category","embeddable":true,"href":"https:\/\/akdenizolaygazetesi.com\/index.php?rest_route=%2Fwp%2Fv2%2Fcategories&post=24538"},{"taxonomy":"post_tag","embeddable":true,"href":"https:\/\/akdenizolaygazetesi.com\/index.php?rest_route=%2Fwp%2Fv2%2Ftags&post=24538"}],"curies":[{"name":"wp","href":"https:\/\/api.w.org\/{rel}","templated":true}]}}