{"id":24541,"date":"2023-03-07T17:28:01","date_gmt":"2023-03-07T14:28:01","guid":{"rendered":"http:\/\/akdenizolaygazetesi.com\/?p=24541"},"modified":"2023-03-07T17:28:01","modified_gmt":"2023-03-07T14:28:01","slug":"akdeniz-belediye-baskani-gultaktan-kadinlar-gunu-mesaji","status":"publish","type":"post","link":"https:\/\/akdenizolaygazetesi.com\/?p=24541","title":{"rendered":"AKDEN\u0130Z BELED\u0130YE BA\u015eKANI G\u00dcLTAK\u2019TAN \u201cKADINLAR G\u00dcN\u00dc\u201d MESAJI"},"content":{"rendered":"<p>Ba\u015fkan G\u00fcltak, ge\u00e7mi\u015fte hayat\u0131n her alan\u0131nda ihmal edilip d\u00f6rt duvar aras\u0131na kapat\u0131lan Akdenizli kad\u0131nlara pozitif ayr\u0131mc\u0131l\u0131k uygulamaya; kad\u0131nlar\u0131n sosyal, ekonomik ve toplumsal stat\u00fclerini y\u00fckselten hizmet ve projeler \u00fcretmeye devam edeceklerini vurgulad\u0131.<br \/>\nAkdeniz Belediye Ba\u015fkan\u0131 M. Mustafa G\u00fcltak, \u201c8 Mart D\u00fcnya Emek\u00e7i Kad\u0131nlar G\u00fcn\u00fc\u201d dolay\u0131s\u0131yla yay\u0131nlad\u0131\u011f\u0131 mesaj\u0131nda; Akdenizli kad\u0131nlara pozitif ayr\u0131mc\u0131l\u0131k uygulamaya devam edeceklerini; kad\u0131nlar\u0131n hayat\u0131na dokunan projelerin, mesleki, sosyal, k\u00fclt\u00fcrel ve istihdama y\u00f6nelik hizmetlerin s\u00fcrece\u011fini belirtti.<br \/>\nAkdenizli kad\u0131nlar\u0131n, belediyeye ait k\u00fclt\u00fcr ve sanat evlerinde verilen farkl\u0131 kurslar sayesinde meslek \u00f6\u011frenip hayata daha g\u00fc\u00e7l\u00fc sar\u0131ld\u0131klar\u0131n\u0131 ifade eden Ba\u015fkan G\u00fcltak, ayr\u0131ca \u201cMikro Kredi Projesi\u201d, \u201cKooperatifle\u015fme Hamlesi\u201d, \u201cHo\u015f Geldin Bebek Projesi\u201d ve \u201cAnne &#8211; K\u0131z Projesi\u201d gibi sosyal, ekonomik ve istihdama y\u00f6nelik projelerle de Akdenizli kad\u0131nlar\u0131 yaln\u0131z b\u0131rakmad\u0131klar\u0131n\u0131n alt\u0131n\u0131 \u00e7izdi.<br \/>\n\u00dcreten kad\u0131n g\u00fc\u00e7lenir!<br \/>\nBa\u015fkan G\u00fcltak, \u201c\u00dcreten kad\u0131n g\u00fc\u00e7lenir, g\u00fc\u00e7lenen kad\u0131n kendine g\u00fcvenir. Bizler de bu bilin\u00e7le g\u00f6reve gelir gelmez kad\u0131nlara pozitif ayr\u0131mc\u0131l\u0131k uygulad\u0131k. Tar\u0131msal Hizmetler M\u00fcd\u00fcrl\u00fc\u011f\u00fcm\u00fcz \u00f6nc\u00fcl\u00fc\u011f\u00fc ve kooperatif \u00fcyesi kad\u0131nlar\u0131n kat\u0131l\u0131m\u0131yla organik tar\u0131mda ba\u015flatt\u0131\u011f\u0131m\u0131z atakla, at\u0131l arazilerimizi de\u011ferlendiriyor; kad\u0131nlar\u0131n tar\u0131msal \u00fcretime kat\u0131larak aile b\u00fct\u00e7elerine katk\u0131 sunmalar\u0131na destek oluyoruz. Toplumun yar\u0131s\u0131n\u0131 olu\u015fturan kad\u0131nlar\u0131, hayat\u0131n ve \u00fcretimin d\u0131\u015f\u0131nda tutmak d\u00fc\u015f\u00fcn\u00fclemez\u201d dedi.<br \/>\n\u201cKad\u0131n\u0131 d\u0131\u015flayan toplumlar\u0131n gelece\u011fi olamaz\u201d<br \/>\nMesaj\u0131nda; \u2018kad\u0131n ile erke\u011fin bir b\u00fct\u00fcn\u00fcn iki e\u015fit par\u00e7as\u0131\u2019 oldu\u011funu kaydeden Ba\u015fkan G\u00fcltak; \u201cKad\u0131n annedir, kad\u0131n \u00fcretkendir. Dolay\u0131s\u0131yla topluma de\u011fer katan, \u00f6z\u00fcn\u00fc veren ve mayas\u0131n\u0131 olu\u015fturan, bizzat kad\u0131nd\u0131r. Kad\u0131nlar\u0131 d\u0131\u015flayan, siyasi, k\u00fclt\u00fcrel, ekonomik ve sosyal hayata katmayan toplumlar\u0131n gelece\u011fi olamaz. Amac\u0131m\u0131z; annemiz, e\u015fimiz ve karde\u015fimiz olan kad\u0131nlar\u0131 her zaman lay\u0131k olduklar\u0131 yere ta\u015f\u0131makt\u0131r. Bu duygularla, ba\u015fta \u015fehit annelerimiz ve \u015fehit e\u015fleri olmak \u00fczere t\u00fcm kad\u0131nlar\u0131n 8 Mart D\u00fcnya Kad\u0131nlar G\u00fcn\u00fc\u2019n\u00fc tebrik ediyor, sa\u011fl\u0131kl\u0131 bir ya\u015fam ve mutlu bir gelecek temenni ediyorum\u201d ifadelerini kulland\u0131.<\/p>\n","protected":false},"excerpt":{"rendered":"<p>Ba\u015fkan G\u00fcltak, ge\u00e7mi\u015fte hayat\u0131n her alan\u0131nda ihmal edilip d\u00f6rt duvar aras\u0131na kapat\u0131lan Akdenizli kad\u0131nlara pozitif ayr\u0131mc\u0131l\u0131k uygulamaya; kad\u0131nlar\u0131n sosyal, ekonomik ve toplumsal stat\u00fclerini y\u00fckselten hizmet ve projeler \u00fcretmeye devam edeceklerini &hellip; <a href=\"https:\/\/akdenizolaygazetesi.com\/?p=24541\" class=\"more-link\">Devam\u0131n\u0131 Oku&#8230;<\/a><\/p>\n","protected":false},"author":2,"featured_media":24542,"comment_status":"open","ping_status":"open","sticky":false,"template":"","format":"standard","meta":[],"categories":[2,3,5],"tags":[],"_links":{"self":[{"href":"https:\/\/akdenizolaygazetesi.com\/index.php?rest_route=\/wp\/v2\/posts\/24541"}],"collection":[{"href":"https:\/\/akdenizolaygazetesi.com\/index.php?rest_route=\/wp\/v2\/posts"}],"about":[{"href":"https:\/\/akdenizolaygazetesi.com\/index.php?rest_route=\/wp\/v2\/types\/post"}],"author":[{"embeddable":true,"href":"https:\/\/akdenizolaygazetesi.com\/index.php?rest_route=\/wp\/v2\/users\/2"}],"replies":[{"embeddable":true,"href":"https:\/\/akdenizolaygazetesi.com\/index.php?rest_route=%2Fwp%2Fv2%2Fcomments&post=24541"}],"version-history":[{"count":1,"href":"https:\/\/akdenizolaygazetesi.com\/index.php?rest_route=\/wp\/v2\/posts\/24541\/revisions"}],"predecessor-version":[{"id":24543,"href":"https:\/\/akdenizolaygazetesi.com\/index.php?rest_route=\/wp\/v2\/posts\/24541\/revisions\/24543"}],"wp:featuredmedia":[{"embeddable":true,"href":"https:\/\/akdenizolaygazetesi.com\/index.php?rest_route=\/wp\/v2\/media\/24542"}],"wp:attachment":[{"href":"https:\/\/akdenizolaygazetesi.com\/index.php?rest_route=%2Fwp%2Fv2%2Fmedia&parent=24541"}],"wp:term":[{"taxonomy":"category","embeddable":true,"href":"https:\/\/akdenizolaygazetesi.com\/index.php?rest_route=%2Fwp%2Fv2%2Fcategories&post=24541"},{"taxonomy":"post_tag","embeddable":true,"href":"https:\/\/akdenizolaygazetesi.com\/index.php?rest_route=%2Fwp%2Fv2%2Ftags&post=24541"}],"curies":[{"name":"wp","href":"https:\/\/api.w.org\/{rel}","templated":true}]}}