{"id":24544,"date":"2023-03-08T16:26:43","date_gmt":"2023-03-08T13:26:43","guid":{"rendered":"http:\/\/akdenizolaygazetesi.com\/?p=24544"},"modified":"2023-03-08T16:26:43","modified_gmt":"2023-03-08T13:26:43","slug":"kadinlar-erkek-egemen-rantci-sisteme-karsi-umudu-ve-yasami-tekrar-orecektir","status":"publish","type":"post","link":"https:\/\/akdenizolaygazetesi.com\/?p=24544","title":{"rendered":"\u2018Kad\u0131nlar, Erkek Egemen Rant\u00e7\u0131 Sisteme Kar\u015f\u0131 Umudu ve Ya\u015fam\u0131  Tekrar \u00d6recektir\u2019"},"content":{"rendered":"<p>G\u00dcL \u00c7A\u011eLAR<br \/>\nMersin Tabip Odas\u0131 Kad\u0131n Hekimlik ve Kad\u0131n Sa\u011fl\u0131\u011f\u0131 Komisyonu 8 Mart D\u00fcnya Emek\u00e7i Kad\u0131nlar G\u00fcn\u00fc nedeniyle Mersin Tabip Odas\u0131\u2019nda bas\u0131n a\u00e7\u0131klamas\u0131 ger\u00e7ekle\u015ftirdi.<br \/>\nBas\u0131n a\u00e7\u0131klamas\u0131n\u0131 okuyan Mersin Tabip Odas\u0131 Genel Sekreteri Dr. Reyhang\u00fcl Balo\u011flu, \u201cErkek egemen kapitalist sistemin rant\u0131 \u00f6nceleyen, insan\u0131, do\u011fay\u0131, kad\u0131n\u0131, \u00e7ocu\u011fu yok sayan politikalar\u0131 sonucu 6 \u015eubat\u2019ta Mara\u015f Pazarc\u0131k ve Elbistan merkezli ya\u015fad\u0131\u011f\u0131m\u0131z depremler, onbinlerce insan\u0131m\u0131z\u0131 ya\u015famdan koparan bir katliama d\u00f6n\u00fc\u015ft\u00fc. \u0130ktidara g\u00f6re her zamanki gibi ya\u015fananlar kaderdi, f\u0131tratt\u0131. Art\u0131k ger\u00e7ek su g\u00f6t\u00fcrmez bir bi\u00e7imde ortada. Yanda\u015flar\u0131n medya ve di\u011fer ara\u00e7larla suyu buland\u0131rma \u00e7abalar\u0131na ra\u011fmen y\u00fcz y\u0131l\u0131n en b\u00fcy\u00fck y\u0131k\u0131m\u0131 oldu\u011fu ger\u00e7e\u011fi gizlenemez. Bir depremzede kad\u0131n\u0131n s\u00f6zleri ile \u201cOrtada top yok, t\u00fcfek yok, i\u015fgalci yok ama her yer bir sava\u015f alan\u0131.\u201d Kendi halk\u0131na bir sava\u015f enkaz\u0131 b\u0131rakm\u0131\u015f bir iktidar var. B\u00fcy\u00fck y\u0131k\u0131m sonras\u0131 t\u00fcm demokratik kitle \u00f6rg\u00fctleri, g\u00f6n\u00fcll\u00fcler ilk saatlerden itibaren dayan\u0131\u015fmaya ko\u015farken; devlet, i\u00e7i bo\u015falt\u0131lm\u0131\u015f yard\u0131m kurumlar\u0131 ve \u00e7\u0131kar pazarl\u0131klar\u0131 nedeniyle ilk \u00fc\u00e7 g\u00fcn planl\u0131 afet \u00e7al\u0131\u015fmas\u0131 ba\u015flatamam\u0131\u015ft\u0131r. Patriarkal d\u00fczenin rant\u00e7\u0131 siyasetleri bu mezarl\u0131\u011fa d\u00f6nen kentlerin mimar\u0131d\u0131r.\u201d dedi.<\/p>\n<p>\u201cSava\u015flar, ekolojik y\u0131k\u0131mlar, ekonomik krizler her zaman \u00f6nce kad\u0131nlar ve \u00e7ocuklar\u0131 vuruyor\u201d<\/p>\n<p>Ya\u015fanan depremin, var olan krizleri ve e\u015fitsizlikleri derinle\u015ftirdi\u011fini belirten Balo\u011flu, \u201cN\u00fcfusun bir b\u00f6l\u00fcm\u00fc zorunlu g\u00f6\u00e7 ile \u00e7evre illere ve metropollere gelmek zorunda kald\u0131. Kalabal\u0131k hanelerde ya\u015fama devam etmeye \u00e7al\u0131\u015f\u0131yorlar. G\u00f6\u00e7 edecek ko\u015fullar\u0131 olmayanlar da h\u00e2l\u00e2 bar\u0131nma, beslenme sa\u011flanmad\u0131\u011f\u0131 ve hijyen \u015fartlar\u0131n\u0131n dahi olu\u015fturulamad\u0131\u011f\u0131, g\u00fcvenliksiz \u00e7ad\u0131r kentlerde ve insanl\u0131k onuruna yak\u0131\u015fmayacak ko\u015fullarda ya\u015fam\u0131n\u0131 s\u00fcrd\u00fcrmeye \u00e7al\u0131\u015f\u0131yor. Geriye kalan n\u00fcfus ise da\u011f\u0131n\u0131k bir bi\u00e7imde sosyal olanaklara ula\u015famadan, derme \u00e7atma seralarda ya\u015fam m\u00fccadelesi veriyor. N\u00fcfusun bir b\u00f6l\u00fcm\u00fc h\u00e2l\u00e2 kay\u0131p, enkazdan kurtar\u0131lan kay\u0131p olan y\u00fczlerce \u00e7ocuk var. Kay\u0131p \u00e7ocuklar\u0131n ak\u0131betini soruyoruz, sesimiz bo\u015f kuyulardan bize geri yans\u0131yor, aile bakan\u0131 durumu ola\u011fanla\u015ft\u0131ran ve s\u0131radanla\u015ft\u0131ran s\u00f6ylemlerde bulunuyor.\u00a0Sava\u015flar, ekolojik y\u0131k\u0131mlar, ekonomik krizler her zaman \u00f6nce kad\u0131nlar ve \u00e7ocuklar\u0131 vurmaktad\u0131r dedik hep. 6 \u015eubat Mara\u015f depremleri sonras\u0131nda da geni\u015f bir co\u011frafyada ya\u015fanan y\u0131k\u0131m\u0131n sonu\u00e7lar\u0131 yine kad\u0131nlar a\u00e7\u0131s\u0131ndan daha derin ve a\u011f\u0131r ya\u015fanmakta. Bak\u0131m verenin kad\u0131n oldu\u011fu ailelerde, \u015fimdi zor ya\u015fam ko\u015fullar\u0131 nedeniyle kad\u0131nlar bu y\u00fck\u00fcn alt\u0131nda daha da ezilmekteler. Depremin yaratt\u0131\u011f\u0131 fiziksel ve psikolojik travma hen\u00fcz yeni olmas\u0131n\u0131n yan\u0131 s\u0131ra; sa\u011fl\u0131ks\u0131z bar\u0131nma ko\u015fullar\u0131, temiz suya eri\u015fim zorlu\u011fu, tuvalet ve banyo gibi hijyen a\u00e7\u0131s\u0131ndan \u00f6nemli alanlar\u0131n s\u0131n\u0131rl\u0131l\u0131\u011f\u0131 hastal\u0131klar\u0131 art\u0131r\u0131yor, salg\u0131n riski ta\u015f\u0131yor.\u00a0Kad\u0131nlar i\u00e7in d\u00fc\u015f\u00fcn\u00fclmemi\u015f, g\u00fcvenlikli olmayan yerle\u015fim alanlar\u0131 kad\u0131nlar\u0131 \u015fiddet ve istismara a\u00e7\u0131k hale getiriyor. Y\u0131k\u0131mlardan \u00f6nce s\u00f6yledik sa\u011fl\u0131kl\u0131 kentler ancak ve ancak kad\u0131n perspektifi ile s\u00fcrd\u00fcr\u00fclebilir alternatiflerle m\u00fcmk\u00fcn.\u201d \u015feklinde konu\u015ftu. <\/p>\n<p>\u201cKad\u0131n m\u00fccadele tarihi \u00f6n\u00fcm\u00fcz\u00fc ayd\u0131nlatacak\u201d<\/p>\n<p>Kad\u0131nlar\u0131 \u00e7ok \u00f6nemli bir s\u00fcre\u00e7 bekledi\u011fini s\u00f6yleyen Balo\u011flu, \u201cY\u0131k\u0131lan kentlerde ya\u015fam\u0131 \u00f6rmek, tekrar erkek egemen rant\u00e7\u0131 sisteme teslim etmemek i\u00e7in, hayatta kalanlar\u0131n ya\u015fama tutunma umudunu \u00f6rg\u00fctleyebilmesi i\u00e7in dayan\u0131\u015fmay\u0131 olanca g\u00fcc\u00fcm\u00fczle \u00f6rg\u00fctlemeliyiz. \u0130rademizi \u00f6nce alanlarda, y\u0131k\u0131m\u0131n oldu\u011fu kentlerde dayan\u0131\u015fmayla ortaya koyaca\u011f\u0131z. Her k\u00f6\u015fe ba\u015f\u0131nda kad\u0131nlar ve k\u0131z \u00e7ocuklar\u0131 i\u00e7in g\u00fcvenli kentler kurulana kadar bir kad\u0131n isyan\u0131 y\u00fckselecek: \u201cKentler bizim, biz kad\u0131nlar\u0131n kentleri olacak!\u201d Daha nice isyan\u0131m\u0131zda oldu\u011fu gibi, kaybetti\u011fimiz canlar\u0131n dirili\u015fini duyacaks\u0131n\u0131z. Yanda\u015f \u0130n\u015faat firmalar\u0131na, sermayeye ya\u015fam\u0131m\u0131z\u0131 tekrar tekrar pe\u015fke\u015f \u00e7ekemeyeceksiniz.Biz kad\u0131nlar, omuz omuza erkek egemen rant\u00e7\u0131 sisteme kar\u015f\u0131 ya\u015fam\u0131 ve umudu tekrar \u00f6rece\u011fiz. Mahpus kad\u0131nlar, LGBTQ+\u2019lar, \u00e7ocuklar, g\u00f6\u00e7men kad\u0131nlar, e\u015fitsizli\u011fi en derinden ya\u015fayan kesimler ile saflarda birlikte y\u00fcr\u00fcyece\u011fiz. Kad\u0131n m\u00fccadele tarihi \u00f6n\u00fcm\u00fcz\u00fc ayd\u0131nlatacak. Clara\u2019dan, Rosa\u2019dan ald\u0131\u011f\u0131m\u0131z bayrak g\u00fcn\u00fcm\u00fczde daha da renkleniyor, kad\u0131n m\u00fccadelesi gelene\u011fine sahip \u00e7\u0131karak g\u00fcnden g\u00fcne tan\u0131m\u0131n\u0131 zenginle\u015ftiriyor, ya\u015fama anlam kat\u0131yor.D\u00fcnyan\u0131n her k\u0131tas\u0131nda, insan\u0131n iz s\u00fcrd\u00fc\u011f\u00fc her co\u011frafyada y\u0131k\u0131mlara ve talanlara en g\u00fc\u00e7l\u00fc yan\u0131t\u0131 verenler kad\u0131nlar oldu. Bizler iradesini, isyan\u0131n\u0131 rengarenk ku\u015fanan kad\u0131nlar\u0131z. Yas\u0131m\u0131z\u0131 ya\u015farken \u00e7\u00fcr\u00fcm\u00fc\u015f d\u00fczenin ortas\u0131nda yeni ya\u015fam\u0131n tohumlar\u0131n\u0131 bizler ektik. Onun filiz verip dallar\u0131 ile ya\u015fam\u0131 ku\u015fanmas\u0131n\u0131n sorumlulu\u011funu ta\u015f\u0131yoruz. Bu sorumluluk ile t\u00fcm kad\u0131n hekimleri ve t\u00fcm kad\u0131n yolda\u015flar\u0131m\u0131z\u0131 8 Mart\u2019ta alanlara davet ediyoruz.Kad\u0131n hekimler olarak bu sene 8 Mart\u2019\u0131 6 \u015eubat depreminde kaybetti\u011fimiz kad\u0131n hekimlere ve t\u00fcm kad\u0131nlara ad\u0131yoruz. Hayatta kalan ve hala umudu \u00f6rg\u00fctleyen t\u00fcm depremzede kad\u0131nlara selam olsun.\u201d ifadelerini kulland\u0131.<\/p>\n","protected":false},"excerpt":{"rendered":"<p>G\u00dcL \u00c7A\u011eLAR Mersin Tabip Odas\u0131 Kad\u0131n Hekimlik ve Kad\u0131n Sa\u011fl\u0131\u011f\u0131 Komisyonu 8 Mart D\u00fcnya Emek\u00e7i Kad\u0131nlar G\u00fcn\u00fc nedeniyle Mersin Tabip Odas\u0131\u2019nda bas\u0131n a\u00e7\u0131klamas\u0131 ger\u00e7ekle\u015ftirdi. Bas\u0131n a\u00e7\u0131klamas\u0131n\u0131 okuyan Mersin Tabip Odas\u0131 &hellip; <a href=\"https:\/\/akdenizolaygazetesi.com\/?p=24544\" class=\"more-link\">Devam\u0131n\u0131 Oku&#8230;<\/a><\/p>\n","protected":false},"author":2,"featured_media":24545,"comment_status":"open","ping_status":"open","sticky":false,"template":"","format":"standard","meta":[],"categories":[2,3],"tags":[],"_links":{"self":[{"href":"https:\/\/akdenizolaygazetesi.com\/index.php?rest_route=\/wp\/v2\/posts\/24544"}],"collection":[{"href":"https:\/\/akdenizolaygazetesi.com\/index.php?rest_route=\/wp\/v2\/posts"}],"about":[{"href":"https:\/\/akdenizolaygazetesi.com\/index.php?rest_route=\/wp\/v2\/types\/post"}],"author":[{"embeddable":true,"href":"https:\/\/akdenizolaygazetesi.com\/index.php?rest_route=\/wp\/v2\/users\/2"}],"replies":[{"embeddable":true,"href":"https:\/\/akdenizolaygazetesi.com\/index.php?rest_route=%2Fwp%2Fv2%2Fcomments&post=24544"}],"version-history":[{"count":1,"href":"https:\/\/akdenizolaygazetesi.com\/index.php?rest_route=\/wp\/v2\/posts\/24544\/revisions"}],"predecessor-version":[{"id":24546,"href":"https:\/\/akdenizolaygazetesi.com\/index.php?rest_route=\/wp\/v2\/posts\/24544\/revisions\/24546"}],"wp:featuredmedia":[{"embeddable":true,"href":"https:\/\/akdenizolaygazetesi.com\/index.php?rest_route=\/wp\/v2\/media\/24545"}],"wp:attachment":[{"href":"https:\/\/akdenizolaygazetesi.com\/index.php?rest_route=%2Fwp%2Fv2%2Fmedia&parent=24544"}],"wp:term":[{"taxonomy":"category","embeddable":true,"href":"https:\/\/akdenizolaygazetesi.com\/index.php?rest_route=%2Fwp%2Fv2%2Fcategories&post=24544"},{"taxonomy":"post_tag","embeddable":true,"href":"https:\/\/akdenizolaygazetesi.com\/index.php?rest_route=%2Fwp%2Fv2%2Ftags&post=24544"}],"curies":[{"name":"wp","href":"https:\/\/api.w.org\/{rel}","templated":true}]}}