{"id":24547,"date":"2023-03-08T16:28:21","date_gmt":"2023-03-08T13:28:21","guid":{"rendered":"http:\/\/akdenizolaygazetesi.com\/?p=24547"},"modified":"2023-03-08T16:28:21","modified_gmt":"2023-03-08T13:28:21","slug":"teksin-mersin-bir-ayda-120-bin-cagri-35-bin-whatsapp-ve-sosyal-medya-etkilesimi-aldi","status":"publish","type":"post","link":"https:\/\/akdenizolaygazetesi.com\/?p=24547","title":{"rendered":"TEKS\u0130N MERS\u0130N B\u0130R AYDA; 120 B\u0130N \u00c7A\u011eRI, 35 B\u0130N WHATSAPP VE SOSYAL MEDYA ETK\u0130LE\u015e\u0130M\u0130 ALDI"},"content":{"rendered":"<p>Kahramanmara\u015f merkezli 2 depremin oldu\u011fu andan itibaren, gelen talepleri h\u0131zl\u0131 ve sorunsuz bir \u015fekilde kar\u015f\u0131lamak ad\u0131na \u00e7al\u0131\u015fmalar\u0131n\u0131 yo\u011funla\u015ft\u0131ran Teksin Mersin, bir ayda 155 binden fazla etkile\u015fim ald\u0131. Teksin Mersin&#8217;in etkile\u015fimi, ge\u00e7ti\u011fimiz y\u0131l\u0131n ayn\u0131 ay\u0131na g\u00f6re %200&#8217;l\u00fck bir art\u0131\u015f ya\u015fad\u0131.<br \/>\nHem Mersinli vatanda\u015flar\u0131n, hem deprem b\u00f6lgesindeki vatanda\u015flar\u0131n, hem de deprem b\u00f6lgesinden Mersin&#8217;e gelen vatanda\u015flar\u0131n t\u00fcm taleplerini alan Teksin Mersin ekibi, vatanda\u015flar\u0131n s\u00fcreci daha kolay atlatabilmesi ve ihtiya\u00e7lar\u0131n\u0131n kar\u015f\u0131lanabilmesi ad\u0131na, ekstra hassasiyetle gece g\u00fcnd\u00fcz \u00e7al\u0131\u015ft\u0131.<br \/>\nMersin&#8217;de ya\u015fayan vatanda\u015flar\u0131n rutin hizmetlerle ilgili talep ve \u00f6nerilerini de almaya devam eden Teksin Mersin, Alo 185 \u00fczerinden bir ayda 120 bin 787 \u00e7a\u011fr\u0131ya yan\u0131t verdi. Etkile\u015fimlerin 33 bin 701&#8217;ini 0324 185 00 00 numaral\u0131 WhatsApp hatt\u0131, 3 bin 400 de sosyal medya \u00fczerinden gelen talep, \u015fikayet ve \u00f6neriler olu\u015fturdu.<br \/>\n Ayhan: &#8220;Ge\u00e7en y\u0131l\u0131n ayn\u0131 zaman dilimine g\u00f6re %200&#8217;l\u00fck bir art\u0131\u015f var&#8221;<br \/>\nKalite Y\u00f6netimi ve Kent Ara\u015ft\u0131rmalar\u0131 \u015eube M\u00fcd\u00fcr\u00fc ve Teksin \u0130leti\u015fim Koordinasyon Merkezi Koordinat\u00f6r\u00fc Ezgi Ayhan, depremin oldu\u011fu andan itibaren Teksin Mersin&#8217;de yo\u011funluk ya\u015fanmaya ba\u015fland\u0131\u011f\u0131n\u0131 belirterek, &#8220;6 Mart 2023 itibariyle, yakla\u015f\u0131k bir ayl\u0131k s\u00fcreci geride b\u0131rakt\u0131k. \u00c7ok zorlu bir s\u00fcre\u00e7ti. Kurumumuz ad\u0131na, halk\u0131m\u0131za ge\u00e7mi\u015f olsun dileklerimi iletiyorum. Bu zorlu s\u00fcre\u00e7te Teksin \u0130leti\u015fim Koordinasyon Merkezi&#8217;nde, yakla\u015f\u0131k 155 bin adet etkile\u015fim ald\u0131k. Bunun yakla\u015f\u0131k 120 bini \u00e7a\u011fr\u0131 merkezimiz \u00fczerinden vatanda\u015flar\u0131m\u0131z\u0131n bize ula\u015ft\u0131\u011f\u0131 \u00e7a\u011fr\u0131lardan, 35 bini de hem sosyal medya hem whatsapp \u00fczerinden bize gelen taleplerden olu\u015ftu. Ge\u00e7en y\u0131l\u0131n ayn\u0131 zaman dilimine g\u00f6re, %200&#8217;l\u00fck bir art\u0131\u015fla faaliyetlerimizi ger\u00e7ekle\u015ftirdik&#8221; dedi.<br \/>\n&#8220;\u0130lk s\u00fcre\u00e7te yo\u011fun olarak deprem b\u00f6lgesinden gelen yard\u0131m talepleri vard\u0131&#8221;<br \/>\n\u00c7a\u011fr\u0131larda a\u011f\u0131rl\u0131kl\u0131 taleplerin, bar\u0131nma ba\u015fta olmak \u00fczere temel ihtiya\u00e7 malzemeleri oldu\u011funu ifade eden Ayhan, &#8220;Bu felaketin ya\u015fand\u0131\u011f\u0131 ilk birka\u00e7 g\u00fcn diliminde, depremzede vatanda\u015flar\u0131m\u0131zdan gelen yard\u0131m talepleri vard\u0131. Buradaki vatanda\u015flar\u0131m\u0131z\u0131n, bizler arac\u0131l\u0131\u011f\u0131yla yard\u0131m etmesine y\u00f6nelik talepler de vard\u0131. Deprem b\u00f6lgesinden daha g\u00fcvenli b\u00f6lgelere -bu da zaten genel olarak \u015fehrimize oldu- tahliye talepleri bunun devam\u0131n\u0131 olu\u015fturdu. Biz yakla\u015f\u0131k 16 bin vatanda\u015f\u0131m\u0131za, deprem b\u00f6lgelerinden \u015fehrimize ula\u015f\u0131m deste\u011fi sa\u011flad\u0131k. Hemen akabinde yo\u011fun bir konaklama talebi devam etti. Zaten kurum olarak \u015fu anda da, halihaz\u0131rda konaklama deste\u011fi verdi\u011fimiz vatanda\u015flar var ve gelen taleplere g\u00f6re devam ettiriyoruz. Bu s\u00fcre\u00e7te 7 bin vatanda\u015f\u0131m\u0131za konaklama deste\u011fi sa\u011flad\u0131k. Ayn\u0131 zamanda il Milli E\u011fitim M\u00fcd\u00fcrl\u00fc\u011f\u00fc ile koordineli bir \u015fekilde, okullardan da\u011f\u0131t\u0131ma ba\u015flayarak k\u0131rtasiye malzemesi deste\u011fimiz devam ediyor. Buraya yerle\u015fen vatanda\u015flar\u0131m\u0131z\u0131n da ba\u015fvurular\u0131n\u0131 almaya ba\u015flad\u0131k. Abonelik i\u015flemleri de buna dahil&#8221; diye konu\u015ftu.<br \/>\n&#8220;Rutin faaliyetlerimiz de devam ediyor&#8221;<br \/>\nAyhan, depremin sars\u0131nt\u0131ya neden oldu\u011fu illerden biri olan Mersin&#8217;de, evlerine giremeyen vatanda\u015flar\u0131n \u00e7ad\u0131r ve s\u0131cak yemek taleplerini de kar\u015f\u0131lad\u0131klar\u0131n\u0131 aktararak, &#8220;Deprem zaman\u0131nda Mersin halk\u0131nda da ister istemez ayn\u0131 durumu ya\u015fad\u0131\u011f\u0131m\u0131z i\u00e7in; \u00e7ad\u0131r, \u00e7ad\u0131rlarda bulunan vatanda\u015flara su ve \u00e7orba deste\u011fi, toplanma alanlar\u0131na y\u00f6nelik faaliyetlerimiz oldu. \u015eu s\u00fcre\u00e7te art\u0131k daha \u00e7ok depremzedelerimize y\u00f6nelik destekler ile MESK\u0130 \u00e7al\u0131\u015fmalar\u0131, toplu ta\u015f\u0131maya y\u00f6nelik talep ve \u015fikayetler gibi, Teksin&#8217;in normal rutinde devam ettirdi\u011fi faaliyetlere d\u00f6nd\u00fck&#8221; \u015feklinde konu\u015ftu.<br \/>\nTeksin etkile\u015fim analizlerinin Ba\u015fkan Vahap Se\u00e7er&#8217;le s\u00fcrekli olarak payla\u015f\u0131ld\u0131\u011f\u0131n\u0131 da s\u00f6zlerine ekleyen Ayhan, &#8220;Teksin \u0130leti\u015fim Merkezi&#8217;nde olu\u015fturdu\u011fumuz raporlar\u0131, haftal\u0131k analizlerle Ba\u015fkan\u0131m\u0131z Say\u0131n Vahap Se\u00e7er&#8217;e sundu\u011fumuz gibi; ayr\u0131ca g\u00fcnl\u00fck dinamiklerimiz ne, vatanda\u015flar\u0131m\u0131z\u0131n istekleri ne y\u00f6nde evriliyor, hangilerinde art\u0131\u015f var, hangilerinde yo\u011funluk var, hangilerinde memnuniyet var, bunlar\u0131 da yo\u011fun bir \u015fekilde kendisiyle payla\u015f\u0131yoruz&#8221; ifadelerini kulland\u0131.<\/p>\n","protected":false},"excerpt":{"rendered":"<p>Kahramanmara\u015f merkezli 2 depremin oldu\u011fu andan itibaren, gelen talepleri h\u0131zl\u0131 ve sorunsuz bir \u015fekilde kar\u015f\u0131lamak ad\u0131na \u00e7al\u0131\u015fmalar\u0131n\u0131 yo\u011funla\u015ft\u0131ran Teksin Mersin, bir ayda 155 binden fazla etkile\u015fim ald\u0131. Teksin Mersin&#8217;in etkile\u015fimi, &hellip; <a href=\"https:\/\/akdenizolaygazetesi.com\/?p=24547\" class=\"more-link\">Devam\u0131n\u0131 Oku&#8230;<\/a><\/p>\n","protected":false},"author":2,"featured_media":24548,"comment_status":"open","ping_status":"open","sticky":false,"template":"","format":"standard","meta":[],"categories":[2,3],"tags":[],"_links":{"self":[{"href":"https:\/\/akdenizolaygazetesi.com\/index.php?rest_route=\/wp\/v2\/posts\/24547"}],"collection":[{"href":"https:\/\/akdenizolaygazetesi.com\/index.php?rest_route=\/wp\/v2\/posts"}],"about":[{"href":"https:\/\/akdenizolaygazetesi.com\/index.php?rest_route=\/wp\/v2\/types\/post"}],"author":[{"embeddable":true,"href":"https:\/\/akdenizolaygazetesi.com\/index.php?rest_route=\/wp\/v2\/users\/2"}],"replies":[{"embeddable":true,"href":"https:\/\/akdenizolaygazetesi.com\/index.php?rest_route=%2Fwp%2Fv2%2Fcomments&post=24547"}],"version-history":[{"count":1,"href":"https:\/\/akdenizolaygazetesi.com\/index.php?rest_route=\/wp\/v2\/posts\/24547\/revisions"}],"predecessor-version":[{"id":24549,"href":"https:\/\/akdenizolaygazetesi.com\/index.php?rest_route=\/wp\/v2\/posts\/24547\/revisions\/24549"}],"wp:featuredmedia":[{"embeddable":true,"href":"https:\/\/akdenizolaygazetesi.com\/index.php?rest_route=\/wp\/v2\/media\/24548"}],"wp:attachment":[{"href":"https:\/\/akdenizolaygazetesi.com\/index.php?rest_route=%2Fwp%2Fv2%2Fmedia&parent=24547"}],"wp:term":[{"taxonomy":"category","embeddable":true,"href":"https:\/\/akdenizolaygazetesi.com\/index.php?rest_route=%2Fwp%2Fv2%2Fcategories&post=24547"},{"taxonomy":"post_tag","embeddable":true,"href":"https:\/\/akdenizolaygazetesi.com\/index.php?rest_route=%2Fwp%2Fv2%2Ftags&post=24547"}],"curies":[{"name":"wp","href":"https:\/\/api.w.org\/{rel}","templated":true}]}}