{"id":24550,"date":"2023-03-08T16:30:35","date_gmt":"2023-03-08T13:30:35","guid":{"rendered":"http:\/\/akdenizolaygazetesi.com\/?p=24550"},"modified":"2023-03-08T16:30:35","modified_gmt":"2023-03-08T13:30:35","slug":"deprem-binlerce-kadini-issizlik-kiskacina-hapsetti","status":"publish","type":"post","link":"https:\/\/akdenizolaygazetesi.com\/?p=24550","title":{"rendered":"\u2018Deprem binlerce kad\u0131n\u0131 i\u015fsizlik k\u0131skac\u0131na hapsetti\u2019"},"content":{"rendered":"<p>MUSTAFA \u00d6ZCAN<br \/>\nCumhuriyet Halk Partisi Kad\u0131n Kollar\u0131, 81 ilde, 973 il\u00e7ede e\u015f zamanl\u0131 bas\u0131n a\u00e7\u0131klamas\u0131 yapt\u0131. Cumhuriyet Halk Partisi Kad\u0131n Kollar\u0131 Mersin \u0130l Ba\u015fkan\u0131 G\u00fcl\u015fah Y\u0131ld\u0131r\u0131m Gen\u00e7, d\u00fcnyan\u0131n b\u00fct\u00fcn kad\u0131nlar\u0131yla birlikte dayan\u0131\u015fma i\u00e7inde e\u015fitsizli\u011fe meydan okuduklar\u0131n\u0131 s\u00f6yledi.<br \/>\nHer kad\u0131n\u0131n emek\u00e7i oldu\u011funu s\u00f6yleyen Gen\u00e7, \u201cHat\u0131rlayal\u0131m, takvimler 8 Mart 1857\u2019yi g\u00f6sterdi\u011finde New York\u2019ta 40 bin dokuma i\u015f\u00e7isi kad\u0131n e\u015fit i\u015fe e\u015fit \u00fccret ve insanca \u00e7al\u0131\u015fma ko\u015fullar\u0131 talebiyle grev ba\u015flatt\u0131. \u0130\u015fverenin i\u015f\u00e7ileri fabrikaya kilitlemesinin ard\u0131ndan \u00e7\u0131kan yang\u0131nda, 129 k\u0131z karde\u015fimiz hayat\u0131n\u0131 kaybetti. Bu \u00f6l\u00fcmler bir son de\u011fil, ba\u015flang\u0131\u00e7 oldu. Kad\u0131nlar\u0131n hakl\u0131 direni\u015fi tarihe ge\u00e7ti. Bu m\u00fccadele asla unutulmad\u0131. 1910 y\u0131l\u0131nda, 8 Mart tarihi, yang\u0131nda ya\u015fam\u0131n\u0131 yitiren i\u015f\u00e7i kad\u0131nlar\u0131n an\u0131s\u0131na, \u201cD\u00fcnya Emek\u00e7i Kad\u0131nlar G\u00fcn\u00fc\u201d olarak ilan edildi.  Bug\u00fcn, insan onuruna yak\u0131\u015f\u0131r bir ya\u015fam m\u00fccadelesi verirken yitirdi\u011fimiz bu k\u0131z karde\u015flerimizi anma g\u00fcn\u00fcd\u00fcr. Bu sene 8 Mart\u2019ta i\u00e7imizde hem bir burukluk hem de b\u00fcy\u00fck bir umut var. \u00dczg\u00fcn\u00fcz \u00e7\u00fcnk\u00fc \u201csesimi duyan var m\u0131?\u201d diye seslenirken enkaz alt\u0131nda ya\u015fam\u0131n\u0131 kaybeden canlar\u0131n y\u00fcre\u011fimizde ac\u0131s\u0131 var. Umutluyuz \u00e7\u00fcnk\u00fc beceriksiz ve liyakatsiz kadrolar taraf\u0131ndan y\u00f6netilen \u00fclkemizin kaderini de\u011fi\u015ftirecek olan \u00f6rg\u00fctl\u00fc g\u00fcc\u00fcm\u00fcz ve kararl\u0131l\u0131\u011f\u0131m\u0131z var. G\u00fcc\u00fcm\u00fcze g\u00fc\u00e7 katan Millet \u0130ttifak\u0131m\u0131z var. Yol arkada\u015f\u0131 olmaktan onur duydu\u011fumuz Genel Ba\u015fkan\u0131m\u0131z ve 13. Cumhurba\u015fkan\u0131m\u0131z Say\u0131n Kemal K\u0131l\u0131\u00e7daro\u011flu var.\u201d dedi. <\/p>\n<p>\u201c\u00dclkemizde her \u00fc\u00e7 kad\u0131ndan sadece biri kay\u0131tl\u0131 ve tam zamanl\u0131 istihdamda yer al\u0131yor\u201d<\/p>\n<p>\u00dczerinden bir ay ge\u00e7en bu depremin hi\u00e7 ku\u015fkusuz ki herkesi, ama en \u00e7ok da kad\u0131nlar\u0131, \u00e7ocuklar\u0131, engellileri ve ya\u015fl\u0131lar\u0131 etkiledi\u011fini belirten Gen\u00e7, \u201c\u0130ktidar\u0131n e\u015fitsizli\u011fi besleyen zihniyeti nedeniyle, bak\u0131m y\u00fck\u00fc afet b\u00f6lgesinde de kad\u0131n\u0131n s\u0131rt\u0131nda. Derin bir ac\u0131 ya\u015fayan kad\u0131nlar, y\u00fcre\u011fine ta\u015f bas\u0131p yemek yapmak, ailedeki \u00e7ocu\u011fa, ya\u015fl\u0131ya, engelliye bakmak, \u00e7ad\u0131ra su ta\u015f\u0131mak, \u00e7ama\u015f\u0131r y\u0131kamak gibi i\u015fleri de \u00fcstlendi. Halen bar\u0131nma, tuvalet ve banyo sorunu \u00e7\u00f6z\u00fclmemi\u015f olan insanlar var. Bu ko\u015fulsuzluklar en \u00e7ok da kad\u0131nlar\u0131 zorluyor.<br \/>\nEvsiz kalan y\u00fcz binlerce yurtta\u015f\u0131m\u0131z s\u0131rtlar\u0131na b\u00fct\u00fcn bu zorluklar\u0131 y\u00fcklenerek farkl\u0131 illere g\u00f6\u00e7 etti. \u00c7ocuklar en temel ihtiya\u00e7lar\u0131 olan e\u011fitimden mahrum kald\u0131. \u00dclkemizde her \u00fc\u00e7 kad\u0131ndan sadece biri kay\u0131tl\u0131 ve tam zamanl\u0131 istihdamda yer al\u0131yor. Tablo bu kadar \u00fcrk\u00fct\u00fcc\u00fc iken, ya\u015fanan deprem binlerce kad\u0131n\u0131 i\u015fsizlik k\u0131skac\u0131na hapsetti. Depremde kad\u0131nlar, kan\u0131ndan, can\u0131ndan, mal\u0131ndan oldu\u011fu yetmezmi\u015f gibi, bir de i\u015fsiz kald\u0131. Geleceksiz kald\u0131. Gaziantep\u2019te gen\u00e7 bir kad\u0131n, \u201cDepremin ilk \u00fc\u00e7 g\u00fcn\u00fc kimse gelmedi. Ellerimle annemi enkaz\u0131n alt\u0131ndan \u00e7\u0131karmaya \u00e7al\u0131\u015ft\u0131m. G\u00fcnler sonra annemin cans\u0131z bedeni \u00e7\u0131kar\u0131ld\u0131. \u00d6yle bir hale getirdiler ki bizi, annemin cans\u0131z bedenine tek par\u00e7a halinde ula\u015ft\u0131\u011f\u0131m\u0131z i\u00e7in seviniyoruz. Bize dilenci muamelesi yap\u0131l\u0131yor. Yap\u0131lmas\u0131n. 6 \u015eubat \u00f6ncesinde bizim de her \u015feyimiz vard\u0131. Evimiz vard\u0131, i\u015fimiz vard\u0131, sevdiklerimiz hayattayd\u0131\u2026 Bir gecede her \u015feyimizi yitirdik\u201d diyerek ya\u015fananlara isyan etti.  Ad\u0131yaman\u2019da iki haftan\u0131n sonunda zar zor \u00e7ad\u0131ra eri\u015febilen bir k\u0131z karde\u015fimiz ise ya\u015fad\u0131klar\u0131n\u0131 \u015f\u00f6yle anlatt\u0131: M\u00fclteci kamp\u0131nda bile ko\u015fullar daha iyidir. Depremin 15. g\u00fcn\u00fcnde \u00e7ad\u0131r\u0131m\u0131z oldu diye sevindik! \u00c7ad\u0131rda iki aile kal\u0131yoruz. Be\u015f \u00e7ocuk var, yar\u0131 a\u00e7 yar\u0131 tok yat\u0131yoruz. Yat\u0131yoruz dedi\u011fime bakmay\u0131n, yata\u011f\u0131n alt\u0131nda \u0131s\u0131y\u0131 tutacak bir koruna\u011f\u0131m\u0131z yok. Ne bulduysak yere serdik, \u00fczerine de yatak koyduk. Sadece iki tane yata\u011f\u0131m\u0131z var. Resmen s\u0131rayla uyuyoruz. Havalar \u00e7ok so\u011fuk. \u00dc\u015f\u00fcyoruz\u2026 \u00c7ocuklar\u0131m\u0131z hastaland\u0131. V\u00fccut diren\u00e7leri d\u00fc\u015ft\u00fc. Kahvalt\u0131 tan\u0131m\u0131m\u0131z de\u011fi\u015fti. Kahvalt\u0131da \u00e7orba, ak\u015fam bulgur pilav\u0131 ve nohut yiyoruz. Koskoca g\u00fcnde sadece iki \u00f6\u011f\u00fcn yemek var. Buna da seviniyoruz \u00e7\u00fcnk\u00fc di\u011fer \u00e7ad\u0131rlarda kalan akrabalar\u0131m\u0131z\u0131n bunu da bulamad\u0131\u011f\u0131n\u0131 biliyoruz. Meyve sebze l\u00fcks oldu. Deprem g\u00fcn\u00fc soka\u011fa aya\u011f\u0131m \u00e7\u0131plak f\u0131rlam\u0131\u015f\u0131m, \u00e7ocu\u011fuma zar zor bir ayakkab\u0131 bulduk. O\u011flumun terli\u011fini ben giyiyorum. Yard\u0131m t\u0131rlar\u0131 geldi haberlerini g\u00f6r\u00fcyoruz. Bize ula\u015fmad\u0131. \u0130\u00e7me suyunu say\u0131yla veriyorlar. G\u00fcn i\u00e7inde ekmek i\u00e7in, su i\u00e7in, bir tabak \u00e7orba i\u00e7in s\u00fcrekli kuyruktay\u0131z. Can\u0131m\u0131za tak etti! Ya\u015fananlar \u00f6ylesine a\u011f\u0131r ki&#8230;Bu nedenle \u00e7ok \u00f6fkeliyiz. A\u011fz\u0131n\u0131 her a\u00e7t\u0131\u011f\u0131nda \u201c\u00fc\u00e7 \u00e7ocuk, be\u015f \u00e7ocuk\u201d diye dayatanlar, bu s\u00fcre\u00e7te hamile kad\u0131nlar i\u00e7in ne yapt\u0131? Birle\u015fmi\u015f Milletler N\u00fcfus Fonu\u2019nun verilerine g\u00f6re, deprem b\u00f6lgelerinde 226 bin hamile kad\u0131n bulunuyor. Bu kad\u0131nlar\u0131n gebe takibi bir yana resmen unutuldular, yok say\u0131ld\u0131lar. Hamile kad\u0131nlar, stres nedeniyle d\u00fc\u015f\u00fck tehlikesiyle kar\u015f\u0131 kar\u015f\u0131ya b\u0131rak\u0131ld\u0131. Beslenemeyen lohusa kad\u0131nlar s\u00fctten kesildi. K\u00fc\u00e7\u00fcc\u00fck bebekler karda k\u0131\u015fta sokakta kald\u0131. \u0130ktidar ne yapt\u0131? Koskocaman bir hi\u00e7!\u201d \u015feklinde konu\u015ftu.<\/p>\n<p>\u201cG\u00f6zya\u015f\u0131m\u0131z\u0131 kurutanlardan hukuk \u00f6n\u00fcnde hesap soraca\u011f\u0131z\u201d<\/p>\n<p>Depremde AFAD\u2019\u0131n afetin ta kendisi oldu\u011funu iddia eden Gen\u00e7, \u201c\u00c7ad\u0131r da\u011f\u0131tmas\u0131 gereken K\u0131z\u0131lay, parayla \u00e7ad\u0131r satt\u0131. Kay\u0131p \u00e7ocuklar\u0131n pe\u015fine d\u00fc\u015fmesi gereken Aile ve Sosyal Hizmetler Bakanl\u0131\u011f\u0131, hesap soruyoruz diye bizim pe\u015fimize d\u00fc\u015ft\u00fc. Ne yaparlarsa yaps\u0131nlar, bizi susturamayacaklar! Buradan bir kez daha ilan ediyoruz: deprem sonras\u0131 a\u00e7\u0131\u011fa \u00e7\u0131kan refakatsiz ve kay\u0131p \u00e7ocuklar\u0131m\u0131z\u0131n pe\u015fini asla b\u0131rakmad\u0131k, b\u0131rakmayaca\u011f\u0131z.<br \/>\nKoltuk sevdas\u0131na d\u00fc\u015fenler, bu s\u00fcre\u00e7te halk\u0131n yan\u0131nda olmad\u0131. \u0130nsanlar, a\u00e7l\u0131\u011fa, sefalete ve yoksullu\u011fa mahk\u00fbm edildi. En kritik saatlerde, enkaz alt\u0131ndan gelen yard\u0131m \u00e7\u0131\u011fl\u0131klar\u0131 kar\u015f\u0131l\u0131ks\u0131z b\u0131rak\u0131ld\u0131. Biz bu ya\u015fananlara g\u00f6z yummad\u0131k, yummayaca\u011f\u0131z. Depremin ilk g\u00fcn\u00fcnden bu yana Genel Ba\u015fkan\u0131m\u0131z ve 13. Cumhurba\u015fkan\u0131m\u0131z Say\u0131n Kemal K\u0131l\u0131\u00e7daro\u011flu \u00f6nderli\u011finde, b\u00fct\u00fcn parti y\u00f6neticilerimizle, belediyelerimizle, \u00f6rg\u00fctl\u00fc g\u00fcc\u00fcm\u00fczle deprem b\u00f6lgesindeyiz. Depremzedelere b\u00fct\u00fcn g\u00fcc\u00fcm\u00fczle destek oluyoruz. Bu s\u00fcre\u00e7te, betona insan hayat\u0131ndan daha \u00e7ok de\u011fer veren zihniyetin, fay hatt\u0131 \u00fczerine sil ba\u015ftan kentler kurmaya \u00e7al\u0131\u015ft\u0131\u011f\u0131 g\u00f6r\u00fcyoruz. Bizler, yeniden \u00f6l\u00fcme davetiye \u00e7\u0131karanlar\u0131n rant h\u0131rs\u0131na halk\u0131m\u0131z\u0131 kurban etmeyece\u011fiz. Ya\u015fatt\u0131klar\u0131 ac\u0131lar yanlar\u0131na kar kalmayacak. G\u00f6zya\u015f\u0131m\u0131z\u0131 kurutanlardan hukuk \u00f6n\u00fcnde hesap soraca\u011f\u0131z. E\u015fitsizli\u011fe ba\u015fkald\u0131r\u0131yoruz. Depremin ilk g\u00fcn\u00fcnden bu yana dayan\u0131\u015fmay\u0131 y\u00fckseltiyoruz. \u00dclkemizi yeniden aya\u011fa kald\u0131racak politikalar\u0131m\u0131z\u0131 hayata ge\u00e7iriyoruz. Kad\u0131nlar ve \u00e7ocuklar i\u00e7in bir seferberlik ba\u015flatt\u0131k. Bug\u00fcn size bunun da detaylar\u0131n\u0131 aktaraca\u011f\u0131z.  Cumhuriyet Halk Partisi olarak afet b\u00f6lgelerindeki depremzede kad\u0131n ve \u00e7ocuklar i\u00e7in Kad\u0131n Dan\u0131\u015fma Merkezleri kurduk. Bug\u00fcn bu merkezleri depremden etkilenen illerimizde halk\u0131m\u0131z\u0131n hizmetine a\u00e7\u0131yoruz.Ya\u015famHak Kad\u0131n Dan\u0131\u015fma Merkezlerimizde kad\u0131n kollar\u0131 \u00fcyelerimiz g\u00f6rev alacak. Burada psikolojik destekten hukuki dan\u0131\u015fmanl\u0131\u011fa, kad\u0131nlara \u00f6zel ihtiya\u00e7 malzemelerinin temininden sa\u011fl\u0131k hizmetlerine her t\u00fcrl\u00fc deste\u011fin verilmesini sa\u011flayaca\u011f\u0131z. Kad\u0131n Dan\u0131\u015fma Merkezlerimizde kad\u0131na y\u00f6nelik \u015fiddete ve \u00e7ocuk istismar\u0131na kar\u015f\u0131 da bilin\u00e7lendirme \u00e7al\u0131\u015fmas\u0131 y\u00fcr\u00fctece\u011fiz. Genel Merkezimiz b\u00fcnyesinde 7\/24 hizmet sunan 444 82 85 hatt\u0131m\u0131z\u0131 arayan kad\u0131nlara tek tek \u00e7\u00f6z\u00fcm \u00fcretece\u011fiz.<\/p>\n<p>\u201cHalil \u0130brahim sofras\u0131na birlikte otural\u0131m\u201d <\/p>\n<p>Depremin yaralar\u0131n\u0131 birlikte saracaklar\u0131n\u0131 ifade eden Gen\u00e7, \u201cYa\u015fanan bu enkaz\u0131n alt\u0131nda kalan iktidar\u0131, tarihin tozlu raflar\u0131na kald\u0131raca\u011f\u0131z. Cumhuriyetimiz, 100. y\u0131l\u0131nda yeniden kimsesizlerin kimsesi olacak.<br \/>\n\u00d6n\u00fcm\u00fczde bir se\u00e7im var. Millet \u0130ttifak\u0131 olarak, \u00fclkemizin kurucusu ve kurtar\u0131c\u0131s\u0131 Gazi Mustafa Kemal Atat\u00fcrk\u2019\u00fcn laik, \u00e7a\u011fda\u015f ve demokratik T\u00fcrkiye anlay\u0131\u015f\u0131n\u0131 bu topraklarda yeniden h\u00e2kim k\u0131laca\u011f\u0131z. Bu se\u00e7im biz kad\u0131nlar i\u00e7in \u00f6l\u00fcmle ya\u015fam aras\u0131ndaki ince \u00e7izgidir.  Ya\u015fam\u0131m\u0131z ya pamuk ipli\u011fine ba\u011fl\u0131 ya da g\u00fcvenli olacak. Ya kad\u0131n\u0131 e\u015fya gibi g\u00f6ren zihniyete teslim olaca\u011f\u0131z ya da e\u015fit yurtta\u015f olarak insan onuruna yak\u0131\u015f\u0131r \u015fekilde ya\u015fayaca\u011f\u0131z. Ya eme\u011fimiz gasp edilecek ya da eme\u011fimizin kar\u015f\u0131l\u0131\u011f\u0131n\u0131 ald\u0131\u011f\u0131m\u0131z g\u00fcvenceli i\u015flerde, g\u00fcven i\u00e7inde \u00e7al\u0131\u015faca\u011f\u0131z. Ya afetler kar\u015f\u0131s\u0131nda \u00e7aresiz kalaca\u011f\u0131z ya da bilimin \u0131\u015f\u0131\u011f\u0131nda tedbirler alaca\u011f\u0131z.  Ya \u00e7ocuklar\u0131m\u0131z\u0131 geleceksizli\u011fe mahk\u00fbm edilece\u011fiz ya da \u00e7ocuklar\u0131m\u0131za ayd\u0131nl\u0131k yar\u0131nlar in\u015fa edece\u011fiz. Buradan \u00fclkemizin b\u00fct\u00fcn kad\u0131nlar\u0131na \u00e7a\u011fr\u0131 yap\u0131yoruz: Aya\u011fa kalk\u0131n! Gelin! Halil \u0130brahim sofras\u0131na birlikte otural\u0131m. Bizim yolumuz da yapacaklar\u0131m\u0131z da belli. Hi\u00e7bir \u00e7ocu\u011fun yata\u011fa a\u00e7 girmedi\u011fi, hakk\u0131n, hukukun ve adaletin sa\u011fland\u0131\u011f\u0131, hepimizin e\u015fit, hepimizin tok, hepimizin g\u00fcvende, hepimizin \u00f6zg\u00fcr oldu\u011fu bir d\u00fczen kurmak i\u00e7in geliyoruz. 8 Mart D\u00fcnya Emek\u00e7i Kad\u0131nlar G\u00fcn\u00fcm\u00fcz kutlu olsun!\u201d diye konu\u015ftu. <\/p>\n","protected":false},"excerpt":{"rendered":"<p>MUSTAFA \u00d6ZCAN Cumhuriyet Halk Partisi Kad\u0131n Kollar\u0131, 81 ilde, 973 il\u00e7ede e\u015f zamanl\u0131 bas\u0131n a\u00e7\u0131klamas\u0131 yapt\u0131. Cumhuriyet Halk Partisi Kad\u0131n Kollar\u0131 Mersin \u0130l Ba\u015fkan\u0131 G\u00fcl\u015fah Y\u0131ld\u0131r\u0131m Gen\u00e7, d\u00fcnyan\u0131n b\u00fct\u00fcn kad\u0131nlar\u0131yla &hellip; <a href=\"https:\/\/akdenizolaygazetesi.com\/?p=24550\" class=\"more-link\">Devam\u0131n\u0131 Oku&#8230;<\/a><\/p>\n","protected":false},"author":2,"featured_media":24551,"comment_status":"open","ping_status":"open","sticky":false,"template":"","format":"standard","meta":[],"categories":[2,3],"tags":[],"_links":{"self":[{"href":"https:\/\/akdenizolaygazetesi.com\/index.php?rest_route=\/wp\/v2\/posts\/24550"}],"collection":[{"href":"https:\/\/akdenizolaygazetesi.com\/index.php?rest_route=\/wp\/v2\/posts"}],"about":[{"href":"https:\/\/akdenizolaygazetesi.com\/index.php?rest_route=\/wp\/v2\/types\/post"}],"author":[{"embeddable":true,"href":"https:\/\/akdenizolaygazetesi.com\/index.php?rest_route=\/wp\/v2\/users\/2"}],"replies":[{"embeddable":true,"href":"https:\/\/akdenizolaygazetesi.com\/index.php?rest_route=%2Fwp%2Fv2%2Fcomments&post=24550"}],"version-history":[{"count":1,"href":"https:\/\/akdenizolaygazetesi.com\/index.php?rest_route=\/wp\/v2\/posts\/24550\/revisions"}],"predecessor-version":[{"id":24552,"href":"https:\/\/akdenizolaygazetesi.com\/index.php?rest_route=\/wp\/v2\/posts\/24550\/revisions\/24552"}],"wp:featuredmedia":[{"embeddable":true,"href":"https:\/\/akdenizolaygazetesi.com\/index.php?rest_route=\/wp\/v2\/media\/24551"}],"wp:attachment":[{"href":"https:\/\/akdenizolaygazetesi.com\/index.php?rest_route=%2Fwp%2Fv2%2Fmedia&parent=24550"}],"wp:term":[{"taxonomy":"category","embeddable":true,"href":"https:\/\/akdenizolaygazetesi.com\/index.php?rest_route=%2Fwp%2Fv2%2Fcategories&post=24550"},{"taxonomy":"post_tag","embeddable":true,"href":"https:\/\/akdenizolaygazetesi.com\/index.php?rest_route=%2Fwp%2Fv2%2Ftags&post=24550"}],"curies":[{"name":"wp","href":"https:\/\/api.w.org\/{rel}","templated":true}]}}