{"id":24572,"date":"2023-03-09T12:27:46","date_gmt":"2023-03-09T09:27:46","guid":{"rendered":"http:\/\/akdenizolaygazetesi.com\/?p=24572"},"modified":"2023-03-09T12:27:46","modified_gmt":"2023-03-09T09:27:46","slug":"mersin-cemevi-tarafindan-8-mart-anmasi-yapildi-yaralarimizi-beraber-saracagiz","status":"publish","type":"post","link":"https:\/\/akdenizolaygazetesi.com\/?p=24572","title":{"rendered":"Mersin Cemevi taraf\u0131ndan 8 Mart anmas\u0131 yap\u0131ld\u0131: Yaralar\u0131m\u0131z\u0131 beraber saraca\u011f\u0131z"},"content":{"rendered":"<p>Mersin Cemevi Kad\u0131n Komisyonu bu y\u0131l ki 8 Mart anmas\u0131n\u0131 depremde ya\u015fam\u0131n\u0131 yitirenlere adad\u0131. Anmada konu\u015fan Mersin Cemevi Kad\u0131n Komisyonu \u00dcyesi Aysel Demir &#8220;Bu zorlu s\u00fcre\u00e7te kad\u0131nlar m\u00fccadeleden ve dayan\u0131\u015fmadan \u00f6d\u00fcn vermeden t\u00fcm depremzedelerin, \u00f6zellikle de k\u0131z karde\u015flerinin yan\u0131nda olacakt\u0131r&#8221; dedi. <\/p>\n<p>Mersin Cemevi&#8217;nde 8 Mart D\u00fcnya Emek\u00e7i Kad\u0131nlar G\u00fcn\u00fc anmas\u0131 yap\u0131ld\u0131. Depremde Hakka y\u00fcr\u00fcyenlere adanan anma \u00e7era\u011flar\u0131n uyand\u0131r\u0131lmas\u0131yla ba\u015flad\u0131. Mersin Cemevi Kad\u0131n Komisyonu \u00dcyelerinden Aysel K\u0131lavuz yapt\u0131\u011f\u0131 konu\u015fmada, Clara Zetkin, Rosa L\u00fcksemburg ve \u0130ran rejimine ba\u011fl\u0131 ahlak polisi taraf\u0131ndan katledilen Mahsa Amini&#8217;yi and\u0131. <\/p>\n<p>Deprem felaketinin ya\u015fand\u0131\u011f\u0131 bir zamanda kad\u0131nlar\u0131n katledilmeye devam etti\u011fini vurgulayan K\u0131lavuz,  &#8220;Ya\u015fad\u0131\u011f\u0131m\u0131z bu felakette de g\u00f6rd\u00fck ki deprem de\u011fil ihmal \u00f6ld\u00fcr\u00fcyor. Oysa sosyal devletlerde ihmal olmaz. \u0130ktidar ne yaz\u0131k ki g\u00f6revini yerine getirmedi ve yine halk kendi yaras\u0131n\u0131 kendisi sard\u0131. Ac\u0131m\u0131z ne kadar b\u00fcy\u00fck olursa olsun, depremzede canlar\u0131m\u0131z\u0131n bar\u0131nma, beslenme ihtiya\u00e7lar\u0131 i\u00e7in \u00e7aba harcamaya, g\u00fc\u00e7lerimizi birle\u015ftirmeye ve bu yaralar\u0131 sarmaya devam etmemiz gerekiyor. Umudumuzu yitirmeyelim, \u00e7\u00fcnk\u00fc ayd\u0131nl\u0131\u011f\u0131n karanl\u0131\u011fa yenik d\u00fc\u015ft\u00fc\u011f\u00fc g\u00f6r\u00fclmemi\u015ftir&#8221; diye konu\u015ftu. <\/p>\n<p>Kad\u0131n Komisyonu ad\u0131na bas\u0131n a\u00e7\u0131klamas\u0131n\u0131 Aysel Demir yapt\u0131. Aysel Demir, \u015funlar\u0131 ifade etti: <\/p>\n<p>&#8220;\u00d6ncekilerden \u00e7ok farkl\u0131 \u00f6yk\u00fclere  sahip bir 8 Mart&#8217;\u0131 ya\u015f\u0131yoruz. Bir kutlama g\u00fcn\u00fc de\u011fil bug\u00fcn. Uzak ya da yak\u0131n hepimizin bo\u011faz\u0131n\u0131 s\u0131kan deprem facias\u0131n\u0131 hen\u00fcz atlatamad\u0131k. Bug\u00fcnk\u00fc sonu\u00e7lar\u0131 ile bile bu felaketin \u00fcstesinden nas\u0131l gelece\u011fimizi hen\u00fcz bilemiyoruz. \u00dcz\u00fcnt\u00fc ve ac\u0131 s\u00f6zc\u00fcklerinin bu felaketi tan\u0131mlamakta yetersiz kald\u0131\u011f\u0131n\u0131 biliyoruz. Enkaz alt\u0131nda kalanlar\u0131n hayati \u00f6nem ta\u015f\u0131yan o zaman diliminde kurtar\u0131lamam\u0131\u015f olmalar\u0131 adeta kollektif birer aile k\u0131r\u0131m\u0131na d\u00f6n\u00fc\u015fen \u00f6l\u00fcmlerin yaratt\u0131\u011f\u0131 ac\u0131, \u00fcz\u00fcnt\u00fc, \u00f6fke, \u00e7aresizlik, vatanda\u015f\u0131n\u0131 korumakla g\u00f6revli resmi kurumlar\u0131n sahaya inmelerideki &#8220;rotar&#8221;, indikten sonra bile do\u011fal kar\u015f\u0131lanmas\u0131 gereken insanlar\u0131n \u00f6fke patlamalar\u0131 kar\u015f\u0131s\u0131nda yap\u0131c\u0131 de\u011fil, incitici, birle\u015ftirici de\u011fil, ayr\u0131\u015ft\u0131r\u0131c\u0131 bir dil kullan\u0131lmas\u0131 depremzedelerin yaralar\u0131n\u0131 daha da derinden kanatm\u0131\u015ft\u0131r. Ki b\u00f6ylesine ola\u011fan\u00fcst\u00fc ko\u015fullarda kapsay\u0131c\u0131, birle\u015ftirici ve dayan\u0131\u015fmac\u0131 olman\u0131n b\u00fcy\u00fck \u00f6nem ta\u015f\u0131d\u0131\u011f\u0131na inan\u0131yoruz. <\/p>\n<p>Mersin Cemevi de dahil olmak \u00fczere, \u00fclkedeki t\u00fcm Alevi kurumlar\u0131m\u0131z depremin daha ilk saatlerinden itibaren kaynaklar\u0131n\u0131 ve kap\u0131lar\u0131n\u0131 ma\u011fdur insanlar\u0131m\u0131za a\u00e7t\u0131k. Kap\u0131m\u0131z hala a\u00e7\u0131kt\u0131r. Bu eksendeki \u00e7al\u0131\u015fmalar\u0131m\u0131z devam etmektedir. Dayan\u0131\u015fma \u00e7al\u0131\u015fmalar\u0131n\u0131n en \u00f6nemli ta\u015f\u0131y\u0131c\u0131lar\u0131 aras\u0131nda biz Alevi kad\u0131nlar\u0131 da vard\u0131k, var olmaya da devam edece\u011fiz.&#8221; <\/p>\n<p>Mersin Cemevi Ba\u015fkan\u0131 Pir Hasan K\u0131lavuz, anmaya kat\u0131lanlar\u0131 selamlarken, anmada semah d\u00f6n\u00fcld\u00fc. Mersin Cemevi Korosu taraf\u0131ndan okunan nefeslerle anma sona erdi. <\/p>\n","protected":false},"excerpt":{"rendered":"<p>Mersin Cemevi Kad\u0131n Komisyonu bu y\u0131l ki 8 Mart anmas\u0131n\u0131 depremde ya\u015fam\u0131n\u0131 yitirenlere adad\u0131. Anmada konu\u015fan Mersin Cemevi Kad\u0131n Komisyonu \u00dcyesi Aysel Demir &#8220;Bu zorlu s\u00fcre\u00e7te kad\u0131nlar m\u00fccadeleden ve dayan\u0131\u015fmadan &hellip; <a href=\"https:\/\/akdenizolaygazetesi.com\/?p=24572\" class=\"more-link\">Devam\u0131n\u0131 Oku&#8230;<\/a><\/p>\n","protected":false},"author":2,"featured_media":24573,"comment_status":"open","ping_status":"open","sticky":false,"template":"","format":"standard","meta":[],"categories":[2,3,5],"tags":[],"_links":{"self":[{"href":"https:\/\/akdenizolaygazetesi.com\/index.php?rest_route=\/wp\/v2\/posts\/24572"}],"collection":[{"href":"https:\/\/akdenizolaygazetesi.com\/index.php?rest_route=\/wp\/v2\/posts"}],"about":[{"href":"https:\/\/akdenizolaygazetesi.com\/index.php?rest_route=\/wp\/v2\/types\/post"}],"author":[{"embeddable":true,"href":"https:\/\/akdenizolaygazetesi.com\/index.php?rest_route=\/wp\/v2\/users\/2"}],"replies":[{"embeddable":true,"href":"https:\/\/akdenizolaygazetesi.com\/index.php?rest_route=%2Fwp%2Fv2%2Fcomments&post=24572"}],"version-history":[{"count":1,"href":"https:\/\/akdenizolaygazetesi.com\/index.php?rest_route=\/wp\/v2\/posts\/24572\/revisions"}],"predecessor-version":[{"id":24574,"href":"https:\/\/akdenizolaygazetesi.com\/index.php?rest_route=\/wp\/v2\/posts\/24572\/revisions\/24574"}],"wp:featuredmedia":[{"embeddable":true,"href":"https:\/\/akdenizolaygazetesi.com\/index.php?rest_route=\/wp\/v2\/media\/24573"}],"wp:attachment":[{"href":"https:\/\/akdenizolaygazetesi.com\/index.php?rest_route=%2Fwp%2Fv2%2Fmedia&parent=24572"}],"wp:term":[{"taxonomy":"category","embeddable":true,"href":"https:\/\/akdenizolaygazetesi.com\/index.php?rest_route=%2Fwp%2Fv2%2Fcategories&post=24572"},{"taxonomy":"post_tag","embeddable":true,"href":"https:\/\/akdenizolaygazetesi.com\/index.php?rest_route=%2Fwp%2Fv2%2Ftags&post=24572"}],"curies":[{"name":"wp","href":"https:\/\/api.w.org\/{rel}","templated":true}]}}