{"id":24588,"date":"2023-03-09T16:12:36","date_gmt":"2023-03-09T13:12:36","guid":{"rendered":"http:\/\/akdenizolaygazetesi.com\/?p=24588"},"modified":"2023-03-09T16:12:36","modified_gmt":"2023-03-09T13:12:36","slug":"akdeniz-belediyesinden-depremzede-kadinlar-icin-8-mart-etkinligi","status":"publish","type":"post","link":"https:\/\/akdenizolaygazetesi.com\/?p=24588","title":{"rendered":"AKDEN\u0130Z BELED\u0130YES\u0130\u2019NDEN DEPREMZEDE KADINLAR \u0130\u00c7\u0130N 8 MART ETK\u0130NL\u0130\u011e\u0130"},"content":{"rendered":"<p>Akdeniz Belediyesi, deprem felaketi nedeniyle Mersin\u2019e g\u00f6\u00e7 eden afet ma\u011fduru kad\u0131nlar\u0131, 8 Mart D\u00fcnya Emek\u00e7i Kad\u0131nlar G\u00fcn\u00fc dolay\u0131s\u0131yla kentin tarihi, k\u00fclt\u00fcrel ve turistik yerlerini gezdirdi. Duygu dolu anlar\u0131n ya\u015fand\u0131\u011f\u0131 gezide depremzede aileler, sahilin kumlar\u0131na \u201cGeri d\u00f6nece\u011fiz Hatay\u201d; \u201cCan\u0131m Hatay\u201d yazd\u0131.<br \/>\nAkdeniz Belediyesi, 6 \u015eubat tarihli Kahramanmara\u015f merkezli depremlerin yaralar\u0131n\u0131 sarmaya, Akdeniz il\u00e7esi s\u0131n\u0131rlar\u0131 i\u00e7inde misafir edilen afet ma\u011fduru ailelere destek olmaya devam ediyor. Kad\u0131n ve Aile Hizmetleri M\u00fcd\u00fcrl\u00fc\u011f\u00fc taraf\u0131ndan organize edilen bir etkinlikle, Hatay ve Kahramanmara\u015f\u2019tan Mersin\u2019e g\u00f6\u00e7 eden ve Akdeniz Belediyesi\u2019ne ait k\u00fclt\u00fcr ve sanat evleri, hizmet binalar\u0131 ve tesislerde a\u011f\u0131rlanan aileler i\u00e7in \u201c8 Mart D\u00fcnya Emek\u00e7i Kad\u0131nlar G\u00fcn\u00fc\u2019ne\u201d \u00f6zel gezi d\u00fczenlendi.<br \/>\n\u201cGeri d\u00f6nece\u011fiz Hatay\u2026\u201d<br \/>\nKad\u0131nlar\u0131n a\u011f\u0131rl\u0131kta oldu\u011fu geziye \u00e7ocuklar\u0131 da kat\u0131l\u0131rken, yolculuk \u00f6ncesi konuklara kumanyalar ikram edildi. Ard\u0131ndan otob\u00fcslere binen konuklar, s\u0131ras\u0131yla Erdemli\u2019de bulunan turistik K\u0131zkalesi\u2019ni g\u00f6rme ve gezme \u015fans\u0131 yakalad\u0131, ard\u0131ndan Cennet Cehennem Obru\u011funa indiler.<br \/>\nDuygusal anlar\u0131n da ya\u015fand\u0131\u011f\u0131 gezide baz\u0131 depremzede vatanda\u015flar, K\u0131zkalesi sahilindeki kumlara \u201cGeri D\u00f6nece\u011fiz Hatay\u201d, \u201cCan\u0131m Hatay\u201d yazd\u0131. G\u00fcn i\u00e7inde Erdemli \u00c7aml\u0131\u011f\u0131\u2019n\u0131 da gezen depremzede aileler, burada \u00e7ocuklar\u0131yla birlikte e\u011flenceli dakikalar ge\u00e7irdi; depremin ruhlar\u0131nda yaratt\u0131\u011f\u0131 stres, korku ve travmalardan bir nebze uzakla\u015ft\u0131.<br \/>\nUmutlar\u0131 taze tutuyoruz<br \/>\nDuygular\u0131n\u0131 dile getiren depremzede kad\u0131nlar, kay\u0131plar\u0131n\u0131, ya\u015fad\u0131klar\u0131 ac\u0131 ve felaketi unutmalar\u0131n\u0131n m\u00fcmk\u00fcn olmad\u0131\u011f\u0131n\u0131, ancak bu t\u00fcr etkinliklerle bir nebze de olsa umutlar\u0131n\u0131 taze tutmaya \u00e7al\u0131\u015ft\u0131klar\u0131n\u0131 anlatt\u0131. Depremzede aileler, kendilerine sunulan destek ve imkanlar nedeniyle de Akdeniz Belediye Ba\u015fkan\u0131 Mustafa G\u00fcltak ile Kad\u0131n ve Aile Hizmetleri M\u00fcd\u00fcrl\u00fc ve personeline te\u015fekk\u00fcr etti. <\/p>\n","protected":false},"excerpt":{"rendered":"<p>Akdeniz Belediyesi, deprem felaketi nedeniyle Mersin\u2019e g\u00f6\u00e7 eden afet ma\u011fduru kad\u0131nlar\u0131, 8 Mart D\u00fcnya Emek\u00e7i Kad\u0131nlar G\u00fcn\u00fc dolay\u0131s\u0131yla kentin tarihi, k\u00fclt\u00fcrel ve turistik yerlerini gezdirdi. Duygu dolu anlar\u0131n ya\u015fand\u0131\u011f\u0131 gezide &hellip; <a href=\"https:\/\/akdenizolaygazetesi.com\/?p=24588\" class=\"more-link\">Devam\u0131n\u0131 Oku&#8230;<\/a><\/p>\n","protected":false},"author":2,"featured_media":24589,"comment_status":"open","ping_status":"open","sticky":false,"template":"","format":"standard","meta":[],"categories":[2,3,5],"tags":[],"_links":{"self":[{"href":"https:\/\/akdenizolaygazetesi.com\/index.php?rest_route=\/wp\/v2\/posts\/24588"}],"collection":[{"href":"https:\/\/akdenizolaygazetesi.com\/index.php?rest_route=\/wp\/v2\/posts"}],"about":[{"href":"https:\/\/akdenizolaygazetesi.com\/index.php?rest_route=\/wp\/v2\/types\/post"}],"author":[{"embeddable":true,"href":"https:\/\/akdenizolaygazetesi.com\/index.php?rest_route=\/wp\/v2\/users\/2"}],"replies":[{"embeddable":true,"href":"https:\/\/akdenizolaygazetesi.com\/index.php?rest_route=%2Fwp%2Fv2%2Fcomments&post=24588"}],"version-history":[{"count":1,"href":"https:\/\/akdenizolaygazetesi.com\/index.php?rest_route=\/wp\/v2\/posts\/24588\/revisions"}],"predecessor-version":[{"id":24590,"href":"https:\/\/akdenizolaygazetesi.com\/index.php?rest_route=\/wp\/v2\/posts\/24588\/revisions\/24590"}],"wp:featuredmedia":[{"embeddable":true,"href":"https:\/\/akdenizolaygazetesi.com\/index.php?rest_route=\/wp\/v2\/media\/24589"}],"wp:attachment":[{"href":"https:\/\/akdenizolaygazetesi.com\/index.php?rest_route=%2Fwp%2Fv2%2Fmedia&parent=24588"}],"wp:term":[{"taxonomy":"category","embeddable":true,"href":"https:\/\/akdenizolaygazetesi.com\/index.php?rest_route=%2Fwp%2Fv2%2Fcategories&post=24588"},{"taxonomy":"post_tag","embeddable":true,"href":"https:\/\/akdenizolaygazetesi.com\/index.php?rest_route=%2Fwp%2Fv2%2Ftags&post=24588"}],"curies":[{"name":"wp","href":"https:\/\/api.w.org\/{rel}","templated":true}]}}