{"id":24596,"date":"2023-03-10T15:39:23","date_gmt":"2023-03-10T12:39:23","guid":{"rendered":"http:\/\/akdenizolaygazetesi.com\/?p=24596"},"modified":"2023-03-10T15:39:23","modified_gmt":"2023-03-10T12:39:23","slug":"baskan-yilmaz-depremzede-bebek-gaye-ilay-ve-minik-agabeyi-toprak-ile-bulustu","status":"publish","type":"post","link":"https:\/\/akdenizolaygazetesi.com\/?p=24596","title":{"rendered":"BA\u015eKAN YILMAZ, DEPREMZEDE BEBEK GAYE \u0130LAY VE M\u0130N\u0130K A\u011eABEY\u0130 TOPRAK \u0130LE BULU\u015eTU"},"content":{"rendered":"<p>Toroslar Belediye Ba\u015fkan\u0131 Ats\u0131z Af\u015f\u0131n Y\u0131lmaz, deprem b\u00f6lgesinden kente gelen vatanda\u015flar ve \u00e7ocuklarla bir araya gelmeye devam ediyor.<\/p>\n<p>\u0130l\u00e7edeki sosyal tesiste misafir edilen bir ailenin 10 g\u00fcn \u00f6nce d\u00fcnyaya gelen bebekleri Gaye \u0130lay ve a\u011fabeyi Toprak ile yak\u0131ndan ilgilenerek \u00e7e\u015fitli hediyeler veren Ba\u015fkan Y\u0131lmaz, \u201cYa\u015fanan bu afet en \u00e7ok \u00e7ocuklar\u0131m\u0131z\u0131 etkiledi. Bu zor g\u00fcnlerde onlar\u0131n yan\u0131nda olmaya devam edece\u011fiz\u201d dedi.<\/p>\n<p>Ba\u015fkan Y\u0131lmaz\u2019\u0131n e\u015fi Meltem Y\u0131lmaz da aileye ge\u00e7mi\u015f olsun dile\u011finde bulunup, ac\u0131lar\u0131n\u0131 payla\u015ft\u0131.<\/p>\n<p>\u201cB\u00dcT\u00dcN GAYEM\u0130Z, EVLATLARIMIZI MUTLU ETMEK\u201d<\/p>\n<p>\u00dclke olarak birlik, beraberlik ve dayan\u0131\u015fmaya en fazla ihtiya\u00e7 duyulan g\u00fcnlerden ge\u00e7ildi\u011fini vurgulayan Ba\u015fkan Y\u0131lmaz; \u201cDeprem b\u00f6lgesinden il\u00e7emize gelen misafirlerimizi en iyi \u015fekilde a\u011f\u0131rlamaya \u00e7al\u0131\u015f\u0131yoruz.  Dualar\u0131m\u0131z ve g\u00f6nl\u00fcm\u00fcz depremzede karde\u015flerimizle. \u00d6zellikle depremzede \u00e7ocuklar\u0131m\u0131z\u0131n ya\u015fad\u0131klar\u0131 travmay\u0131 atlatmalar\u0131n\u0131 sa\u011flamak amac\u0131yla \u00e7al\u0131\u015fmalar yap\u0131yoruz. Amac\u0131m\u0131z \u00e7ocuklar\u0131m\u0131z\u0131n bir nebze olsun y\u00fcz\u00fcn\u00fc g\u00fcld\u00fcrmek. \u0130l\u00e7emizde d\u00fcnyaya gelen Gaye \u0130lay bebe\u011fe de sa\u011fl\u0131kl\u0131, uzun \u00f6m\u00fcrler diliyorum\u201d diye konu\u015ftu.<\/p>\n","protected":false},"excerpt":{"rendered":"<p>Toroslar Belediye Ba\u015fkan\u0131 Ats\u0131z Af\u015f\u0131n Y\u0131lmaz, deprem b\u00f6lgesinden kente gelen vatanda\u015flar ve \u00e7ocuklarla bir araya gelmeye devam ediyor. \u0130l\u00e7edeki sosyal tesiste misafir edilen bir ailenin 10 g\u00fcn \u00f6nce d\u00fcnyaya gelen &hellip; <a href=\"https:\/\/akdenizolaygazetesi.com\/?p=24596\" class=\"more-link\">Devam\u0131n\u0131 Oku&#8230;<\/a><\/p>\n","protected":false},"author":2,"featured_media":24597,"comment_status":"open","ping_status":"open","sticky":false,"template":"","format":"standard","meta":[],"categories":[2,3],"tags":[],"_links":{"self":[{"href":"https:\/\/akdenizolaygazetesi.com\/index.php?rest_route=\/wp\/v2\/posts\/24596"}],"collection":[{"href":"https:\/\/akdenizolaygazetesi.com\/index.php?rest_route=\/wp\/v2\/posts"}],"about":[{"href":"https:\/\/akdenizolaygazetesi.com\/index.php?rest_route=\/wp\/v2\/types\/post"}],"author":[{"embeddable":true,"href":"https:\/\/akdenizolaygazetesi.com\/index.php?rest_route=\/wp\/v2\/users\/2"}],"replies":[{"embeddable":true,"href":"https:\/\/akdenizolaygazetesi.com\/index.php?rest_route=%2Fwp%2Fv2%2Fcomments&post=24596"}],"version-history":[{"count":1,"href":"https:\/\/akdenizolaygazetesi.com\/index.php?rest_route=\/wp\/v2\/posts\/24596\/revisions"}],"predecessor-version":[{"id":24598,"href":"https:\/\/akdenizolaygazetesi.com\/index.php?rest_route=\/wp\/v2\/posts\/24596\/revisions\/24598"}],"wp:featuredmedia":[{"embeddable":true,"href":"https:\/\/akdenizolaygazetesi.com\/index.php?rest_route=\/wp\/v2\/media\/24597"}],"wp:attachment":[{"href":"https:\/\/akdenizolaygazetesi.com\/index.php?rest_route=%2Fwp%2Fv2%2Fmedia&parent=24596"}],"wp:term":[{"taxonomy":"category","embeddable":true,"href":"https:\/\/akdenizolaygazetesi.com\/index.php?rest_route=%2Fwp%2Fv2%2Fcategories&post=24596"},{"taxonomy":"post_tag","embeddable":true,"href":"https:\/\/akdenizolaygazetesi.com\/index.php?rest_route=%2Fwp%2Fv2%2Ftags&post=24596"}],"curies":[{"name":"wp","href":"https:\/\/api.w.org\/{rel}","templated":true}]}}