{"id":24599,"date":"2023-03-10T15:40:53","date_gmt":"2023-03-10T12:40:53","guid":{"rendered":"http:\/\/akdenizolaygazetesi.com\/?p=24599"},"modified":"2023-03-10T15:40:53","modified_gmt":"2023-03-10T12:40:53","slug":"baskan-secer-pamukluk-baraji-isale-hattini-yaptigimiz-zaman-muazzam-olacak","status":"publish","type":"post","link":"https:\/\/akdenizolaygazetesi.com\/?p=24599","title":{"rendered":"BA\u015eKAN SE\u00c7ER: &#8220;PAMUKLUK BARAJI \u0130SALE HATTINI YAPTI\u011eIMIZ ZAMAN MUAZZAM OLACAK&#8221;"},"content":{"rendered":"<p>Mersin B\u00fcy\u00fck\u015fehir Belediye Meclisi&#8217;nin 2023 y\u0131l\u0131 Mart Ay\u0131 ola\u011fan Toplant\u0131s\u0131&#8217;n\u0131n 2. Birle\u015fimi Mersin B\u00fcy\u00fck\u015fehir Belediye Ba\u015fkan\u0131 Vahap Se\u00e7er Ba\u015fkanl\u0131\u011f\u0131&#8217;nda ger\u00e7ekle\u015ftirildi.<br \/>\nMeclis toplant\u0131s\u0131nda birimlerden gelen 19, komisyonlara haval\u0131 edilen 27 olmak \u00fczere toplam 46 madde g\u00f6r\u00fc\u015f\u00fclerek oyland\u0131.<br \/>\n5 bin \u00f6\u011frencinin YKS \u00fccretleri B\u00fcy\u00fck\u015fehir taraf\u0131ndan kar\u015f\u0131lanacak<br \/>\nMeclis toplant\u0131s\u0131n\u0131n a\u00e7\u0131l\u0131\u015f\u0131nda konu\u015fan Ba\u015fkan Vahap Se\u00e7er, deprem b\u00f6lgesinden Mersin&#8217;e gelen \u00f6\u011frencilerin B\u00fcy\u00fck\u015fehir&#8217;in e\u011fitim-\u00f6\u011fretim kurs merkezlerinden yararland\u0131\u011f\u0131n\u0131 ifade ederek, &#8220;Bizim YKS-LGS E\u011fitim Merkezlerine devam eden yakla\u015f\u0131k olarak 6 bin 700 civar\u0131nda \u00f6\u011frencimiz var, \u015fu anda 4 bin 800&#8217;\u00fc YKS&#8217;ye haz\u0131rlan\u0131yor ve depremzede ailelerinizin \u00e7ocuklar\u0131 da var. Buraya g\u00f6\u00e7 edenleri de derhal kaydettik, s\u0131nava haz\u0131rlanmaya ba\u015flad\u0131lar&#8221; dedi.<br \/>\nHalk Kart&#8217;tan yararlanan vatanda\u015f say\u0131s\u0131n\u0131n yakla\u015f\u0131k olarak 10 bine ula\u015ft\u0131\u011f\u0131n\u0131 da s\u00f6yleyen Se\u00e7er &#8220;Onlar\u0131n da YKS s\u0131nav\u0131na girecek \u00e7a\u011fdaki \u00e7ocuklar\u0131n\u0131n s\u0131nav \u00fccretlerini belediye olarak biz kar\u015f\u0131layaca\u011f\u0131z. Yakla\u015f\u0131k 5 bin \u00f6\u011frencinin YKS s\u0131nav \u00fccretleri belediyemiz taraf\u0131ndan kar\u015f\u0131lanacak. Tekrar s\u00f6yl\u00fcyorum, e\u011fitim merkezlerimize, kurs merkezlerimize devam eden t\u00fcm \u00f6\u011frenciler ile Halk Kart sahibi ailelerimizin \u00e7ocuklar\u0131n\u0131n YKS s\u0131nav \u00fccretleri bizim taraf\u0131ndan yap\u0131lacak&#8221; dedi.<br \/>\nBa\u015fkan Se\u00e7er&#8217;den su sorununda Pamukluk Baraj\u0131 vurgusu<br \/>\nKentte ya\u015fanabilecek su sorununa kar\u015f\u0131 \u00f6zellikle Pamukluk Baraj\u0131&#8217;nda yap\u0131lmas\u0131 planlanan ancak y\u0131llard\u0131r yap\u0131lmayan isale hatt\u0131n\u0131n bu sorunu ortadan kald\u0131rma a\u00e7\u0131s\u0131ndan b\u00fcy\u00fck \u00f6nem ta\u015f\u0131d\u0131\u011f\u0131na vurgu yapan Se\u00e7er, &#8220;\u015eu anda Berdan&#8217;da y\u00fczde 24 doluluk var, 160 milyon metrek\u00fcp de baraj\u0131n kapasitesi. Yine Pamukluk&#8217;ta da y\u00fczde 34.8 doluluk var onun da 260 milyon metrek\u00fcp kapasitesi var. Bunlar DS\u0130&#8217;nin rakamlar\u0131. Berdan&#8217;da 3.8 metrek\u00fcp\/saniyelik bir su al\u0131yoruz. Yine oradan sulamaya bir g\u00fcnde 6.7 metrek\u00fcp su veriliyor ikisinin toplam\u0131 10.5. Berdan&#8217;a giren suya bak\u0131yorum 10.7. Yani a\u015fa\u011f\u0131 yukar\u0131 0.2 metrek\u00fcp de bir su fazlal\u0131\u011f\u0131 var. \u015eimdi bu kritik. K\u0131rm\u0131z\u0131 \u0131\u015f\u0131k yan\u0131yor, alarm veriyor. Pamukluk orada bekliyor bu ayr\u0131, Pamukluk&#8217;ta da giri\u015f 1.1 metrek\u00fcp saniyede, \u00e7\u0131k\u0131\u015f yok zaten orada&#8221; dedi.<br \/>\n&#8220;Pamukluk Baraj\u0131 isale hatt\u0131n\u0131 yapt\u0131\u011f\u0131m\u0131z zaman muazzam olacak&#8221;<br \/>\nPamukluk Baraj\u0131&#8217;n\u0131n kentin emniyet subab\u0131 oldu\u011funu, ancak isale hatt\u0131 olmamas\u0131ndan dolay\u0131 sadece Berdan Baraj\u0131&#8217;ndan su \u00e7ekildi\u011fini s\u00f6yleyen Se\u00e7er, &#8220;Bu isale hatt\u0131n\u0131 yapt\u0131\u011f\u0131m\u0131z zaman bizim elektrik enerjisi sorunu ortadan kald\u0131r\u0131l\u0131r. Giderler d\u00fc\u015fecek, maliyete yans\u0131yacak, fiyatlar d\u00fc\u015fecek; yani muazzam bir \u015fey olacak. Oradaki fark\u0131 biz yat\u0131r\u0131ma d\u00f6n\u00fc\u015ft\u00fcr\u00fcrsek Mersin&#8217;in altyap\u0131 sorunu kalmaz, bir tane demode ar\u0131tma kalmaz, patlayan, \u00e7atlayan i\u00e7me suyu \u015febekesi kalmaz. Onun i\u00e7in &#8216;Pamukluk, Pamukluk, Pamukluk&#8217; diyorum. Tam 7 y\u0131l \u00f6nce 2016&#8217;da bunun s\u00f6zle\u015fmesi yap\u0131lm\u0131\u015f, sekizinci y\u0131l i\u00e7erisindeyiz. \u0130sale hatt\u0131 ve ar\u0131tma tesisi 40 bin metrek\u00fcp, MESK\u0130&#8217;ye toplam yat\u0131r\u0131m bedelinin y\u00fczde 44&#8217;\u00fc olarak protokolle ba\u011flanm\u0131\u015f, geri \u00f6demesi 30 y\u0131l&#8221; ifadelerin yer verdi.<br \/>\n&#8220;Halk\u0131n kaynaklar\u0131 akaryak\u0131ta, kat\u0131 at\u0131k ta\u015f\u0131maya gidiyor&#8221;<br \/>\nPamukluk Baraj\u0131 ile ilgili Mersin B\u00fcy\u00fck\u015fehir Belediyesi ile DS\u0130 aras\u0131nda 7 y\u0131l \u00f6nce protokol imzaland\u0131\u011f\u0131n\u0131 hat\u0131rlatan Ba\u015fkan Se\u00e7er, sorun \u00e7\u00f6z\u00fclemedi\u011fi i\u00e7in de halk\u0131n kaynaklar\u0131n\u0131n akaryak\u0131ta ve kat\u0131 at\u0131k ta\u015f\u0131ma i\u015flemlerine harcand\u0131\u011f\u0131n\u0131 kaydetti.<br \/>\n&#8220;Berdan Baraj\u0131 ile Pamukluk Baraj\u0131 birbirinin yede\u011fi olacaklar, m\u00fcthi\u015f bir \u015fey&#8221;<br \/>\nMersin i\u00e7in ikinci isale hatt\u0131n\u0131n \u015fart oldu\u011funu ancak b\u00fcrokratik s\u00fcrecin s\u00fcreci fazlas\u0131yla uzatt\u0131\u011f\u0131na vurgu yapan Ba\u015fkan Se\u00e7er d\u00fczenli kat\u0131 at\u0131k depolama tesisi i\u00e7in geri giden hibenin de ciddi bir kay\u0131p oldu\u011funu s\u00f6yledi. Ba\u015fkan Se\u00e7er, &#8220;Yakla\u015f\u0131k yar\u0131m milyar liral\u0131k bir yat\u0131r\u0131m, hibe bu. Maalesef geri gitmi\u015f hibe. B\u00f6yle bir durumu ya\u015f\u0131yoruz. \u0130sale hatt\u0131, Mersin i\u00e7in \u015fart. Cazibe ile su gelecek. Art\u0131k Mersin&#8217;in su, susuzluk, su fiyatlar\u0131, g\u00fcndemden \u00e7\u0131kacak. Pamukluk Baraj\u0131 ayr\u0131 bir isale hatt\u0131, ikinci bir isale hatt\u0131, Berdan Baraj\u0131 ile birbirinin yede\u011fi olacaklar, m\u00fcthi\u015f bir \u015fey. Mersin&#8217;in her hal ve \u015fartta fazlas\u0131yla suyu olacak. Bunu ben \u00e7ok \u00f6nemsiyorum&#8221; diye konu\u015ftu.<br \/>\n&#8220;Mut, G\u00fclnar, Anamur, Bozyaz\u0131, Ayd\u0131nc\u0131k; bir tane \u00e7\u00f6p b\u0131rakmad\u0131m&#8221;<br \/>\nDaha \u00f6nce Gilindire yolunda vah\u015fi depolama yap\u0131ld\u0131\u011f\u0131n\u0131 ve \u015fimdi b\u00f6yle bir dert kalmad\u0131\u011f\u0131n\u0131 kaydeden Ba\u015fkan Se\u00e7er, Mut, G\u00fclnar, Anamur, Bozyaz\u0131 ve Ayd\u0131nc\u0131k&#8217;ta bir tane \u00e7\u00f6p b\u0131rakmad\u0131klar\u0131n\u0131, hepsini Silifke&#8217;ye ta\u015f\u0131d\u0131klar\u0131n\u0131 kaydetti. Ba\u015fkan Se\u00e7er, &#8220;Mut, G\u00fclnar, Anamur, Bozyaz\u0131, Ayd\u0131nc\u0131k; bir tane \u00e7\u00f6p b\u0131rakmad\u0131m, hepsini Silifke&#8217;ye ta\u015f\u0131yorum. Orada bertaraf ediyoruz. S\u00fcratle doluyor tabi. Silifke&#8217;ye, etraf\u0131na g\u00f6re projelendirilmi\u015f. Ben yeni bir yer bulsam bir 6-7-8 sene daha gidecek. Her y\u0131l milyonlarca lira o \u00e7\u00f6p\u00fc ta\u015f\u0131maya veriyorum ben. Bu, hepimizin paras\u0131. Bunlar \u00f6nemli ayr\u0131nt\u0131lar&#8221; dedi.<br \/>\n&#8220;Biz kamunun mal\u0131n\u0131 kamuya kiraya veriyoruz&#8221;<br \/>\nErdemli Hali&#8217;nde kirac\u0131 olan esnaflar\u0131n kira \u00fccretleri hakk\u0131nda konu\u015fan Ba\u015fkan Se\u00e7er, idare olarak mevzuat\u0131n d\u0131\u015f\u0131na \u00e7\u0131kamayacaklar\u0131n\u0131 belirtti. Ba\u015fkan Se\u00e7er \u015f\u00f6yle devam etti:<br \/>\n&#8220;Biz kamunun mal\u0131n\u0131 kamuya kiraya veriyoruz. Bizim haktan \u015fa\u015fmamam\u0131z laz\u0131m. \u015eimdi ucuz veremem, pahal\u0131 da vermem. Makul\u00fcn asla alt\u0131nda kalmam, \u00fcst\u00fcne de \u00e7\u0131kmam. Bunu bir siyasi oy tahvili meselesi yapmam. \u00c7ok net konu\u015fuyorum. Erdemli&#8217;nin ticareti, konumu, hacmi neyse, orada d\u00fckkan kiralar\u0131 ne olmas\u0131 gerekiyorsa ba\u015f\u0131m\u0131z g\u00f6z\u00fcm\u00fcz \u00fczerine.&#8221;<br \/>\n&#8220;Yeni Hal&#8217;e ge\u00e7i\u015f konusunu l\u00fctfen bir daha de\u011ferlendirin&#8221;<br \/>\nEsnaf\u0131n yap\u0131m\u0131 tamamlanan Yeni Hal&#8217;e ge\u00e7i\u015fine ili\u015fkinde a\u00e7\u0131klamada bulunan Ba\u015fkan Se\u00e7er, &#8220;Ben o konuyu \u00e7\u00f6zme taraftar\u0131 idim. Yetkililerle g\u00f6r\u00fc\u015fme sa\u011flad\u0131n\u0131z, &#8216;ne diyorsan\u0131z yapal\u0131m ama beni zor durumda b\u0131rakmay\u0131n yeter ki, makul\u00fc yakalayal\u0131m, yeni yeri alal\u0131m&#8217; dedik. \u015eu ana kadar bir geli\u015fme olmad\u0131. Biz de zaten Eski Hal&#8217;de kirac\u0131lar\u0131m\u0131z devam ediyor. Yeni Hal de bekliyor. \u015eu anda depremzedelere \u00e7ok b\u00fcy\u00fck faydas\u0131 oldu. Hi\u00e7 olmazsa konforlu bir alan oldu. Tertemiz, \u0131s\u0131tmas\u0131 var, her \u015feyi var, geni\u015f alanlar var. Ben krizden yana de\u011filim. Asla b\u00f6yle bir derdim, d\u00fc\u015f\u00fcncem yok. Kira konusunu inceleyece\u011fiz. Yap\u0131labilecek bir \u015fey varsa, bizim m\u00fcdahale \u015fans\u0131m\u0131z varsa yapal\u0131m. Yeni Hal&#8217;e ge\u00e7i\u015f konusunu l\u00fctfen bir daha de\u011ferlendirin. Buradan vatanda\u015f\u0131n zarar g\u00f6rmesini istemem&#8221; dedi.<br \/>\n&#8220;birizberaberiz.org&#8217;un g\u00fcvencesi belediye ba\u015fkan\u0131d\u0131r&#8221;<br \/>\nB\u00fcy\u00fck\u015fehir Belediyesi&#8217;nin depremzedelere destek ama\u00e7l\u0131 kurdu\u011fu birizberaberiz.org isimli internet sitesinden de bahseden Ba\u015fkan Se\u00e7er, &#8220;Buradan vatanda\u015flar\u0131ma seslenmek istiyorum; bu portal\u0131n g\u00fcvencesi belediye ba\u015fkan\u0131d\u0131r. Buraya her ba\u011f\u0131\u015flad\u0131\u011f\u0131n\u0131z kuru\u015f emin olun yerine ula\u015f\u0131r. Asla halel getiremeyiz. Bu konuyla bizzat ilgilendi\u011fimi de bilmenizi istiyorum. Orada farkl\u0131 yard\u0131m kalemleri var, g\u0131da kolisi yard\u0131m\u0131 yapars\u0131n\u0131z, ev e\u015fyas\u0131 yard\u0131m\u0131 yapabilirsiniz, nakit, \u015farts\u0131z ba\u011f\u0131\u015f yapabilirsiniz. B\u00fct\u00fcn kap\u0131lar\u0131 a\u00e7m\u0131\u015f\u0131z. Buradan \u00f6zellikle hay\u0131rsever Mersinli yurtta\u015flar\u0131m\u0131za sesleniyorum. &#8216;birizberaberiz.org&#8217; belediyenin portal\u0131d\u0131r, sitesidir. Buradan depremzedelere ramazan kolisi ya da ba\u015fka bir ba\u011f\u0131\u015f yapmak istiyorsan\u0131z hepsini buradan yapabilirsiniz&#8221; ifadelerini kulland\u0131.<br \/>\n&#8220;Mersin&#8217;e \u00e7a\u011fda\u015f bir \u00fclke standard\u0131nda itfaiye kazand\u0131raca\u011f\u0131z&#8221;<br \/>\nBa\u015fkan Se\u00e7er, bir Meclis \u00fcyesinin \u0130tfaiye Dairesi b\u00fcnyesindeki arama kurtarma ekibin say\u0131s\u0131n\u0131n art\u0131r\u0131lmas\u0131 gerekti\u011fi y\u00f6n\u00fcndeki \u00f6nerisi \u00fczerine de yeni personel alacaklar\u0131n\u0131n bilgisini vererek, &#8220;Ata E\u011fitim Merkezi&#8217;ni bitirdik. 100 itfaiyeci al\u0131m\u0131 s\u0131nav\u0131n\u0131 a\u00e7t\u0131k. Tamamen bilimsel normlarda. \u015eu anda 100 kadro alabildik. 282 kadromuz var ama bizzat Bakan\u0131 aramak durumunda kald\u0131m. \u00d6yle de h\u0131zl\u0131 bir \u015fekilde yapm\u0131\u015f,  te\u015fekk\u00fcr de ettik ama yetersiz. Mersin&#8217;e ger\u00e7ekten \u00e7a\u011fda\u015f bir \u00fclke standard\u0131nda, \u00e7a\u011fda\u015f bir \u015fehir standard\u0131na itfaiye kazand\u0131raca\u011f\u0131z. Bunu zaman i\u00e7erisinde g\u00f6receksiniz, hi\u00e7 merak etmeyin&#8221; dedi.<br \/>\nAd\u0131yaman&#8217;daki konteyner kent hakk\u0131nda; &#8220;\u00c7ok muazzam bir proje oluyor&#8221;<br \/>\nBa\u015fkan Se\u00e7er, Ad\u0131yaman&#8217;da \u00e7al\u0131\u015fmalar\u0131 devam eden konteyner kent ile ilgili madde hakk\u0131nda da baz\u0131 de\u011ferlendirmelerde bulundu. Se\u00e7er, &#8220;MTSO&#8217;da i\u00e7inde idari bina, kre\u015f, okuma salonu ve mescitin bulundu\u011fu \u00e7ok ama\u00e7l\u0131 salon yap\u0131s\u0131 sa\u011flayacak. Bunun koordinat\u00f6r belediyesi biziz. Altyap\u0131s\u0131n\u0131 biz yapt\u0131k. Altyap\u0131 derken, baya\u011f\u0131 bir mahalle yap\u0131yorsunuz. 670 konteyner, sahra hastanesi dahi var. K\u00fc\u00e7\u00fck bir yer de\u011fil. Okuma salonu var, kre\u015f var iki tane. Muaazzam bir yerle\u015fke oluyor oras\u0131. Yeri do\u011fal olarak AFAD bize temin etti. \u0130\u015fbirli\u011fi yap\u0131yoruz. \u00c7ok muazzam bir proje oluyor, \u00f6rnek olacak ger\u00e7ekten. Bu konteyner kentler i\u00e7erisinde belki de bizim y\u00fcz\u00fcm\u00fcz\u00fc ak \u00e7\u0131karacak bir proje. Bitince de AFAD&#8217;a verece\u011fiz. Ona g\u00f6re b\u00f6lgeden insanlar\u0131n yerle\u015ftirmesini beraberce sa\u011flad\u0131ktan sonra &#8216;bizim i\u015fimiz bitti&#8217; diyece\u011fiz&#8221; diye konu\u015ftu.<br \/>\nBa\u015fkan Se\u00e7er, \u00e7al\u0131\u015fmalar\u0131n Ad\u0131yaman ile s\u0131n\u0131rl\u0131 olmad\u0131\u011f\u0131n\u0131 dile getirerek,  Kahramanmara\u015f ile Hatay&#8217;a \u00e7ok ciddi katk\u0131lar sunduklar\u0131n\u0131, Hatay&#8217;da T\u00fcrk ve \u0130sve\u00e7 Lions i\u015fbirli\u011fiyle 1500 ki\u015filik \u00e7ad\u0131r kent olu\u015fturduklar\u0131n\u0131 kaydetti.<\/p>\n","protected":false},"excerpt":{"rendered":"<p>Mersin B\u00fcy\u00fck\u015fehir Belediye Meclisi&#8217;nin 2023 y\u0131l\u0131 Mart Ay\u0131 ola\u011fan Toplant\u0131s\u0131&#8217;n\u0131n 2. Birle\u015fimi Mersin B\u00fcy\u00fck\u015fehir Belediye Ba\u015fkan\u0131 Vahap Se\u00e7er Ba\u015fkanl\u0131\u011f\u0131&#8217;nda ger\u00e7ekle\u015ftirildi. Meclis toplant\u0131s\u0131nda birimlerden gelen 19, komisyonlara haval\u0131 edilen 27 olmak &hellip; <a href=\"https:\/\/akdenizolaygazetesi.com\/?p=24599\" class=\"more-link\">Devam\u0131n\u0131 Oku&#8230;<\/a><\/p>\n","protected":false},"author":2,"featured_media":24600,"comment_status":"open","ping_status":"open","sticky":false,"template":"","format":"standard","meta":[],"categories":[1,2,3,5],"tags":[],"_links":{"self":[{"href":"https:\/\/akdenizolaygazetesi.com\/index.php?rest_route=\/wp\/v2\/posts\/24599"}],"collection":[{"href":"https:\/\/akdenizolaygazetesi.com\/index.php?rest_route=\/wp\/v2\/posts"}],"about":[{"href":"https:\/\/akdenizolaygazetesi.com\/index.php?rest_route=\/wp\/v2\/types\/post"}],"author":[{"embeddable":true,"href":"https:\/\/akdenizolaygazetesi.com\/index.php?rest_route=\/wp\/v2\/users\/2"}],"replies":[{"embeddable":true,"href":"https:\/\/akdenizolaygazetesi.com\/index.php?rest_route=%2Fwp%2Fv2%2Fcomments&post=24599"}],"version-history":[{"count":1,"href":"https:\/\/akdenizolaygazetesi.com\/index.php?rest_route=\/wp\/v2\/posts\/24599\/revisions"}],"predecessor-version":[{"id":24601,"href":"https:\/\/akdenizolaygazetesi.com\/index.php?rest_route=\/wp\/v2\/posts\/24599\/revisions\/24601"}],"wp:featuredmedia":[{"embeddable":true,"href":"https:\/\/akdenizolaygazetesi.com\/index.php?rest_route=\/wp\/v2\/media\/24600"}],"wp:attachment":[{"href":"https:\/\/akdenizolaygazetesi.com\/index.php?rest_route=%2Fwp%2Fv2%2Fmedia&parent=24599"}],"wp:term":[{"taxonomy":"category","embeddable":true,"href":"https:\/\/akdenizolaygazetesi.com\/index.php?rest_route=%2Fwp%2Fv2%2Fcategories&post=24599"},{"taxonomy":"post_tag","embeddable":true,"href":"https:\/\/akdenizolaygazetesi.com\/index.php?rest_route=%2Fwp%2Fv2%2Ftags&post=24599"}],"curies":[{"name":"wp","href":"https:\/\/api.w.org\/{rel}","templated":true}]}}