{"id":24605,"date":"2023-03-10T15:43:45","date_gmt":"2023-03-10T12:43:45","guid":{"rendered":"http:\/\/akdenizolaygazetesi.com\/?p=24605"},"modified":"2023-03-10T15:43:45","modified_gmt":"2023-03-10T12:43:45","slug":"yenisehir-belediyesi-temizlik-isleri-ekipleri-simdi-de-adiyamanda","status":"publish","type":"post","link":"https:\/\/akdenizolaygazetesi.com\/?p=24605","title":{"rendered":"Yeni\u015fehir Belediyesi temizlik i\u015fleri ekipleri \u015fimdi de Ad\u0131yaman\u2019da"},"content":{"rendered":"<p>Depremin yaralar\u0131n\u0131 sarmak i\u00e7in hem Mersin\u2019de hem de b\u00f6lgede seferber olan Mersin Yeni\u015fehir Belediyesi,  Hatay\u2019\u0131n Samanda\u011f il\u00e7esinden sonra \u015fimdi de Ad\u0131yaman\u2019\u0131n G\u00f6lba\u015f\u0131 il\u00e7esinde \u00e7evre temizli\u011fi \u00e7al\u0131\u015fmalar\u0131na destek veriyor.<br \/>\nMerkez \u00fcss\u00fc Kahramanmara\u015f olan ve toplamda 11 ili etkileyen 7,7 ve 7.6 b\u00fcy\u00fckl\u00fc\u011f\u00fcndeki depremlerin ard\u0131ndan \u00e7al\u0131\u015fmalar\u0131n\u0131 s\u00fcrd\u00fcren Mersin Yeni\u015fehir Belediyesi, kentteki depremzedelere bar\u0131nma ve temel ihtiya\u00e7 malzemesi deste\u011fi verirken, b\u00f6lgede de yaralar\u0131 sar\u0131yor. Yeni\u015fehir Belediyesi, deprem b\u00f6lgesindeki olumsuzluklar\u0131 en aza indirmek ve yurtta\u015flar\u0131n sa\u011fl\u0131\u011f\u0131n\u0131 korumak amac\u0131yla \u00e7evre temizli\u011fi \u00e7al\u0131\u015fmalar\u0131na ekipleriyle destek veriyor. B\u00f6lgedeki salg\u0131n ve hastal\u0131k riskine kar\u015f\u0131 Yeni\u015fehir Belediyesi Temizlik \u0130\u015fleri M\u00fcd\u00fcrl\u00fc\u011f\u00fc ekipleri Ad\u0131yaman\u2019\u0131n g\u00f6lba\u015f\u0131 il\u00e7esinde yo\u011fun mesaiyle \u00e7al\u0131\u015f\u0131yor.  Yeni\u015fehir Belediye Ba\u015fkan\u0131 Abdullah \u00d6zyi\u011fit, \u201cT\u00fcm imkanlar\u0131m\u0131zla hem b\u00f6lgede hem de Mersin\u2019de ilk g\u00fcnden bu yana \u00e7al\u0131\u015fmalar\u0131m\u0131z\u0131 s\u00fcrd\u00fcr\u00fcyoruz. G\u00f6lba\u015f\u0131\u2019nda daha \u00f6nce dezenfeksiyon \u00e7al\u0131\u015fmalar\u0131 da yapm\u0131\u015ft\u0131k. Ayr\u0131ca mobil mutfak kurarak, g\u00fcnl\u00fck 4 bin yurtta\u015f\u0131m\u0131za orada yemek ikramda bulunduk. \u015eimdi de temizlik i\u015fleri ekiplerimizi g\u00f6nderdik. Hatay\u2019da yakla\u015f\u0131k 3 hafta boyunca aral\u0131ks\u0131z olarak temizlik \u00e7al\u0131\u015fmalar\u0131na destek verdik. \u00c7evre sa\u011fl\u0131\u011f\u0131 bu s\u00fcre\u00e7te \u00e7ok \u00f6nemli. Vatanda\u015flar\u0131m\u0131z\u0131n sa\u011fl\u0131\u011f\u0131n\u0131 korumak i\u00e7in biz de b\u00f6lgede \u00e7al\u0131\u015fmalar\u0131m\u0131z\u0131 s\u00fcrd\u00fcrece\u011fiz.  Nerede, neye ihtiya\u00e7 varsa Yeni\u015fehir Belediyesi gelen talepler ve imkanlar\u0131 \u00f6l\u00e7\u00fcs\u00fcnde orada olmaya devam edecek.\u201d dedi. <\/p>\n","protected":false},"excerpt":{"rendered":"<p>Depremin yaralar\u0131n\u0131 sarmak i\u00e7in hem Mersin\u2019de hem de b\u00f6lgede seferber olan Mersin Yeni\u015fehir Belediyesi, Hatay\u2019\u0131n Samanda\u011f il\u00e7esinden sonra \u015fimdi de Ad\u0131yaman\u2019\u0131n G\u00f6lba\u015f\u0131 il\u00e7esinde \u00e7evre temizli\u011fi \u00e7al\u0131\u015fmalar\u0131na destek veriyor. Merkez \u00fcss\u00fc &hellip; <a href=\"https:\/\/akdenizolaygazetesi.com\/?p=24605\" class=\"more-link\">Devam\u0131n\u0131 Oku&#8230;<\/a><\/p>\n","protected":false},"author":2,"featured_media":24606,"comment_status":"open","ping_status":"open","sticky":false,"template":"","format":"standard","meta":[],"categories":[3],"tags":[],"_links":{"self":[{"href":"https:\/\/akdenizolaygazetesi.com\/index.php?rest_route=\/wp\/v2\/posts\/24605"}],"collection":[{"href":"https:\/\/akdenizolaygazetesi.com\/index.php?rest_route=\/wp\/v2\/posts"}],"about":[{"href":"https:\/\/akdenizolaygazetesi.com\/index.php?rest_route=\/wp\/v2\/types\/post"}],"author":[{"embeddable":true,"href":"https:\/\/akdenizolaygazetesi.com\/index.php?rest_route=\/wp\/v2\/users\/2"}],"replies":[{"embeddable":true,"href":"https:\/\/akdenizolaygazetesi.com\/index.php?rest_route=%2Fwp%2Fv2%2Fcomments&post=24605"}],"version-history":[{"count":1,"href":"https:\/\/akdenizolaygazetesi.com\/index.php?rest_route=\/wp\/v2\/posts\/24605\/revisions"}],"predecessor-version":[{"id":24607,"href":"https:\/\/akdenizolaygazetesi.com\/index.php?rest_route=\/wp\/v2\/posts\/24605\/revisions\/24607"}],"wp:featuredmedia":[{"embeddable":true,"href":"https:\/\/akdenizolaygazetesi.com\/index.php?rest_route=\/wp\/v2\/media\/24606"}],"wp:attachment":[{"href":"https:\/\/akdenizolaygazetesi.com\/index.php?rest_route=%2Fwp%2Fv2%2Fmedia&parent=24605"}],"wp:term":[{"taxonomy":"category","embeddable":true,"href":"https:\/\/akdenizolaygazetesi.com\/index.php?rest_route=%2Fwp%2Fv2%2Fcategories&post=24605"},{"taxonomy":"post_tag","embeddable":true,"href":"https:\/\/akdenizolaygazetesi.com\/index.php?rest_route=%2Fwp%2Fv2%2Ftags&post=24605"}],"curies":[{"name":"wp","href":"https:\/\/api.w.org\/{rel}","templated":true}]}}