{"id":24608,"date":"2023-03-10T15:45:08","date_gmt":"2023-03-10T12:45:08","guid":{"rendered":"http:\/\/akdenizolaygazetesi.com\/?p=24608"},"modified":"2023-03-10T15:45:08","modified_gmt":"2023-03-10T12:45:08","slug":"yeni-gelen-deprem-vergisine-chpli-antmenden-tepki","status":"publish","type":"post","link":"https:\/\/akdenizolaygazetesi.com\/?p=24608","title":{"rendered":"YEN\u0130 GELEN DEPREM VERG\u0130S\u0130NE CHP\u2019L\u0130 ANTMEN\u2019DEN TEPK\u0130"},"content":{"rendered":"<p>Ge\u00e7ti\u011fimiz g\u00fcnlerde TBMM&#8217;de g\u00f6r\u00fc\u015f\u00fclen bor\u00e7 yap\u0131land\u0131rma yasas\u0131nda \u00f6nergeyle yeni maddeler eklendi. Kurumlar Vergisi m\u00fckelleflerine sa\u011flanan vergi te\u015fviklerinden bir kereye mahsus y\u00fczde 10 kesinti yap\u0131lacak. D\u00fczenlemeden 22 bin kurumlar vergisi m\u00fckellefine ek vergi getirilecek. CHP ise konuya tepki g\u00f6sterdi.<\/p>\n<p>CHP Mersin Milletvekili Alpay Antmen, deprem vergilerinin kald\u0131r\u0131lmas\u0131 i\u00e7in Ocak 2020&#8217;de bir kanun teklifi verdiklerini ancak iktidar\u0131n halen bunu komisyonda bekletti\u011fini belirtti. CHP&#8217;li Vekil &#8220;Bug\u00fcne kadar vatanda\u015ftan 90 milyara yak\u0131n deprem vergisi topland\u0131. Bu para nereye ve kimlere harcand\u0131 belli de\u011fil. \u015eimdi yeniden bu yetmezmi\u015f gibi ek deprem vergisine ek deprem vergisi geliyor! Bunun \u00f6rne\u011fi d\u00fcnya tarihinde yok&#8221; dedi.<\/p>\n<p>Antmen&#8217;in, yapt\u0131\u011f\u0131 a\u00e7\u0131klamada \u00f6ne \u00e7\u0131kanlar \u015fu \u015fekilde;<\/p>\n<p>GE\u00c7\u0130C\u0130 D\u0130YE GELEN DEPREM VERG\u0130S\u0130 KALICI OLDU<\/p>\n<p>&#8220;G\u00f6lc\u00fck&#8217;te 17 A\u011fustos 1999&#8217;da 7.4 \u015fiddetindeki deprem felaketinde 18.373 vatanda\u015f\u0131m\u0131z hayat\u0131n\u0131 kaybetmi\u015fti. Hemen ard\u0131ndan 12 Kas\u0131m 1999&#8217;da 7.2 \u015fiddetinde D\u00fczce depremi ya\u015fanm\u0131\u015f, bu depremde de 845 vatanda\u015f\u0131m\u0131z ya\u015fam\u0131n\u0131 yitirmi\u015fti. Bu depremlerin ard\u0131ndan, deprem sonras\u0131nda ya\u015fanan ekonomik zorluklar\u0131 a\u015fmak ve ya\u015fanacak bir deprem \u00f6ncesi ya\u015fam alanlar\u0131n\u0131n depreme dayan\u0131kl\u0131 hale getirilmesi i\u00e7in \u00e7e\u015fitli ek vergiler getirilmi\u015ftir. 2004 y\u0131l\u0131nda di\u011fer vergiler kalkm\u0131\u015f, AKP iktidar\u0131 taraf\u0131ndan \u00f6zel ileti\u015fim vergisi ise kal\u0131c\u0131 hale getirildi&#8221;<\/p>\n<p>DEPREM VERG\u0130LER\u0130 \u00d6NLEM ALMAK \u0130\u00c7\u0130N KULLANILMADI<\/p>\n<p>&#8220;AKP Genel Ba\u015fkan\u0131 ve Cumhurba\u015fkan\u0131 RecepTayyip Erdo\u011fan &#8216;Harcanmas\u0131 gereken yere harcad\u0131k. Bundan sonra da bu t\u00fcr \u015feylerin hesab\u0131n\u0131 vermeye zaman\u0131m\u0131z yok&#8217; ifadelerini kulland\u0131. D\u00f6nemin bakanlar\u0131 &#8220;Deprem vergisi ile yol yapt\u0131k&#8221; a\u00e7\u0131klamalar\u0131nda bulundu. AKP&#8217;li Naci Bostanc\u0131 &#8216;Deprem vergileri illa depreme gidecek diye bir \u015fey yok&#8217; dedi. 21 y\u0131ld\u0131r vatanda\u015ftan toplanan deprem vergileri belirli m\u00fcteahhitlere aktar\u0131ld\u0131. \u015eimdi bu yetmezmi\u015f gibi yeni vergiler getiriliyor&#8221;<\/p>\n","protected":false},"excerpt":{"rendered":"<p>Ge\u00e7ti\u011fimiz g\u00fcnlerde TBMM&#8217;de g\u00f6r\u00fc\u015f\u00fclen bor\u00e7 yap\u0131land\u0131rma yasas\u0131nda \u00f6nergeyle yeni maddeler eklendi. Kurumlar Vergisi m\u00fckelleflerine sa\u011flanan vergi te\u015fviklerinden bir kereye mahsus y\u00fczde 10 kesinti yap\u0131lacak. D\u00fczenlemeden 22 bin kurumlar vergisi m\u00fckellefine &hellip; <a href=\"https:\/\/akdenizolaygazetesi.com\/?p=24608\" class=\"more-link\">Devam\u0131n\u0131 Oku&#8230;<\/a><\/p>\n","protected":false},"author":2,"featured_media":24609,"comment_status":"open","ping_status":"open","sticky":false,"template":"","format":"standard","meta":[],"categories":[3],"tags":[],"_links":{"self":[{"href":"https:\/\/akdenizolaygazetesi.com\/index.php?rest_route=\/wp\/v2\/posts\/24608"}],"collection":[{"href":"https:\/\/akdenizolaygazetesi.com\/index.php?rest_route=\/wp\/v2\/posts"}],"about":[{"href":"https:\/\/akdenizolaygazetesi.com\/index.php?rest_route=\/wp\/v2\/types\/post"}],"author":[{"embeddable":true,"href":"https:\/\/akdenizolaygazetesi.com\/index.php?rest_route=\/wp\/v2\/users\/2"}],"replies":[{"embeddable":true,"href":"https:\/\/akdenizolaygazetesi.com\/index.php?rest_route=%2Fwp%2Fv2%2Fcomments&post=24608"}],"version-history":[{"count":1,"href":"https:\/\/akdenizolaygazetesi.com\/index.php?rest_route=\/wp\/v2\/posts\/24608\/revisions"}],"predecessor-version":[{"id":24610,"href":"https:\/\/akdenizolaygazetesi.com\/index.php?rest_route=\/wp\/v2\/posts\/24608\/revisions\/24610"}],"wp:featuredmedia":[{"embeddable":true,"href":"https:\/\/akdenizolaygazetesi.com\/index.php?rest_route=\/wp\/v2\/media\/24609"}],"wp:attachment":[{"href":"https:\/\/akdenizolaygazetesi.com\/index.php?rest_route=%2Fwp%2Fv2%2Fmedia&parent=24608"}],"wp:term":[{"taxonomy":"category","embeddable":true,"href":"https:\/\/akdenizolaygazetesi.com\/index.php?rest_route=%2Fwp%2Fv2%2Fcategories&post=24608"},{"taxonomy":"post_tag","embeddable":true,"href":"https:\/\/akdenizolaygazetesi.com\/index.php?rest_route=%2Fwp%2Fv2%2Ftags&post=24608"}],"curies":[{"name":"wp","href":"https:\/\/api.w.org\/{rel}","templated":true}]}}