{"id":24611,"date":"2023-03-10T15:47:18","date_gmt":"2023-03-10T12:47:18","guid":{"rendered":"http:\/\/akdenizolaygazetesi.com\/?p=24611"},"modified":"2023-03-10T15:47:18","modified_gmt":"2023-03-10T12:47:18","slug":"bize-bir-yol-haritasinin-sunulmasi-lazim","status":"publish","type":"post","link":"https:\/\/akdenizolaygazetesi.com\/?p=24611","title":{"rendered":"&#8220;B\u0130ZE B\u0130R YOL HAR\u0130TASININ SUNULMASI LAZIM&#8221;"},"content":{"rendered":"<p>Mersin B\u00fcy\u00fck\u015fehir Belediye Ba\u015fkan\u0131 Vahap Se\u00e7er, TV100&#8217;de yay\u0131nlanan &#8216;O\u011fuz Haksever ile Ak\u015fam Raporu&#8217; program\u0131n\u0131n canl\u0131 yay\u0131n konu\u011fu oldu. Ba\u015fkan Se\u00e7er, ya\u015fanan depremin ard\u0131ndan Mersin&#8217;de olu\u015fan durumu da aktararak, konut, i\u00e7me suyu \u015febekesi, kanalizasyon, ar\u0131tma, toplu ta\u015f\u0131ma, e\u011fitim ve sa\u011fl\u0131k gibi alanlarda Mersin olarak destek beklediklerini vurgulad\u0131 ve &#8220;Bize bir yol haritas\u0131n\u0131n sunulmas\u0131 laz\u0131m&#8221; dedi.<br \/>\nDepremzede vatanda\u015flar\u0131n Mersin&#8217;i tercih etmelerinin pek \u00e7ok sebebi oldu\u011funa da de\u011finen Ba\u015fkan Se\u00e7er, &#8220;Bir; o b\u00f6lgedeki ya\u015fayan insanlarla akrabal\u0131k ili\u015fkileri \u00e7ok fazlad\u0131r Mersin&#8217;in. \u00c7\u00fcnk\u00fc Mersin g\u00f6\u00e7le b\u00fcy\u00fcm\u00fc\u015f bir kenttir. Do\u011fal olarak Hatayl\u0131 biri ya da Ad\u0131yamanl\u0131, Malatyal\u0131, Mara\u015fl\u0131 \u00f6nce akrabas\u0131 olan Mersin&#8217;i tercih etti. \u0130kinci neden; mesafe \u00e7ok yak\u0131n. Deprem s\u0131n\u0131r\u0131ndan \u00e7\u0131k\u0131yorsun, ilk ba\u015f\u0131n\u0131 sokaca\u011f\u0131n bir il var. \u00dc\u00e7; burada \u00e7ok say\u0131da yazl\u0131k\u00e7\u0131 konutlar var. \u00d6zellikle Adanal\u0131lar, Antepliler, Mara\u015fl\u0131lar, Hatayl\u0131lar, Malatyal\u0131lar, Ad\u0131yamanl\u0131lar, her b\u00f6lgeden yaz\u0131n buraya gelir. Birka\u00e7 ay kal\u0131r d\u00f6nerler. Onlar\u0131n zaten burada evi var. Bu avantajlar insanlar\u0131n yo\u011fun olarak ilgisini \u00e7ekmesine neden oldu Mersin&#8217;in&#8221; diye konu\u015ftu.<br \/>\n&#8220;Devlet birimlerinin kap\u0131lar\u0131 bize kapal\u0131&#8221;<br \/>\nDeprem b\u00f6lgesinden 350 bin vatanda\u015f\u0131n ve 50 bin de Suriyeli s\u0131\u011f\u0131nmac\u0131n\u0131n Mersin&#8217;e geldi\u011fini an\u0131msatan Ba\u015fkan Se\u00e7er, &#8220;Suriyeli s\u0131\u011f\u0131nmac\u0131lar\u0131n kayd\u0131 yok. Zaten devlet birimlerinin kap\u0131lar\u0131 bize kapal\u0131. Reel ve \u015feffaf bilgiler alam\u0131yoruz ama ben kentimde de neyin olup olmad\u0131\u011f\u0131n\u0131 g\u00f6zlemlemem laz\u0131m. \u00c7ok net s\u00f6yl\u00fcyorum; 50 bin buraya Suriyeli s\u0131\u011f\u0131nmac\u0131 geldi. Demek ki burada 400 bin insan var ve \u015fu anda da n\u00fcfus 2.7 milyon Mersin&#8217;de. Bak\u0131n bizim Sular \u0130daremiz son derece modern bir sistemle takip edilir, SCADA Sistemi. Biz su t\u00fcketimini her gece saat 00.00&#8217;da al\u0131r\u0131z. 6 \u015eubat ve 6 Mart aras\u0131nda de\u011ferlendirmeye bak\u0131n, bizim su t\u00fcketim oran\u0131m\u0131z, en son rakamlar y\u00fczde 15&#8221; ifadelerini kulland\u0131.<br \/>\n&#8220;Mersin&#8217;de konuta, altyap\u0131ya ihtiya\u00e7 var&#8221;<br \/>\nO\u011fuz Haksever&#8217;in, &#8220;\u00d6zel stat\u00fcden kast\u0131n\u0131z nedir?&#8221; sorusu \u00fczerine konu\u015fmas\u0131n\u0131 s\u00fcrd\u00fcren Ba\u015fkan Se\u00e7er, &#8220;Mersin&#8217;in 10 ilin y\u0131k\u0131nt\u0131 olmasa da ac\u0131lar\u0131n\u0131n ta\u015f\u0131nd\u0131\u011f\u0131 bir yer ve insanlar orada de\u011fil de burada da ya\u015famak istiyor. Onun i\u00e7in konuta ve altyap\u0131ya ihtiya\u00e7 var. Deprem b\u00f6lgesinde konteyner kentler, \u00e7ad\u0131r kentler ve yeni konutlar yap\u0131l\u0131yor. Peki bu insanlar Mersin&#8217;de nerede ya\u015fayacak? Konut laz\u0131m. Altyap\u0131 laz\u0131m. Su t\u00fcketimi artm\u0131\u015f. \u00c7\u00f6p, evsel at\u0131k miktar\u0131; bug\u00fcn raporu ald\u0131m, son bir ayda y\u00fczde 13 oran\u0131nda artm\u0131\u015f. Yani su t\u00fcketimi ile evsel kat\u0131 at\u0131k miktar\u0131n\u0131 ald\u0131\u011f\u0131n\u0131z zaman s\u00f6yledi\u011fim rakamlar\u0131 zaten realize ediyor, do\u011fruluyor, b\u00f6yle de bir ger\u00e7ek var. B\u00fct\u00fcn bunlar yat\u0131r\u0131m istiyor&#8221; dedi.<br \/>\n&#8220;Bize bir yol haritas\u0131n\u0131n sunulmas\u0131 laz\u0131m&#8221;<br \/>\nKonut, i\u00e7me suyu \u015febekesi, kanalizasyon, ar\u0131tma, toplu ta\u015f\u0131ma, e\u011fitim, sa\u011fl\u0131k gibi alanlarda destek beklediklerini kaydeden Ba\u015fkan Se\u00e7er &#8220;Ama kimseden \u015fu ana kadar bu konuyla ilgili &#8216;gelelim de, Ba\u015fkan\u0131m\u0131z\u0131 da \u00e7a\u011f\u0131ral\u0131m bize bir de\u011ferlendirme yaps\u0131n&#8217; diyen olmad\u0131. Bir ay ge\u00e7ti \u00fczerinden. Rakamlar ortada. Kentin durumu ortada. Bize bir yol haritas\u0131n\u0131n sunulmas\u0131 laz\u0131m. Elbette ki deprem b\u00f6lgesinde y\u0131k\u0131nt\u0131 b\u00fcy\u00fck. \u00d6ncelik oras\u0131 ama T\u00fcrkiye Cumhuriyeti Devleti b\u00fcy\u00fckt\u00fcr. Orayla da tabi ki ilgilenece\u011fiz, oran\u0131n sorunlar\u0131n\u0131 ba\u015fta olmak \u00fczere \u00e7\u00f6zece\u011fiz ama komplikasyonlar\u0131 ortadan kald\u0131racak tedbirleri \u015fimdiden alaca\u011f\u0131z. Buras\u0131 oradan etkilenmi\u015f, bunun \u00e7aresini g\u00f6rmek laz\u0131m&#8221; dedi.<br \/>\n&#8220;Alt gelir gruplar\u0131na uygun konut \u00e7al\u0131\u015fmas\u0131 yap\u0131labilir&#8221;<br \/>\nProgramda Gazeteci Hac\u0131 Yak\u0131\u015f\u0131kl\u0131&#8217;n\u0131n &#8216;Mersin&#8217;e kal\u0131c\u0131 konut yap\u0131lmamal\u0131&#8217; y\u00f6n\u00fcndeki de\u011ferlendirmesi hakk\u0131nda konu\u015fan Ba\u015fkan Se\u00e7er, &#8220;Ge\u00e7ici olarak Mersin&#8217;e gelenlerin \u00f6nemli bir k\u0131sm\u0131n\u0131n kentte kalaca\u011f\u0131 varsay\u0131l\u0131yor. Biz bunun hesaplar\u0131n\u0131, projeksiyonunu da yapt\u0131k. 70 bin aile geldiyse, bunun 35-40 bininin burada kalaca\u011f\u0131ndan emin olabilirsiniz. Bu 200 bin n\u00fcfustan a\u015fa\u011f\u0131 de\u011fil. Mersin insanlara imkan sunan bir kent. Buran\u0131n standard\u0131 daha y\u00fcksektir. Dolay\u0131s\u0131yla \u015fu anda 1-2 y\u0131ll\u0131\u011f\u0131na ya\u015famak i\u00e7in de gelse kira fiyatlar\u0131 onun gelirine uygun de\u011fil. Onun i\u00e7in alt gelir gruplar\u0131na uygun konut \u00e7al\u0131\u015fmas\u0131 yap\u0131labilir. Bunda bir beis yok&#8221; diye konu\u015ftu.<br \/>\n&#8220;En az\u0131ndan bekleyen projelerimizi h\u0131zland\u0131rs\u0131nlar&#8221;<br \/>\nGazeteci O\u011fuz Haksever&#8217;in &#8220;Yat\u0131r\u0131mlar i\u00e7in ne kadar tutar gerekli?&#8221; sorusunu da yan\u0131tlayan Ba\u015fkan Se\u00e7er, bu durumun planlama ile belli olaca\u011f\u0131n\u0131 s\u00f6yledi. Se\u00e7er, &#8220;Bunun sadece yerel y\u00f6netimler baca\u011f\u0131 yok. Belediyenin b\u00fct\u00e7esi ayr\u0131, yapt\u0131\u011f\u0131 \u00e7al\u0131\u015fma alanlar\u0131 ayr\u0131. B\u00f6yle bir n\u00fcfusa ek bir projeksiyonun hi\u00e7 olmazsa buraya, &#8216;Hemen hali haz\u0131rda getirelim, Mersin&#8217;e 5-10 milyar lira g\u00f6nderelim&#8217; diye de\u011fil; bu projelerin ba\u015flamas\u0131 i\u00e7in en az\u0131ndan bir miktar\u0131 aktar\u0131l\u0131r, bir miktar uygun finansman bulunur, hibe bulunur. \u0130ller Bankas\u0131&#8217;n\u0131n i\u015fi budur, bunun i\u00e7in \u00e7al\u0131\u015f\u0131r. Bizim bir\u00e7ok projemiz var. En az\u0131ndan bekleyen projelerimizi h\u0131zland\u0131rs\u0131nlar. Kredi bekleyen onlarca altyap\u0131 projemiz var. Onlar\u0131n finansman\u0131 konusunda FRIT II kapsam\u0131nda bekleyen i\u015flerimiz var. Altyap\u0131, ar\u0131tma bunlar\u0131n da h\u0131zland\u0131r\u0131lmas\u0131 dahil bizim i\u00e7in \u00f6nemlidir&#8221; ifadelerini kulland\u0131.<br \/>\nSoysal: &#8220;Etkilenen illerin Ankara taraf\u0131ndan dikkate al\u0131n\u0131p bir an \u00f6nce \u00e7\u00f6z\u00fcm bulmalar\u0131 laz\u0131m&#8221;<br \/>\nProgramda Mersin&#8217;in ald\u0131\u011f\u0131 g\u00f6\u00e7e dair konu\u015fan CHP 23. D\u00f6nem Milletvekili \u00c7etin Soysal ise depremden sonra en \u00e7ok g\u00f6\u00e7 alan kentlerden birisinin Mersin oldu\u011funu belirterek &#8220;O insanlar\u0131n hizmete ihtiyac\u0131 var. Bir kar\u015f\u0131l\u0131k bulmas\u0131 laz\u0131m. D\u00fcnya Bankas\u0131&#8217;n\u0131n a\u00e7\u0131klad\u0131\u011f\u0131 1.5 milyar dolarl\u0131k hibe kredi s\u00f6z konusu. Yerel y\u00f6netimlere d\u00f6n\u00fck kullan\u0131m sa\u011flanmas\u0131nda yarar var. \u00d6zellikle etkilenen di\u011fer iller i\u00e7in de daha iyi bir hizmetin sunulabilmesi; hem g\u00fcvenlik hem e\u011fitim hem sa\u011fl\u0131k a\u00e7\u0131s\u0131ndan; \u00e7\u00fcnk\u00fc bir su sorunu ya\u015fan\u0131rsa, su t\u00fcketimi artarsa orada bir sa\u011fl\u0131k sorunu da beraber ya\u015fanma noktas\u0131nda kal\u0131r. Dolay\u0131s\u0131yla en \u00e7ok fazla etkilenen illerin Ankara taraf\u0131ndan dikkate al\u0131n\u0131p bir an \u00f6nce \u00e7\u00f6z\u00fcm bulmalar\u0131 laz\u0131m. Hatay&#8217;\u0131n \u00e7ok \u00f6nemli b\u00f6l\u00fcm\u00fc, \u00f6zellikle Mara\u015f&#8217;\u0131n ve Ad\u0131yaman&#8217;\u0131n \u00e7ok \u00f6nemli bir b\u00f6l\u00fcm\u00fc ba\u011flant\u0131l\u0131 oldu\u011fu i\u00e7in \u00e7ok ciddi bir g\u00f6\u00e7 ald\u0131 Mersin&#8221; dedi.<\/p>\n","protected":false},"excerpt":{"rendered":"<p>Mersin B\u00fcy\u00fck\u015fehir Belediye Ba\u015fkan\u0131 Vahap Se\u00e7er, TV100&#8217;de yay\u0131nlanan &#8216;O\u011fuz Haksever ile Ak\u015fam Raporu&#8217; program\u0131n\u0131n canl\u0131 yay\u0131n konu\u011fu oldu. Ba\u015fkan Se\u00e7er, ya\u015fanan depremin ard\u0131ndan Mersin&#8217;de olu\u015fan durumu da aktararak, konut, i\u00e7me &hellip; <a href=\"https:\/\/akdenizolaygazetesi.com\/?p=24611\" class=\"more-link\">Devam\u0131n\u0131 Oku&#8230;<\/a><\/p>\n","protected":false},"author":2,"featured_media":24612,"comment_status":"open","ping_status":"open","sticky":false,"template":"","format":"standard","meta":[],"categories":[8,2,3,5,11],"tags":[],"_links":{"self":[{"href":"https:\/\/akdenizolaygazetesi.com\/index.php?rest_route=\/wp\/v2\/posts\/24611"}],"collection":[{"href":"https:\/\/akdenizolaygazetesi.com\/index.php?rest_route=\/wp\/v2\/posts"}],"about":[{"href":"https:\/\/akdenizolaygazetesi.com\/index.php?rest_route=\/wp\/v2\/types\/post"}],"author":[{"embeddable":true,"href":"https:\/\/akdenizolaygazetesi.com\/index.php?rest_route=\/wp\/v2\/users\/2"}],"replies":[{"embeddable":true,"href":"https:\/\/akdenizolaygazetesi.com\/index.php?rest_route=%2Fwp%2Fv2%2Fcomments&post=24611"}],"version-history":[{"count":1,"href":"https:\/\/akdenizolaygazetesi.com\/index.php?rest_route=\/wp\/v2\/posts\/24611\/revisions"}],"predecessor-version":[{"id":24613,"href":"https:\/\/akdenizolaygazetesi.com\/index.php?rest_route=\/wp\/v2\/posts\/24611\/revisions\/24613"}],"wp:featuredmedia":[{"embeddable":true,"href":"https:\/\/akdenizolaygazetesi.com\/index.php?rest_route=\/wp\/v2\/media\/24612"}],"wp:attachment":[{"href":"https:\/\/akdenizolaygazetesi.com\/index.php?rest_route=%2Fwp%2Fv2%2Fmedia&parent=24611"}],"wp:term":[{"taxonomy":"category","embeddable":true,"href":"https:\/\/akdenizolaygazetesi.com\/index.php?rest_route=%2Fwp%2Fv2%2Fcategories&post=24611"},{"taxonomy":"post_tag","embeddable":true,"href":"https:\/\/akdenizolaygazetesi.com\/index.php?rest_route=%2Fwp%2Fv2%2Ftags&post=24611"}],"curies":[{"name":"wp","href":"https:\/\/api.w.org\/{rel}","templated":true}]}}