{"id":24624,"date":"2023-03-11T22:33:15","date_gmt":"2023-03-11T19:33:15","guid":{"rendered":"http:\/\/akdenizolaygazetesi.com\/?p=24624"},"modified":"2023-03-11T22:33:15","modified_gmt":"2023-03-11T19:33:15","slug":"baskanimiz-maddi-manevi-hep-yanimizda-oldu","status":"publish","type":"post","link":"https:\/\/akdenizolaygazetesi.com\/?p=24624","title":{"rendered":"&#8220;BA\u015eKANIMIZ MADD\u0130-MANEV\u0130 HEP YANIMIZDA OLDU&#8221;"},"content":{"rendered":"<p>E\u011fitimin, \u00fclke gelece\u011fi i\u00e7in en \u00e7ok \u00f6nem verilmesi gereken alanlardan birisi oldu\u011funu her platformda dile getiren Mersin B\u00fcy\u00fck\u015fehir Belediye Ba\u015fkan\u0131 Vahap Se\u00e7er, \u00f6\u011frenci ve velilere bir destek a\u00e7\u0131klamas\u0131nda daha bulundu.<\/p>\n<p>Se\u00e7er, B\u00fcy\u00fck\u015fehir Belediyesi&#8217;nin e\u011fitim-\u00f6\u011fretim kurs merkezlerinde YKS&#8217;ye haz\u0131rlanan 4 bin 800 \u00f6\u011frencinin, s\u0131nav ba\u015fvuru \u00fccretini kar\u015f\u0131layacaklar\u0131n\u0131 a\u00e7\u0131klad\u0131. Ba\u015fkan Se\u00e7er bu destekten, Halk Kart&#8217;tan faydalanan ailelerin s\u0131nava girecek \u00e7ocuklar\u0131n\u0131n da yararlanabilece\u011fini s\u00f6yledi.<\/p>\n<p>Karaku\u015f: &#8220;Velilerimizin ve \u00f6\u011frencilerimizin yan\u0131nda olmaya devam ediyoruz&#8221;<\/p>\n<p>Ailelerin maddi y\u00fck\u00fcn\u00fc bir nebze hafifletebilmek ad\u0131na, yap\u0131lan \u00e7al\u0131\u015fma hakk\u0131nda bilgi veren Sosyal Hizmetler Dairesi Ba\u015fkanl\u0131\u011f\u0131 E\u011fitim Hizmetleri \u015eube M\u00fcd\u00fcr\u00fc Cem Karaku\u015f, &#8220;Mersin B\u00fcy\u00fck\u015fehir Belediyesi Sosyal Hizmetler Dairesi Ba\u015fkanl\u0131\u011f\u0131 olarak, s\u0131nav s\u00fcrecinde hem velilerimizin hem de \u00f6\u011frencilerimizin yan\u0131nda olmaya devam ediyoruz. 10 il\u00e7emizde 11 YKS kurs merkezimizde 4 bin 800 \u00f6\u011frencimiz bizden hizmet al\u0131yor. Bu \u00f6\u011frencilerimiz ve bunun yan\u0131nda Halk Kart&#8217;tan faydalanan 9 bin 745 ailemizin YKS&#8217;ye haz\u0131rlanan \u00e7ocuklar\u0131n\u0131n s\u0131nav \u00fccretlerini Mersin B\u00fcy\u00fck\u015fehir Belediyesi olarak kar\u015f\u0131l\u0131yoruz&#8221; dedi.<\/p>\n<p>&#8220;Ailem \u00e7ok sevindi&#8221;<\/p>\n<p>Destekten faydalanacak \u00f6\u011frencilerden Kaan Kele\u015f, hem TYT hem AYT oturumlar\u0131na kat\u0131laca\u011f\u0131n\u0131 belirterek, &#8220;\u0130ki oturuma da kat\u0131laca\u011f\u0131m. \u0130ki \u00fccreti de kar\u015f\u0131lamalar\u0131 bizi sevindirdi. Ayr\u0131ca gerek yard\u0131m, gerek her konuda sa\u011flanan destekler i\u00e7in B\u00fcy\u00fck\u015fehir Belediye Ba\u015fkan\u0131 Vahap Se\u00e7er&#8217;e te\u015fekk\u00fcr ederiz. Ailem \u00e7ok sevindi. Her t\u00fcrl\u00fc destek oluyorlard\u0131, bunu da g\u00f6r\u00fcnce haliyle onlar da \u00e7ok sevindi&#8221; diye konu\u015ftu.<\/p>\n<p>&#8220;Ba\u015fkan\u0131m\u0131z maddi-manevi hep yan\u0131m\u0131zda oldu&#8221;<\/p>\n<p>Ba\u015fkan Vahap Se\u00e7er&#8217;in her zaman yanlar\u0131nda oldu\u011funu s\u00f6yleyen Bet\u00fcl Ta\u015fk\u0131ran isimli \u00f6\u011frenci ise, &#8220;\u00d6ncelikle ba\u015fkan\u0131m\u0131za te\u015fekk\u00fcr ediyorum. Zaten bizim i\u00e7in zor olan bu s\u00fcre\u00e7te, s\u00fcrekli yan\u0131m\u0131zda oldu\u011funu hissettirdi. Gerek kaynak kitaplar\u0131 a\u00e7\u0131s\u0131ndan, gerekse yap\u0131lan etkinlikler a\u00e7\u0131s\u0131ndan; sadece maddi anlamda de\u011fil, manevi olarak da hep yan\u0131m\u0131zda oldu. Psikolojik olarak zaten k\u00f6t\u00fc durumdayd\u0131k, onun i\u00e7in de etkinlikler yap\u0131l\u0131yor. S\u00fcrekli yan\u0131m\u0131zda oldu\u011funu hissettiriyordu ba\u015fkan\u0131m\u0131z, bunu duyunca daha \u00e7ok hissettik yan\u0131m\u0131zda oldu\u011funu&#8221; dedi.<\/p>\n<p>&#8220;Ba\u015fkan\u0131m\u0131z\u0131n gen\u00e7leri ne kadar \u00f6nemsedi\u011fini g\u00f6rebiliyoruz&#8221;<\/p>\n<p>S\u0131navlara haz\u0131rlanan Havvanur Sertel isimli \u00f6\u011frenci ise, &#8220;Ben her iki oturuma da girece\u011fim. Bu deste\u011fi duydu\u011fumuzda \u00e7ok sevindik. Zaten Ba\u015fkan\u0131m\u0131z her daim yan\u0131m\u0131zda oldu\u011funu hissettiriyordu bize. Bunda da yan\u0131m\u0131zda oldu. Maddi olarak zaten kaynaklar en az 100 liradan ba\u015fl\u0131yor. T\u00fcm derslerin kaynaklar\u0131n\u0131 bize \u00fccretsiz bir \u015fekilde temin etti. Manevi olarak ise etkinlikler, konserler, her \u015fekilde yan\u0131m\u0131zda oldu. Zaten Ba\u015fkan\u0131m\u0131z\u0131n bu yard\u0131mlar\u0131ndan, davran\u0131\u015flar\u0131ndan, gen\u00e7leri ne kadar \u00f6nemsedi\u011fini g\u00f6rebiliyoruz. Kendini hissettiriyor her daim&#8221; ifadelerini kulland\u0131.<\/p>\n<p>\u00d6\u011frenci ve veliler destekten nas\u0131l faydalanacak<\/p>\n<p>\u00d6\u011frencilerin bu destekten faydalanabilmeleri i\u00e7in s\u0131nav ba\u015fvurular\u0131n\u0131 kendileri online olarak yapt\u0131ktan sonra, en yak\u0131n B\u00fcy\u00fck\u015fehir Kurs Merkezi&#8217;ne gidip \u00fccreti yat\u0131rd\u0131klar\u0131na dair banka dekontunu ve n\u00fcfus c\u00fczdan fotokopilerini yetkililere teslim etmeleri gerekiyor. 31 Mart 2023 tarihine kadar devam edecek bu i\u015flemin ard\u0131ndan ise yetkililer evraklar\u0131 inceleyip, en k\u0131sa s\u00fcrede \u00f6\u011frencilerin hesaplar\u0131na \u00fccretlerini yat\u0131racaklar. <\/p>\n","protected":false},"excerpt":{"rendered":"<p>E\u011fitimin, \u00fclke gelece\u011fi i\u00e7in en \u00e7ok \u00f6nem verilmesi gereken alanlardan birisi oldu\u011funu her platformda dile getiren Mersin B\u00fcy\u00fck\u015fehir Belediye Ba\u015fkan\u0131 Vahap Se\u00e7er, \u00f6\u011frenci ve velilere bir destek a\u00e7\u0131klamas\u0131nda daha bulundu. &hellip; <a href=\"https:\/\/akdenizolaygazetesi.com\/?p=24624\" class=\"more-link\">Devam\u0131n\u0131 Oku&#8230;<\/a><\/p>\n","protected":false},"author":2,"featured_media":24625,"comment_status":"open","ping_status":"open","sticky":false,"template":"","format":"standard","meta":[],"categories":[2,3],"tags":[],"_links":{"self":[{"href":"https:\/\/akdenizolaygazetesi.com\/index.php?rest_route=\/wp\/v2\/posts\/24624"}],"collection":[{"href":"https:\/\/akdenizolaygazetesi.com\/index.php?rest_route=\/wp\/v2\/posts"}],"about":[{"href":"https:\/\/akdenizolaygazetesi.com\/index.php?rest_route=\/wp\/v2\/types\/post"}],"author":[{"embeddable":true,"href":"https:\/\/akdenizolaygazetesi.com\/index.php?rest_route=\/wp\/v2\/users\/2"}],"replies":[{"embeddable":true,"href":"https:\/\/akdenizolaygazetesi.com\/index.php?rest_route=%2Fwp%2Fv2%2Fcomments&post=24624"}],"version-history":[{"count":1,"href":"https:\/\/akdenizolaygazetesi.com\/index.php?rest_route=\/wp\/v2\/posts\/24624\/revisions"}],"predecessor-version":[{"id":24626,"href":"https:\/\/akdenizolaygazetesi.com\/index.php?rest_route=\/wp\/v2\/posts\/24624\/revisions\/24626"}],"wp:featuredmedia":[{"embeddable":true,"href":"https:\/\/akdenizolaygazetesi.com\/index.php?rest_route=\/wp\/v2\/media\/24625"}],"wp:attachment":[{"href":"https:\/\/akdenizolaygazetesi.com\/index.php?rest_route=%2Fwp%2Fv2%2Fmedia&parent=24624"}],"wp:term":[{"taxonomy":"category","embeddable":true,"href":"https:\/\/akdenizolaygazetesi.com\/index.php?rest_route=%2Fwp%2Fv2%2Fcategories&post=24624"},{"taxonomy":"post_tag","embeddable":true,"href":"https:\/\/akdenizolaygazetesi.com\/index.php?rest_route=%2Fwp%2Fv2%2Ftags&post=24624"}],"curies":[{"name":"wp","href":"https:\/\/api.w.org\/{rel}","templated":true}]}}