{"id":24630,"date":"2023-03-11T22:36:16","date_gmt":"2023-03-11T19:36:16","guid":{"rendered":"http:\/\/akdenizolaygazetesi.com\/?p=24630"},"modified":"2023-03-11T22:36:16","modified_gmt":"2023-03-11T19:36:16","slug":"baskan-secer-belediyeniz-her-zaman-yaninizda-bundan-kuskunuz-olmasin","status":"publish","type":"post","link":"https:\/\/akdenizolaygazetesi.com\/?p=24630","title":{"rendered":"BA\u015eKAN SE\u00c7ER: &#8220;BELED\u0130YEN\u0130Z HER ZAMAN YANINIZDA, BUNDAN KU\u015eKUNUZ OLMASIN&#8221;"},"content":{"rendered":"<p>Mersin B\u00fcy\u00fck\u015fehir Belediye Ba\u015fkan\u0131 Vahap Se\u00e7er, deprem b\u00f6lgelerinde y\u00fcr\u00fctt\u00fc\u011f\u00fc inceleme ve \u00e7al\u0131\u015fmalar\u0131n yan\u0131 s\u0131ra, B\u00fcy\u00fck\u015fehir Belediyesi&#8217;nin kentte a\u011f\u0131rlad\u0131\u011f\u0131 depremzede yurtta\u015flar\u0131 da ziyaret etmeye devam ediyor.<\/p>\n<p>Hafta sonu mesaisini B\u00fcy\u00fck\u015fehir&#8217;in olu\u015fturdu\u011fu ge\u00e7ici bar\u0131nma alanlar\u0131nda kalan depremzedelere ay\u0131ran Ba\u015fkan Se\u00e7er, ilk olarak Yeni\u015fehir il\u00e7esinde bulunan Alt\u0131noran K\u0131z Yurdu&#8217;nu ziyaret etti. Burada depremzedelerle bir araya gelen Ba\u015fkan Se\u00e7er, &#8216;ge\u00e7mi\u015f olsun&#8217; dileklerini iletti. Yurtta\u015flar\u0131n sorun ve isteklerini de dinleyen Ba\u015fkan Se\u00e7er, b\u00fcrokratlar\u0131na da iletilen konular hakk\u0131nda not ald\u0131rd\u0131. Ba\u015fkan Se\u00e7er&#8217;i yo\u011fun bir ilgiyle kar\u015f\u0131layan depremzede yurtta\u015flar da B\u00fcy\u00fck\u015fehir&#8217;in kendileri i\u00e7in bir yuva oldu\u011funu belirtip, Ba\u015fkan Se\u00e7er&#8217;e te\u015fekk\u00fcr ettiler.<\/p>\n<p>Daha sonra Garden Club&#8217;da konaklayan depremzedeleri ziyaret eden Se\u00e7er, burada yurtta\u015flarla sohbet etti. B\u00fcy\u00fck\u015fehir&#8217;in t\u00fcm imkanlar\u0131n\u0131 deprem b\u00f6lgelerindeki ve kentteki depremzedeler i\u00e7in seferber ettiklerini belirten Se\u00e7er, yurtta\u015flara &#8220;Siz bizim misafirimizsiniz. Biz her zaman buraday\u0131z&#8221; dedi. Yurtta\u015flar da Ba\u015fkan Se\u00e7er&#8217;e hizmetleri i\u00e7in te\u015fekk\u00fcr etti. B\u00fcy\u00fck\u015fehir&#8217;in depremzedelerin hizmetine a\u00e7t\u0131\u011f\u0131 bir di\u011fer nokta olan Davultepe Erkek \u00d6\u011frenci Yurdu&#8217;na da ziyarette bulunan Ba\u015fkan Se\u00e7er, burada yap\u0131lan hizmetler ve \u00e7al\u0131\u015fmalar ile ilgili yetkililerden bilgi ald\u0131. Burada konaklayan yurtta\u015flar ile sohbet eden Ba\u015fkan Se\u00e7er, bah\u00e7ede oyun oynay\u0131p boyama yapan \u00e7ocuklarla da bir araya geldi.<\/p>\n<p>B\u00fcy\u00fck\u015fehir Belediyesi taraf\u0131ndan yap\u0131m\u0131 tamamlanan Erdemli Hali&#8217;nde de depremzedelerle bir araya gelen Ba\u015fkan Se\u00e7er, burada depremzedelere &#8216;ge\u00e7mi\u015f olsun&#8217; dileklerinde bulundu. Ba\u015fkan Se\u00e7er&#8217;i yo\u011fun bir ilgiyle kar\u015f\u0131layan depremzede yurtta\u015flar da, her t\u00fcrl\u00fc eksiklerinin giderildi\u011fini ve yetkililerin kendilerini rahat hissettirmek i\u00e7in ellerinden geleni yapt\u0131klar\u0131n\u0131 belirterek, Ba\u015fkan Se\u00e7er&#8217;e hizmetleri i\u00e7in te\u015fekk\u00fcrlerini sundu.<\/p>\n<p>Depremze yurtta\u015flar\u0131n her zaman yanlar\u0131nda olacaklar\u0131n\u0131 ifade eden Ba\u015fkan Se\u00e7er, &#8220;Devletimiz de b\u00fcy\u00fck, milletimiz de b\u00fcy\u00fck, \u00fclkemiz de b\u00fcy\u00fck. Bizler belediyeler olarak devletin kurumlar\u0131y\u0131z. Ben Mersin&#8217;in Belediye Ba\u015fkan\u0131y\u0131m ama sizin karde\u015finizim, bunu b\u00f6yle bilin. Kendinizi rahat hissedin, ac\u0131lar i\u00e7erisinde oldu\u011funuzun b\u00fct\u00fcn arkada\u015flar\u0131m fark\u0131nda. O hassasiyetle sizlerin yan\u0131nda oluyorlar, yard\u0131mc\u0131 olmaya \u00e7al\u0131\u015f\u0131yorlar. Bug\u00fcnler de mutlaka dayan\u0131\u015fmayla ge\u00e7ecek, hayat normalle\u015fecek&#8221; dedi.<\/p>\n<p>&#8220;Mersin&#8217;in insan\u0131 bol g\u00f6n\u00fcll\u00fcd\u00fcr, ho\u015fg\u00f6r\u00fcl\u00fcd\u00fcr&#8221;<\/p>\n<p>Depremzede yurtta\u015flar\u0131n, B\u00fcy\u00fck\u015fehir&#8217;in ge\u00e7ici bar\u0131nma alanlar\u0131nda ne kadar s\u00fcre konaklayabileceklerini sormas\u0131 \u00fczerine Ba\u015fkan Se\u00e7er, B\u00fcy\u00fck\u015fehir olarak t\u00fcm depremzedelere kucak a\u00e7t\u0131klar\u0131n\u0131 ve istedikleri kadar kalabileceklerini s\u00f6yledi. Mersin&#8217;in insan\u0131n\u0131n bol g\u00f6n\u00fcll\u00fc ve ho\u015fg\u00f6r\u00fcl\u00fc oldu\u011funu ifade eden Ba\u015fkan Se\u00e7er, &#8220;Her ne kadar bir \u015feyinizi eksik etmemeye \u00e7al\u0131\u015fsak da ya\u015fad\u0131\u011f\u0131n\u0131z ortam kolay bir ortam de\u011fil. Ama bunlar ge\u00e7icidir. Umut ediyorum k\u0131sa s\u00fcre i\u00e7erisinde \u00f6ncelikli amac\u0131n\u0131z, hedefiniz, memleketinize geri d\u00f6nmek, Hatay&#8217;dan gelen Hatay&#8217;a, Kahramanmara\u015f&#8217;tan gelen Kahramanmara\u015f&#8217;a, Ad\u0131yaman&#8217;dan gelen Ad\u0131yaman&#8217;a, Malatya&#8217;dan gelen Malatya&#8217;ya. Herkesin vatan\u0131 kendisi i\u00e7in kutsal, de\u011ferli memleketi. Ama burada kal\u0131p burada ya\u015famak isteyenleri de Mersin kucaklar, Mersin b\u00f6yle. Mersin&#8217;in insan\u0131 bol g\u00f6n\u00fcll\u00fcd\u00fcr, ho\u015fg\u00f6r\u00fcl\u00fcd\u00fcr&#8221; diye konu\u015ftu.<\/p>\n<p>&#8220;Her \u015feyden \u00f6nemlisi insan olarak bunlar\u0131 yapmak zorunday\u0131m&#8221;<\/p>\n<p>Erdemli halk\u0131n\u0131n da b\u00f6yle oldu\u011funu, insan\u0131n\u0131n \u00e7al\u0131\u015fkan ve insanlar\u0131 sevdi\u011fini ifade eden Ba\u015fkan Se\u00e7er, &#8220;Orada, yani memleketinizde bir an \u00f6nce yerle\u015fik olarak ya\u015fayabilmeniz i\u00e7in devlet b\u00fct\u00fcn olanaklar\u0131n\u0131 kullan\u0131yor, kullanmak zorunda zaten. \u0130yi, eksik veya fazla yap\u0131yor, \u015fimdi onda de\u011filiz. Ac\u0131lar ya\u015fan\u0131rken yaralar sar\u0131l\u0131rken, o tart\u0131\u015fmaya girmeyelim, o siyasetin i\u015fi. Ben burada Mersin&#8217;in Belediye Ba\u015fkan\u0131 olarak Mersinimize gelen b\u00fct\u00fcn yurtta\u015flar\u0131m\u0131z\u0131 kucaklamak zorunday\u0131m. Ba\u015fkan olarak bunu yapmak zorunday\u0131m, benim g\u00f6revim. Ama her \u015feyden \u00f6nemlisi insan olarak bunlar\u0131 yapmak zorunday\u0131m. \u0130nsan\u0131n yapaca\u011f\u0131, insan olan\u0131n yapaca\u011f\u0131 budur; vatanda\u015f\u0131n\u0131, insan\u0131n\u0131 sahiplenmek, sahip \u00e7\u0131kmakt\u0131r&#8221; ifadelerini kulland\u0131.<\/p>\n<p>&#8220;Belediyeniz her zaman yan\u0131n\u0131zda, bundan ku\u015fkunuz olmas\u0131n&#8221;<\/p>\n<p>Mersin&#8217;in depremin ya\u015fand\u0131\u011f\u0131 iller ile ge\u00e7mi\u015ften gelen ba\u011flar\u0131 oldu\u011funa vurgu yapan Ba\u015fkan Se\u00e7er, afet sonras\u0131nda kentin yakla\u015f\u0131k 400 bin civar\u0131nda g\u00f6\u00e7 ald\u0131\u011f\u0131n\u0131 s\u00f6yledi. Se\u00e7er, &#8220;Buras\u0131 Mevlana gibi a\u00e7m\u0131\u015f kuca\u011f\u0131n\u0131 &#8216;Kim olursan ol, gel&#8217; diyen bir memleket. Buran\u0131n insan\u0131 iyidir, ger\u00e7ekten iyidir. Zaten burada T\u00fcrkiye&#8217;nin her yerinden insanlar var&#8221; diyerek konu\u015fmas\u0131n\u0131 s\u00fcrd\u00fcrd\u00fc. Mersin&#8217;e gelen depremzede ailelerden \u00f6nemli bir b\u00f6l\u00fcm\u00fcn\u00fcn kentte kal\u0131c\u0131 olaca\u011f\u0131n\u0131 \u00f6ng\u00f6rd\u00fcklerini de dile getiren Ba\u015fkan Se\u00e7er, bir ailenin b\u00f6yle bir karar almas\u0131n\u0131n da do\u011fal oldu\u011funu kaydetti. Se\u00e7er, &#8220;\u00c7\u00fcnk\u00fc orada d\u00fczeni bozulmu\u015f insan\u0131n konteyner de olsa \u00e7ad\u0131r da olsa gitmek, orada kalmak istemeyebilir, do\u011fald\u0131r. Mevcut imkanlar\u0131na g\u00f6re burada ya\u015famak isteyen kalacakt\u0131r. Biz herkesi kucaklar\u0131z. Belediyeniz her zaman yan\u0131n\u0131zda, bundan ku\u015fkunuz olmas\u0131n&#8221; dedi.<\/p>\n<p>&#8220;Bizim arkada\u015flar\u0131m\u0131z sizi sahiplenir. Bu konuda da rahat olabilirsiniz&#8221;<\/p>\n<p>Bir depremzede yurtta\u015f\u0131n kiralayabilecek ev bulamad\u0131\u011f\u0131n\u0131 ve bu konuda s\u0131k\u0131nt\u0131 ya\u015fad\u0131\u011f\u0131n\u0131 s\u00f6ylemesi \u00fczerine Ba\u015fkan Se\u00e7er, son zamanlarda konut fiyatlar\u0131n\u0131n \u00e7ok y\u00fckseldi\u011fini ancak Belediye&#8217;nin bunu yasal olarak \u00f6nleyecek yapt\u0131r\u0131mlar\u0131 olmad\u0131\u011f\u0131n\u0131n alt\u0131n\u0131 \u00e7izdi. Ba\u015fkan Se\u00e7er, \u015funlar\u0131 kaydetti:<\/p>\n<p>&#8220;Biraz insanlar\u0131n vicdan\u0131na, insaf\u0131na kalm\u0131\u015f bir \u015fey. Bizim beyanatlar\u0131m\u0131zla &#8216;Acaba insafa gelirler mi?&#8217; diyoruz ama hala \u015fikayet al\u0131yoruz. Konut fiyatlar\u0131 \u00e7ok y\u00fcksek. O konuda da &#8216;Ben burada kalmak istiyorum&#8217; diyenlere de arkada\u015flar\u0131m\u0131za &#8216;Depremzede yurtta\u015flar\u0131m\u0131za yard\u0131mc\u0131 olun, buray\u0131 bilmez, yol bilmez, yordam bilmez, nerede ne yapaca\u011f\u0131n\u0131 bilmez&#8217; diye gerekli telkinlerde bulundum. Bizim arkada\u015flar\u0131m\u0131z sizi sahiplenir. Bu konuda da rahat olabilirsiniz.&#8221;<\/p>\n<p>&#8220;\u0130kametgah\u0131n\u0131z\u0131 buraya al\u0131p burada oy kullanabilirsiniz&#8221;<\/p>\n<p>Depremzede yurtta\u015flar\u0131n 14 May\u0131s&#8217;ta ger\u00e7ekle\u015ftirilecek genel se\u00e7imlerde oy kullanmak istediklerini ancak \u015fehirlerinden uzakta bunu nas\u0131l yapacaklar\u0131n\u0131 bilemediklerini s\u00f6ylemesi \u00fczerine Ba\u015fkan Se\u00e7er, Mersin&#8217;de oy kullanmak isteyen vatanda\u015flar\u0131n 17 Mart 2023 tarihine kadar ikametgah\u0131n\u0131 Mersin&#8217;e ald\u0131rabileceklerini, g\u00f6revlilerin o konuda da yard\u0131mc\u0131 olacaklar\u0131n\u0131 s\u00f6yledi. Se\u00e7er, &#8220;E\u011fer &#8216;Biz o tarihlerde burada olabiliriz, burada olaca\u011f\u0131z, oy da kullanmak istiyoruz&#8217; diyorsan\u0131z, arkada\u015flar\u0131m\u0131z ikametgah\u0131n\u0131z\u0131 buraya al\u0131p burada oy kullanman\u0131z\u0131 sa\u011flayacaklar&#8221; diye konu\u015ftu.<\/p>\n<p>Erdemli&#8217;den sonra Tarsus&#8217;ta bulunan Konuk Evi ve Gen\u00e7lik Kamp\u0131&#8217;na da ziyaretler ger\u00e7ekle\u015ftiren Ba\u015fkan Se\u00e7er, burada da yetkililerden \u00e7al\u0131\u015fmalar hakk\u0131nda bilgi al\u0131p yurtta\u015flarla sohbet etti. Ziyaretlerinde \u00f6zellikle \u00e7ocuklar\u0131n yo\u011fun ilgisiyle kar\u015f\u0131la\u015fan Ba\u015fkan Se\u00e7er, \u00e7ocuklarla yak\u0131ndan ilgilenerek verdi\u011fi hediyelerle y\u00fczlerini g\u00fcld\u00fcrd\u00fc.<\/p>\n","protected":false},"excerpt":{"rendered":"<p>Mersin B\u00fcy\u00fck\u015fehir Belediye Ba\u015fkan\u0131 Vahap Se\u00e7er, deprem b\u00f6lgelerinde y\u00fcr\u00fctt\u00fc\u011f\u00fc inceleme ve \u00e7al\u0131\u015fmalar\u0131n yan\u0131 s\u0131ra, B\u00fcy\u00fck\u015fehir Belediyesi&#8217;nin kentte a\u011f\u0131rlad\u0131\u011f\u0131 depremzede yurtta\u015flar\u0131 da ziyaret etmeye devam ediyor. Hafta sonu mesaisini B\u00fcy\u00fck\u015fehir&#8217;in olu\u015fturdu\u011fu &hellip; <a href=\"https:\/\/akdenizolaygazetesi.com\/?p=24630\" class=\"more-link\">Devam\u0131n\u0131 Oku&#8230;<\/a><\/p>\n","protected":false},"author":2,"featured_media":24631,"comment_status":"open","ping_status":"open","sticky":false,"template":"","format":"standard","meta":[],"categories":[34,1,2,3],"tags":[],"_links":{"self":[{"href":"https:\/\/akdenizolaygazetesi.com\/index.php?rest_route=\/wp\/v2\/posts\/24630"}],"collection":[{"href":"https:\/\/akdenizolaygazetesi.com\/index.php?rest_route=\/wp\/v2\/posts"}],"about":[{"href":"https:\/\/akdenizolaygazetesi.com\/index.php?rest_route=\/wp\/v2\/types\/post"}],"author":[{"embeddable":true,"href":"https:\/\/akdenizolaygazetesi.com\/index.php?rest_route=\/wp\/v2\/users\/2"}],"replies":[{"embeddable":true,"href":"https:\/\/akdenizolaygazetesi.com\/index.php?rest_route=%2Fwp%2Fv2%2Fcomments&post=24630"}],"version-history":[{"count":1,"href":"https:\/\/akdenizolaygazetesi.com\/index.php?rest_route=\/wp\/v2\/posts\/24630\/revisions"}],"predecessor-version":[{"id":24632,"href":"https:\/\/akdenizolaygazetesi.com\/index.php?rest_route=\/wp\/v2\/posts\/24630\/revisions\/24632"}],"wp:featuredmedia":[{"embeddable":true,"href":"https:\/\/akdenizolaygazetesi.com\/index.php?rest_route=\/wp\/v2\/media\/24631"}],"wp:attachment":[{"href":"https:\/\/akdenizolaygazetesi.com\/index.php?rest_route=%2Fwp%2Fv2%2Fmedia&parent=24630"}],"wp:term":[{"taxonomy":"category","embeddable":true,"href":"https:\/\/akdenizolaygazetesi.com\/index.php?rest_route=%2Fwp%2Fv2%2Fcategories&post=24630"},{"taxonomy":"post_tag","embeddable":true,"href":"https:\/\/akdenizolaygazetesi.com\/index.php?rest_route=%2Fwp%2Fv2%2Ftags&post=24630"}],"curies":[{"name":"wp","href":"https:\/\/api.w.org\/{rel}","templated":true}]}}