{"id":24636,"date":"2023-03-13T13:04:21","date_gmt":"2023-03-13T10:04:21","guid":{"rendered":"http:\/\/akdenizolaygazetesi.com\/?p=24636"},"modified":"2023-03-13T13:04:21","modified_gmt":"2023-03-13T10:04:21","slug":"insan-kaynaklarinda-birlik-kariyer-mersin-projesi-hayata-geciyor","status":"publish","type":"post","link":"https:\/\/akdenizolaygazetesi.com\/?p=24636","title":{"rendered":"\u0130NSAN KAYNAKLARINDA B\u0130RL\u0130K; &#8220;KAR\u0130YER MERS\u0130N&#8221; PROJES\u0130 HAYATA GE\u00c7\u0130YOR"},"content":{"rendered":"<p>Mersin B\u00fcy\u00fck\u015fehir Belediye Ba\u015fkan\u0131 Vahap Se\u00e7er&#8217;in g\u00f6reve gelir gelmez kurdu\u011fu vizyon projelerinden Kariyer Merkezi, kurumlar aras\u0131 i\u015f birli\u011fine dayal\u0131 olarak hayata ge\u00e7irdi\u011fi ba\u015far\u0131l\u0131 projelere bir yenisini daha ekleyerek &#8220;Kariyer Mersin&#8221; projesini hayata ge\u00e7irmeye haz\u0131rlan\u0131yor.<br \/>\nMersin B\u00fcy\u00fck\u015fehir Belediyesi Genel Sekreter Yard\u0131mc\u0131s\u0131 Serdal G\u00f6kayaz&#8217;\u0131n ba\u015fkanl\u0131\u011f\u0131nda ger\u00e7ekle\u015ftirilen toplant\u0131ya Mersin \u00dcniversitesi Kariyer Merkezi, Tarsus \u00dcniversitesi Kariyer Merkezi, \u00c7a\u011f \u00dcniversitesi Kariyer Merkezi, Toros \u00dcniversitesi Kariyer Merkezi, Mersin Ticaret ve Sanayi Odas\u0131 ve Giri\u015fimci \u0130nsan Kaynaklar\u0131 Derne\u011fi temsilcileri kat\u0131ld\u0131.<br \/>\nKariyer Merkezi \u015eube M\u00fcd\u00fcr\u00fc Serkan \u00d6zada ger\u00e7ekle\u015ftirdi\u011fi sunumda &#8220;\u0130\u015f g\u00fcc\u00fc Piyasas\u0131 Koordinasyon Kurulu, M\u00fclakat Sim\u00fclasyonlar\u0131, Dijital Liderler Mersin&#8217;de, \u0130lk \u0130\u015fim, Kariyer G\u00fcnleri, e\u011fitim ve seminer programlar\u0131, Yeni Nesil Ment\u00f6rl\u00fck, Firma Teknik Geziler&#8221; gibi bir \u00e7ok projeyle i\u015f arayanlara, \u00f6\u011frencilere, gen\u00e7lere ve i\u015fverenlere dokunduklar\u0131n\u0131n alt\u0131n\u0131 \u00e7izdi.<br \/>\n&#8220;Online Kariyer Platformu,  Sekt\u00f6r Rehberi, Ki\u015filik Envanteri ve Yetkinlik Analizi, Online E\u011fitimler, Piyasa Analizleri, Kamp\u00fcs Mersin, Kariyer Mersin&#8221; gibi projeler \u00fczerinde \u00e7al\u0131\u015fmalar\u0131n\u0131 s\u00fcrd\u00fcrd\u00fcklerini ifade eden \u00d6zada, yap\u0131lacak \u00e7al\u0131\u015fmalar\u0131n daha sistematik hale gelmesi amac\u0131yla kurumlar aras\u0131 var olan ileti\u015fimi Kariyer Mersin projesiyle en \u00fcst seviyeye ta\u015f\u0131yarak kurumsalla\u015ft\u0131racaklar\u0131n\u0131 belirtti.<br \/>\nG\u00f6kayaz: &#8220;Kariyer Mersin projesi T\u00fcrkiye&#8217;de \u00f6rnek olacak&#8221;<br \/>\nB\u00fcy\u00fck\u015fehir Belediyesi Genel Sekreter Yard\u0131mc\u0131s\u0131 Serdal G\u00f6kayaz, ya\u015fanan pandemi s\u00fcrecinin bir taraftan i\u015f ve mesleklerin dijitalle\u015fme s\u00fcrecini h\u0131zland\u0131r\u0131rken di\u011fer taraftan sekt\u00f6rlerin i\u015f yap\u0131\u015f \u015fekillerinde de de\u011fi\u015fime yol a\u00e7t\u0131\u011f\u0131n\u0131 s\u00f6yledi. B\u00fcy\u00fck\u015fehir Belediyesi olarak i\u015f g\u00fcc\u00fc piyasalar\u0131nda var olan de\u011fi\u015fim s\u00fcrecini takip ettiklerini, Kariyer Merkezi ile bu konuda fark\u0131ndal\u0131k uyand\u0131rmak \u00fczere t\u00fcm taraflar\u0131 i\u00e7eren projelere imza att\u0131klar\u0131n\u0131 belirten G\u00f6kayaz,  2023 d\u00f6neminde de sahan\u0131n ihtiya\u00e7lar\u0131n\u0131 do\u011fru bir \u015fekilde tespit ederek i\u015f d\u00fcnyas\u0131na \u00f6nc\u00fc olmay\u0131 hedeflediklerini ekledi.<br \/>\nG\u00f6kayaz, kentteki 4 \u00fcniversite, i\u015f ya\u015fam\u0131n\u0131 temsil eden Mersin Ticaret ve Sanayi Odas\u0131, insan kaynaklar\u0131 alan\u0131nda kurumlar\u0131n profesyonel y\u00f6neticilerinden kurulu Giri\u015fimci \u0130nsan Kaynaklar\u0131 Derne\u011fi ile Kariyer Mersin projesinden tek \u00e7at\u0131 alt\u0131nda kentin insan kaynaklar\u0131 politikalar\u0131na katk\u0131 sa\u011flama amac\u0131 ta\u015f\u0131d\u0131klar\u0131n\u0131 s\u00f6yledi.<br \/>\n\u0130lk Hedef &#8220;\u0130nsan Kaynaklar\u0131 \u00c7al\u0131\u015ftay\u0131&#8221;<br \/>\nGer\u00e7ekle\u015ftirilen isti\u015fare toplant\u0131s\u0131nda; B\u00fcy\u00fck\u015fehir Belediyesi Kariyer Merkezi M\u00fcd\u00fcrl\u00fc\u011f\u00fc&#8217;n\u00fcn hizmetlerini planlamak, \u00fcniversite sanayi kent i\u015f birli\u011fine insan kaynaklar\u0131 \u00e7er\u00e7evesinde katk\u0131 sa\u011flamak, deprem sonucunda ya\u015fanan g\u00f6\u00e7 dalgas\u0131n\u0131n i\u015f g\u00fcc\u00fc piyasalar\u0131na etkilerini de\u011ferlendirmek \u00fczere geni\u015f \u00e7apl\u0131 bir \u00e7al\u0131\u015ftay\u0131n yap\u0131lmas\u0131 y\u00f6n\u00fcnde ortak g\u00f6r\u00fc\u015f belirtilirken, toplant\u0131 \u00fcyelerin g\u00fcndem maddeleri \u00fczerindeki g\u00f6r\u00fc\u015f al\u0131\u015fveri\u015fi ile sona erdi.<\/p>\n","protected":false},"excerpt":{"rendered":"<p>Mersin B\u00fcy\u00fck\u015fehir Belediye Ba\u015fkan\u0131 Vahap Se\u00e7er&#8217;in g\u00f6reve gelir gelmez kurdu\u011fu vizyon projelerinden Kariyer Merkezi, kurumlar aras\u0131 i\u015f birli\u011fine dayal\u0131 olarak hayata ge\u00e7irdi\u011fi ba\u015far\u0131l\u0131 projelere bir yenisini daha ekleyerek &#8220;Kariyer Mersin&#8221; &hellip; <a href=\"https:\/\/akdenizolaygazetesi.com\/?p=24636\" class=\"more-link\">Devam\u0131n\u0131 Oku&#8230;<\/a><\/p>\n","protected":false},"author":2,"featured_media":24637,"comment_status":"open","ping_status":"open","sticky":false,"template":"","format":"standard","meta":[],"categories":[1,2,3,5],"tags":[],"_links":{"self":[{"href":"https:\/\/akdenizolaygazetesi.com\/index.php?rest_route=\/wp\/v2\/posts\/24636"}],"collection":[{"href":"https:\/\/akdenizolaygazetesi.com\/index.php?rest_route=\/wp\/v2\/posts"}],"about":[{"href":"https:\/\/akdenizolaygazetesi.com\/index.php?rest_route=\/wp\/v2\/types\/post"}],"author":[{"embeddable":true,"href":"https:\/\/akdenizolaygazetesi.com\/index.php?rest_route=\/wp\/v2\/users\/2"}],"replies":[{"embeddable":true,"href":"https:\/\/akdenizolaygazetesi.com\/index.php?rest_route=%2Fwp%2Fv2%2Fcomments&post=24636"}],"version-history":[{"count":1,"href":"https:\/\/akdenizolaygazetesi.com\/index.php?rest_route=\/wp\/v2\/posts\/24636\/revisions"}],"predecessor-version":[{"id":24638,"href":"https:\/\/akdenizolaygazetesi.com\/index.php?rest_route=\/wp\/v2\/posts\/24636\/revisions\/24638"}],"wp:featuredmedia":[{"embeddable":true,"href":"https:\/\/akdenizolaygazetesi.com\/index.php?rest_route=\/wp\/v2\/media\/24637"}],"wp:attachment":[{"href":"https:\/\/akdenizolaygazetesi.com\/index.php?rest_route=%2Fwp%2Fv2%2Fmedia&parent=24636"}],"wp:term":[{"taxonomy":"category","embeddable":true,"href":"https:\/\/akdenizolaygazetesi.com\/index.php?rest_route=%2Fwp%2Fv2%2Fcategories&post=24636"},{"taxonomy":"post_tag","embeddable":true,"href":"https:\/\/akdenizolaygazetesi.com\/index.php?rest_route=%2Fwp%2Fv2%2Ftags&post=24636"}],"curies":[{"name":"wp","href":"https:\/\/api.w.org\/{rel}","templated":true}]}}