{"id":24645,"date":"2023-03-13T13:08:45","date_gmt":"2023-03-13T10:08:45","guid":{"rendered":"http:\/\/akdenizolaygazetesi.com\/?p=24645"},"modified":"2023-03-13T13:08:45","modified_gmt":"2023-03-13T10:08:45","slug":"24645","status":"publish","type":"post","link":"https:\/\/akdenizolaygazetesi.com\/?p=24645","title":{"rendered":""},"content":{"rendered":"<p>Mersin Barosu Deprem Komisyonu \u00fcyesi avukatlar 7-11 Mart 2023 tarihleri aras\u0131nda Ad\u0131yaman&#8217;da stant a\u00e7arak,  depremzedelere hukuki destek ve insani yard\u0131m deste\u011fi verdi.<\/p>\n<p>Mersin Barosu Deprem Komisyonu \u00fcyesi Av. T\u00fcrkan Sinem Sad\u0131\u00e7, Av. Ela Aslan, Av. Mira\u00e7 Dilara Deliaslan, Av. G\u00fclce Dida \u00c7avdar, Av. M\u00fccahit Ba\u011fr\u0131yan\u0131k, Av. Funda Tarman, Av. \u00d6zlem Y\u0131ld\u0131r\u0131m ve Av. Ahmet Mesud Baysal, T\u00fcrkiye Barolar Birli\u011fi Koordinasyon Merkezi&#8217;nin Ad\u0131yaman&#8217;da y\u00fcr\u00fctt\u00fc\u011f\u00fc yard\u0131m \u00e7al\u0131\u015fmalar\u0131na g\u00f6n\u00fcll\u00fc olarak kat\u0131larak stant a\u00e7t\u0131. Avukatlar Ad\u0131yaman&#8217;da delil tespit \u00e7al\u0131\u015fmalar\u0131 yaparak, afetzede vatanda\u015flara, avukatlara ve yak\u0131nlar\u0131na insani yard\u0131m ve hukuki destek verdi. Depremzede vatanda\u015flara hukuki haklar\u0131n\u0131 anlatan bro\u015f\u00fcr da\u011f\u0131t\u0131ld\u0131. Depremzede \u00e7ocuklar i\u00e7in sanat alan\u0131n\u0131n olu\u015fturuldu\u011fu \u00e7ad\u0131r kentte avukatlar, \u00e7ocuklarla birlikte resim ve boyama yaparak, \u00e7ocuklar\u0131n ya\u015fad\u0131\u011f\u0131 tramvay\u0131 hafifletmeye \u00e7al\u0131\u015ft\u0131. Mersin Barosu Deprem Komisyonu \u00fcyesi avukatlar, deprem b\u00f6lgelerinde T\u00fcrkiye Barolar Birli\u011fi koordinasyonunda hukuki destek, delil tespiti ve insani yard\u0131m \u00e7al\u0131\u015fmalar\u0131na devam edecek.<\/p>\n","protected":false},"excerpt":{"rendered":"<p>Mersin Barosu Deprem Komisyonu \u00fcyesi avukatlar 7-11 Mart 2023 tarihleri aras\u0131nda Ad\u0131yaman&#8217;da stant a\u00e7arak, depremzedelere hukuki destek ve insani yard\u0131m deste\u011fi verdi. Mersin Barosu Deprem Komisyonu \u00fcyesi Av. T\u00fcrkan Sinem &hellip; <a href=\"https:\/\/akdenizolaygazetesi.com\/?p=24645\" class=\"more-link\">Devam\u0131n\u0131 Oku&#8230;<\/a><\/p>\n","protected":false},"author":2,"featured_media":24646,"comment_status":"open","ping_status":"open","sticky":false,"template":"","format":"standard","meta":[],"categories":[2,3,5],"tags":[],"_links":{"self":[{"href":"https:\/\/akdenizolaygazetesi.com\/index.php?rest_route=\/wp\/v2\/posts\/24645"}],"collection":[{"href":"https:\/\/akdenizolaygazetesi.com\/index.php?rest_route=\/wp\/v2\/posts"}],"about":[{"href":"https:\/\/akdenizolaygazetesi.com\/index.php?rest_route=\/wp\/v2\/types\/post"}],"author":[{"embeddable":true,"href":"https:\/\/akdenizolaygazetesi.com\/index.php?rest_route=\/wp\/v2\/users\/2"}],"replies":[{"embeddable":true,"href":"https:\/\/akdenizolaygazetesi.com\/index.php?rest_route=%2Fwp%2Fv2%2Fcomments&post=24645"}],"version-history":[{"count":1,"href":"https:\/\/akdenizolaygazetesi.com\/index.php?rest_route=\/wp\/v2\/posts\/24645\/revisions"}],"predecessor-version":[{"id":24647,"href":"https:\/\/akdenizolaygazetesi.com\/index.php?rest_route=\/wp\/v2\/posts\/24645\/revisions\/24647"}],"wp:featuredmedia":[{"embeddable":true,"href":"https:\/\/akdenizolaygazetesi.com\/index.php?rest_route=\/wp\/v2\/media\/24646"}],"wp:attachment":[{"href":"https:\/\/akdenizolaygazetesi.com\/index.php?rest_route=%2Fwp%2Fv2%2Fmedia&parent=24645"}],"wp:term":[{"taxonomy":"category","embeddable":true,"href":"https:\/\/akdenizolaygazetesi.com\/index.php?rest_route=%2Fwp%2Fv2%2Fcategories&post=24645"},{"taxonomy":"post_tag","embeddable":true,"href":"https:\/\/akdenizolaygazetesi.com\/index.php?rest_route=%2Fwp%2Fv2%2Ftags&post=24645"}],"curies":[{"name":"wp","href":"https:\/\/api.w.org\/{rel}","templated":true}]}}