{"id":24648,"date":"2023-03-13T13:10:33","date_gmt":"2023-03-13T10:10:33","guid":{"rendered":"http:\/\/akdenizolaygazetesi.com\/?p=24648"},"modified":"2023-03-13T13:10:33","modified_gmt":"2023-03-13T10:10:33","slug":"akdeniz-belediyesinin-cocuklar-guldukce-asacagiz-sloganiyla-baslattigi-moral-etkinlikleri-devam-ediyor","status":"publish","type":"post","link":"https:\/\/akdenizolaygazetesi.com\/?p=24648","title":{"rendered":"Akdeniz Belediyesi\u2019nin, \u201c\u00c7ocuklar G\u00fcld\u00fck\u00e7e A\u015faca\u011f\u0131z\u201d slogan\u0131yla ba\u015flatt\u0131\u011f\u0131 moral etkinlikleri devam ediyor"},"content":{"rendered":"<p>Akdeniz Belediyesi, depremzede \u00e7ocuklara moral vermeye, afetin k\u00fc\u00e7\u00fck ruhlar\u0131nda yaratt\u0131\u011f\u0131 olumsuz izleri silmeye devam ediyor. Karacailyas K\u00fclt\u00fcr ve Sanat Evi\u2019nde \u00e7ocuklar yarar\u0131na etkinlik d\u00fczenlendi. Afet ma\u011fduru \u00e7ocuklar i\u00e7in organize edilen etkinlik dizisi, belediyeye ba\u011fl\u0131 di\u011fer k\u00fclt\u00fcr ve sanat evlerinde de ger\u00e7ekle\u015fecek.<br \/>\nK\u00fclt\u00fcr ve Sosyal \u0130\u015fler M\u00fcd\u00fcrl\u00fc\u011f\u00fc taraf\u0131ndan Karacailyas K\u00fclt\u00fcr ve Sanat Evi\u2019nde, \u201c\u00c7ocuklar G\u00fcld\u00fck\u00e7e A\u015faca\u011f\u0131z\u201d \u00e7a\u011fr\u0131s\u0131yla deprem ma\u011fduru \u00e7ocuklar yarar\u0131na hafta sonunda d\u00fczenlenen etkinlikte; sihirbazl\u0131k, kukla ve palya\u00e7o g\u00f6sterisi, m\u00fczik dinletisi, dev k\u00f6p\u00fck baloncu\u011fu olu\u015fturma, y\u00fcz boyama ve e\u011flenceli oyunlar d\u00fczenlendi, pamuklu \u015feker ikram edildi. Etkinlikte, 11 ili ve 10 milyonu a\u015fk\u0131n insan\u0131 etkileyen a\u011f\u0131r deprem felaketi nedeniyle ebeveynleri ile birlikte Mersin\u2019e g\u00f6\u00e7 eden ve belediyenin k\u00fclt\u00fcr sanat evlerinde a\u011f\u0131rlanan depremzede \u00e7ocuklar, ya\u015f\u0131tlar\u0131yla g\u00f6n\u00fcllerince e\u011flendi, afetin yaratt\u0131\u011f\u0131 korku ve stresten bir nebze uzakla\u015ft\u0131.<br \/>\n\u201cDepremzede vatanda\u015flar\u0131m\u0131z\u0131 yaln\u0131z b\u0131rakm\u0131yoruz\u201d<br \/>\nAkdeniz Belediye Ba\u015fkan\u0131 M. Mustafa G\u00fcltak, etkinli\u011fe ili\u015fkin yapt\u0131\u011f\u0131 a\u00e7\u0131klamada, afetin yaralar\u0131n\u0131 birlikte sarmak i\u00e7in \u00fczerlerine d\u00fc\u015fen her t\u00fcrl\u00fc g\u00f6rev ve sorumlulu\u011fu yerine getireceklerini vurgulad\u0131. Ba\u015fkan G\u00fcltak, \u201cYak\u0131n illerimiz olan Hatay ve Kahramanmara\u015f\u2019tan Mersin\u2019e g\u00f6\u00e7 ederek belediyemize ait tesislerde a\u011f\u0131rlad\u0131\u011f\u0131m\u0131z depremzede vatanda\u015flar\u0131m\u0131z\u0131 yaln\u0131z b\u0131rakm\u0131yoruz. Bir yandan ailelerimizin temel ve g\u00fcndelik ihtiya\u00e7lar\u0131n\u0131 kar\u015f\u0131larken, afetin minik ruhlar\u0131nda yaratt\u0131\u011f\u0131 olumsuz izleri silmek, g\u00fclmelerini sa\u011flamak i\u00e7in \u00e7ocuklar\u0131m\u0131za y\u00f6nelik etkinlik dizileri d\u00fczenliyoruz. Afetzede \u00e7ocuklar\u0131m\u0131z i\u00e7in ba\u015flatt\u0131\u011f\u0131m\u0131z etkinlik dizisi di\u011fer k\u00fclt\u00fcr evlerimizde devam edecek\u201d dedi.<br \/>\n\u201cYaralar\u0131m\u0131z\u0131 birlikte sar\u0131yoruz\u201d<br \/>\n\u201cAsr\u0131n felaketinin ruhlar\u0131nda yaratt\u0131\u011f\u0131 travmay\u0131 atlatabilmeleri i\u00e7in uzman psikologlar\u0131m\u0131z deste\u011finde depremzede \u00e7ocuklar\u0131m\u0131z ve ebeveynlerine y\u00f6nelik psikososyal destek veriyoruz\u201d diyen Ba\u015fkan G\u00fcltak; s\u00f6zlerini \u015f\u00f6yle s\u00fcrd\u00fcrd\u00fc; \u201cEkiplerimiz, tedavisi s\u00fcren yaral\u0131lar\u0131 da hastanelere ula\u015ft\u0131r\u0131yor, evde bak\u0131m ve temizlik hizmeti veriyor. G\u00f6revli ekiplerimiz, depremzede vatanda\u015flar\u0131m\u0131z i\u00e7in b\u00f6lgede \u00e7al\u0131\u015fmalar\u0131n\u0131 halen s\u00fcrd\u00fcr\u00fcyor. Mersin\u2019de de bir yandan at binme etkinli\u011fi, \u00f6te yandan kentimizin tarihi ve turistik b\u00f6lgelerine gezmeye g\u00f6t\u00fcrerek ya\u015fad\u0131klar\u0131 a\u011f\u0131r travmadan \u00e7ocuklar\u0131m\u0131z\u0131 ve ailelerimizi uzakla\u015ft\u0131r\u0131yoruz. Belediyemize ait spor tesislerimizde futbol, basketbol ve tenis parkurlar\u0131 olu\u015fturup, miniklerimiz i\u00e7in ma\u00e7lar, idmanlar ve e\u011flenceli oyunlar d\u00fczenliyor, b\u00f6ylelikle morallerini y\u00fcksek tutmaya \u00e7al\u0131\u015f\u0131yoruz. Millet olarak bu zorlu g\u00fcnleri elbirli\u011fiyle atlat\u0131p yaralar\u0131m\u0131z\u0131 hep birlikte saraca\u011f\u0131z.\u201d<\/p>\n","protected":false},"excerpt":{"rendered":"<p>Akdeniz Belediyesi, depremzede \u00e7ocuklara moral vermeye, afetin k\u00fc\u00e7\u00fck ruhlar\u0131nda yaratt\u0131\u011f\u0131 olumsuz izleri silmeye devam ediyor. Karacailyas K\u00fclt\u00fcr ve Sanat Evi\u2019nde \u00e7ocuklar yarar\u0131na etkinlik d\u00fczenlendi. Afet ma\u011fduru \u00e7ocuklar i\u00e7in organize edilen &hellip; <a href=\"https:\/\/akdenizolaygazetesi.com\/?p=24648\" class=\"more-link\">Devam\u0131n\u0131 Oku&#8230;<\/a><\/p>\n","protected":false},"author":2,"featured_media":24649,"comment_status":"open","ping_status":"open","sticky":false,"template":"","format":"standard","meta":[],"categories":[2,3,5],"tags":[],"_links":{"self":[{"href":"https:\/\/akdenizolaygazetesi.com\/index.php?rest_route=\/wp\/v2\/posts\/24648"}],"collection":[{"href":"https:\/\/akdenizolaygazetesi.com\/index.php?rest_route=\/wp\/v2\/posts"}],"about":[{"href":"https:\/\/akdenizolaygazetesi.com\/index.php?rest_route=\/wp\/v2\/types\/post"}],"author":[{"embeddable":true,"href":"https:\/\/akdenizolaygazetesi.com\/index.php?rest_route=\/wp\/v2\/users\/2"}],"replies":[{"embeddable":true,"href":"https:\/\/akdenizolaygazetesi.com\/index.php?rest_route=%2Fwp%2Fv2%2Fcomments&post=24648"}],"version-history":[{"count":1,"href":"https:\/\/akdenizolaygazetesi.com\/index.php?rest_route=\/wp\/v2\/posts\/24648\/revisions"}],"predecessor-version":[{"id":24650,"href":"https:\/\/akdenizolaygazetesi.com\/index.php?rest_route=\/wp\/v2\/posts\/24648\/revisions\/24650"}],"wp:featuredmedia":[{"embeddable":true,"href":"https:\/\/akdenizolaygazetesi.com\/index.php?rest_route=\/wp\/v2\/media\/24649"}],"wp:attachment":[{"href":"https:\/\/akdenizolaygazetesi.com\/index.php?rest_route=%2Fwp%2Fv2%2Fmedia&parent=24648"}],"wp:term":[{"taxonomy":"category","embeddable":true,"href":"https:\/\/akdenizolaygazetesi.com\/index.php?rest_route=%2Fwp%2Fv2%2Fcategories&post=24648"},{"taxonomy":"post_tag","embeddable":true,"href":"https:\/\/akdenizolaygazetesi.com\/index.php?rest_route=%2Fwp%2Fv2%2Ftags&post=24648"}],"curies":[{"name":"wp","href":"https:\/\/api.w.org\/{rel}","templated":true}]}}