{"id":2465,"date":"2020-11-04T18:22:59","date_gmt":"2020-11-04T15:22:59","guid":{"rendered":"http:\/\/mersinekonomipolitikagazetesi.com\/?p=2465"},"modified":"2020-11-04T18:22:59","modified_gmt":"2020-11-04T15:22:59","slug":"baskan-tuna-personeliyle-bayramlasti","status":"publish","type":"post","link":"https:\/\/akdenizolaygazetesi.com\/?p=2465","title":{"rendered":"Ba\u015fkan Tuna personeliyle bayramla\u015ft\u0131"},"content":{"rendered":"<p>Toroslar Belediye Ba\u015fkan\u0131 Hamit Tuna, Kurban Bayram\u0131 \u00f6ncesi belediye personeliyle bayramla\u015ft\u0131.<\/p>\n<p>Tuna Park ve Bah\u00e7eler, Temizlik ve Fen \u0130\u015fleri M\u00fcd\u00fcrl\u00fc\u011f\u00fc \u00e7al\u0131\u015fanlar\u0131yla Yunus Emre K\u00fclt\u00fcr Merkezi\u2019nde bir araya gelerek bayramlar\u0131n\u0131 kutlad\u0131. \u00a0Belediye Ba\u015fkan\u0131 Hamit Tuna, daha sonra idari binada hizmet personeliyle bayramla\u015ft\u0131.<br \/>\nBelediye meclis \u00fcyeleri, ba\u015fkan yard\u0131mc\u0131lar\u0131 ve birim m\u00fcd\u00fcrlerinin de haz\u0131r bulundu\u011fu bayramla\u015fma t\u00f6reninde personeline hitap eden Tuna, 15 y\u0131ll\u0131k g\u00f6rev s\u00fcreleri i\u00e7erisinde Toroslar\u2019\u0131n de\u011fi\u015fiminde ve geli\u015fiminde b\u00fcy\u00fck emek sarf eden t\u00fcm personeline te\u015fekk\u00fcrlerini sundu.<\/p>\n<p>Ba\u015fkan Tuna, konu\u015fmas\u0131nda \u015funlar\u0131 s\u00f6yledi:<br \/>\n\u201cRabbim nasip etti, milletimiz tevecc\u00fch g\u00f6sterdi ve 2004 y\u0131l\u0131nda Belediye Ba\u015fkan\u0131 olduk. \u00c7al\u0131\u015fma yol arkada\u015flar\u0131m\u0131zla birlikte d\u00fcn k\u00f6y g\u00f6r\u00fcnt\u00fcs\u00fc i\u00e7erisinde olan Toroslar\u0131m\u0131z\u0131 bug\u00fcn hizmetlerimizle, ortaya koydu\u011fumuz vizyonumuzla nak\u0131\u015f nak\u0131\u015f i\u015fleyerek \u015fehrin en h\u0131zl\u0131 geli\u015fen, n\u00fcfusu en kalabal\u0131k olan bir il\u00e7e konumuna getirdik.Bilgi birikimimiz, tecr\u00fcbemiz ve teknik \u00f6zelli\u011fimizle \u00e7ok g\u00fczel i\u015fler yapt\u0131k.Sizler hayalimizi d\u00fc\u015f\u00fcnceye, d\u00fc\u015f\u00fcncelerimizi projeye, projelerimizi icraata d\u00f6n\u00fc\u015ft\u00fcr\u00fcyorsunuz. Sizlerle gurur duyuyorum.Sizlerle birlikte, \u00fcreten belediyecilik anlay\u0131\u015f\u0131m\u0131zla, \u00e7al\u0131\u015fma azmimizle Toroslar\u0131m\u0131z, zaman zaman il d\u0131\u015f\u0131ndan gelen insanlar\u0131m\u0131z\u0131n da yo\u011fun ilgisini \u00e7eken bir ya\u015fam yeri oldu.Bu insanlar\u0131m\u0131zdan Toroslar\u2019\u0131 nereden nereye getirmi\u015fsiniz ifadesini duymak bizim i\u00e7in sizler ad\u0131na b\u00fcy\u00fck bir \u015fereftir.Allah nasip ederse in\u015fallah Toroslar\u0131m\u0131z\u0131n ve Mersinimizin geli\u015fmesi y\u00f6n\u00fcnde sizlerle daha \u00e7ok i\u015fimiz var.Yapt\u0131\u011f\u0131m\u0131z her g\u00f6revi i\u015fin hakk\u0131n\u0131 vererek yap\u0131yoruz.Bilge Ka\u011fan Atam\u0131z\u0131n o veciz ifadesinden hareketle g\u00fcnd\u00fcz oturmuyoruz, gece uyumuyoruz.\u00d6lesiye, bitesiye \u00e7al\u0131\u015f\u0131yoruz. Geni\u015fleyen co\u011frafyam\u0131zda 5 bin 200 hektardan 108 bin hektar alana \u00e7\u0131kan Toroslar\u0131m\u0131za sundu\u011funuz de\u011ferli hizmetlerinizden dolay\u0131 hepinize ayr\u0131 ayr\u0131 en kalbi duygular\u0131mla te\u015fekk\u00fcr ediyorum.Elinize, y\u00fcre\u011finize sa\u011fl\u0131k.Ekme\u011finizi al\u0131n teri yap\u0131p evinize helal lokma g\u00f6t\u00fcr\u00fcyorsunuz.Millet olarak her zamankinden daha \u00e7ok kenetlenece\u011fiz. Birli\u011fimizi ve beraberli\u011fimizi koruyaca\u011f\u0131z ve kollayaca\u011f\u0131z.Bir ve beraber olursak, iri ve diri olursak b\u00fct\u00fcn i\u015flerin \u00fcstesinden geliriz in\u015fallah.Allah bu co\u011frafya \u00fczerinde Y\u00fcce T\u00fcrk Milleti\u2019nin varl\u0131\u011f\u0131n\u0131 daim eylesin in\u015fallah.Kurban Bayram\u0131n\u0131z\u0131 tebrik ediyor, sayg\u0131lar sunuyorum\u201d dedi.<\/p>\n<p>\u201cBayram \u00f6ncesi haz\u0131rl\u0131klar\u0131m\u0131z\u0131 tamamlad\u0131k\u201d<\/p>\n<p>Toroslar Belediye Ba\u015fkan\u0131 Hamit Tuna, 21-24 A\u011fustos tarihleri aras\u0131nda kutlanacak Kurban Bayram\u0131 \u00f6ncesinde t\u00fcm birimlerinde tedbirleri ald\u0131klar\u0131n\u0131, bayram s\u00fcresince vatanda\u015flar\u0131n s\u0131k\u0131nt\u0131 ya\u015famamalar\u0131 ve bayramlar\u0131n\u0131 rahat ve huzurlu bir \u015fekilde ge\u00e7irmelerini temin etmek amac\u0131yla da \u00a0belediye ekiplerinin 7\/24 mesai \u00a0ba\u015f\u0131nda hizmetlerini s\u00fcrd\u00fcrece\u011fini hat\u0131rlatt\u0131.<br \/>\nBa\u015fkan Tuna; \u201c \u0130l\u00e7emizde insan ve \u00e7evre sa\u011fl\u0131\u011f\u0131na zarar verecek durumlara f\u0131rsat vermemek amac\u0131yla Zab\u0131ta, Temizlik ve Fen \u0130\u015fleri M\u00fcd\u00fcrl\u00fc\u011f\u00fc ekiplerimiz Kurban Bayram\u0131 s\u00fcresince mesaide olacakt\u0131r.Bayram \u00f6ncesi kurban sat\u0131\u015f ve kesim yerlerini b\u00fcy\u00fck bir \u00f6zveriyle temizleyen Temizlik \u0130\u015fleri M\u00fcd\u00fcrl\u00fc\u011f\u00fc ekiplerimiz, bayram boyunca da bu \u00e7al\u0131\u015fmalar\u0131n\u0131 artt\u0131rarak devam ettirecektir. Bayram sonunda bu yerlerimizde detayl\u0131 temizlik ve bak\u0131m \u00e7al\u0131\u015fmalar\u0131 yap\u0131lacakt\u0131r. Vatanda\u015flar\u0131m\u0131z, bayram s\u00fcresince Alo Zab\u0131ta 153 hat\u0131n\u0131 veya 3227200\/1270 numaral\u0131 telefonlar\u0131m\u0131z\u0131 arayarak istek ve \u015fikayetlerini belediyemize bildirebilerler\u201d dedi.<\/p>\n","protected":false},"excerpt":{"rendered":"<p>Toroslar Belediye Ba\u015fkan\u0131 Hamit Tuna, Kurban Bayram\u0131 \u00f6ncesi belediye personeliyle bayramla\u015ft\u0131. Tuna Park ve Bah\u00e7eler, Temizlik ve Fen \u0130\u015fleri M\u00fcd\u00fcrl\u00fc\u011f\u00fc \u00e7al\u0131\u015fanlar\u0131yla Yunus Emre K\u00fclt\u00fcr Merkezi\u2019nde bir araya gelerek bayramlar\u0131n\u0131 kutlad\u0131. &hellip; <a href=\"https:\/\/akdenizolaygazetesi.com\/?p=2465\" class=\"more-link\">Devam\u0131n\u0131 Oku&#8230;<\/a><\/p>\n","protected":false},"author":1,"featured_media":0,"comment_status":"open","ping_status":"open","sticky":false,"template":"","format":"standard","meta":[],"categories":[],"tags":[],"_links":{"self":[{"href":"https:\/\/akdenizolaygazetesi.com\/index.php?rest_route=\/wp\/v2\/posts\/2465"}],"collection":[{"href":"https:\/\/akdenizolaygazetesi.com\/index.php?rest_route=\/wp\/v2\/posts"}],"about":[{"href":"https:\/\/akdenizolaygazetesi.com\/index.php?rest_route=\/wp\/v2\/types\/post"}],"author":[{"embeddable":true,"href":"https:\/\/akdenizolaygazetesi.com\/index.php?rest_route=\/wp\/v2\/users\/1"}],"replies":[{"embeddable":true,"href":"https:\/\/akdenizolaygazetesi.com\/index.php?rest_route=%2Fwp%2Fv2%2Fcomments&post=2465"}],"version-history":[{"count":0,"href":"https:\/\/akdenizolaygazetesi.com\/index.php?rest_route=\/wp\/v2\/posts\/2465\/revisions"}],"wp:attachment":[{"href":"https:\/\/akdenizolaygazetesi.com\/index.php?rest_route=%2Fwp%2Fv2%2Fmedia&parent=2465"}],"wp:term":[{"taxonomy":"category","embeddable":true,"href":"https:\/\/akdenizolaygazetesi.com\/index.php?rest_route=%2Fwp%2Fv2%2Fcategories&post=2465"},{"taxonomy":"post_tag","embeddable":true,"href":"https:\/\/akdenizolaygazetesi.com\/index.php?rest_route=%2Fwp%2Fv2%2Ftags&post=2465"}],"curies":[{"name":"wp","href":"https:\/\/api.w.org\/{rel}","templated":true}]}}