{"id":24654,"date":"2023-03-13T13:15:17","date_gmt":"2023-03-13T10:15:17","guid":{"rendered":"http:\/\/akdenizolaygazetesi.com\/?p=24654"},"modified":"2023-03-13T13:15:17","modified_gmt":"2023-03-13T10:15:17","slug":"rosatomun-insa-ettigi-radyofarmasotik-uretim-kompleksi-bolivya-kliniklerine-tibbi-malzeme-saglamaya-basladi","status":"publish","type":"post","link":"https:\/\/akdenizolaygazetesi.com\/?p=24654","title":{"rendered":"Rosatom\u2019un \u0130n\u015fa Etti\u011fi Radyofarmas\u00f6tik \u00dcretim Kompleksi Bolivya Kliniklerine T\u0131bbi Malzeme Sa\u011flamaya Ba\u015flad\u0131"},"content":{"rendered":"<p>Bolivya N\u00fckleer Enerji Ajans\u0131&#8217;n\u0131n (ABEN) sipari\u015fi \u00fczerine Rusya Devlet N\u00fckleer Enerji Kurulu\u015fu Rosatom taraf\u0131ndan in\u015fa edilen ve Latin Amerika i\u00e7in bir ilk olacak olan radyofarmas\u00f6tik \u00fcretim kompleksi, Bolivya n\u00fckleer t\u0131p merkezleri a\u011f\u0131na radyofarmas\u00f6tik tedarikine ba\u015flad\u0131. <\/p>\n<p>Radyofarmas\u00f6tik fluodeoksiglukoz tedarikinin ba\u015flamas\u0131 dolay\u0131s\u0131yla d\u00fczenlenen t\u00f6ren, kanser hastalar\u0131n\u0131n tedavisi i\u00e7in tasarlanan N\u00fckleer T\u0131p ve Radyoterapi Merkezi&#8217;nde ger\u00e7ekle\u015ftirildi. T\u00f6rene Bolivya Devlet Ba\u015fkan\u0131 Luis Alberto Arce Catacora da kat\u0131ld\u0131.<\/p>\n<p>Siklotron Kompleksi, Rusya ve Bolivya aras\u0131ndaki ikili i\u015fbirli\u011fi \u00e7er\u00e7evesinde hayata ge\u00e7irilen, d\u00f6n\u00fcm noktas\u0131 niteli\u011findeki N\u00fckleer Teknoloji Ara\u015ft\u0131rma ve Geli\u015ftirme Merkezi (CIDTN) projesinin bir par\u00e7as\u0131 niteli\u011fini ta\u015f\u0131yor. CIDTN, El Alto kentinde, deniz seviyesinden 4000 metre y\u00fckseklikte in\u015fa ediliyor. Tesis, y\u0131lda 5000&#8217;den fazla hastan\u0131n klinik muayenesi i\u00e7in gerekli t\u00fcm radyofarmas\u00f6tiklerin yerli \u00fcretimini sa\u011flad\u0131\u011f\u0131 i\u00e7in ulusal sa\u011fl\u0131k sistemine fayda sa\u011fl\u0131yor. Bu da geli\u015fmi\u015f ve zaman\u0131nda n\u00fckleer tan\u0131ya ihtiya\u00e7 duyan Bolivya vatanda\u015flar\u0131n\u0131n tan\u0131 i\u00e7in \u00fclke d\u0131\u015f\u0131na gitmek zorunda kalmayaca\u011f\u0131 anlam\u0131na geliyor. Tesis gelecekte, Bolivya&#8217;n\u0131n ithal etmek zorunda kald\u0131\u011f\u0131 t\u00fcm radyofarmas\u00f6tiklerin ikame edilmesine olanak sa\u011flayacak.<\/p>\n<p>Bolivya Devlet Ba\u015fkan\u0131 Luis Alberto Arce Catacora konuya ili\u015fkin olarak \u015funlar\u0131 belirtti: \u201c\u00dclkemiz ileriye do\u011fru b\u00fcy\u00fck bir ad\u0131m atm\u0131\u015ft\u0131r. Art\u0131k sadece en geli\u015fmi\u015f altyap\u0131ya sahip bir n\u00fckleer t\u0131p merkezine sahip olmakla kalm\u0131yor, kanser te\u015fhisi i\u00e7in bug\u00fcne kadar ithal etmek zorunda kald\u0131\u011f\u0131m\u0131z radyofarmas\u00f6tikleri de kendimiz \u00fcretebiliyoruz. \u015eu anda Bolivya o kadar ileri teknolojilere sahip ki kom\u015fu \u00fclkelere radyofarmas\u00f6tik ihra\u00e7 etmeyi bile planlayabiliriz. Bundan b\u00f6yle kanserle daha etkin \u015fekilde m\u00fccadele edebilece\u011fiz.\u201d <\/p>\n<p>Rosatom Genel M\u00fcd\u00fcr Birinci Yard\u0131mc\u0131s\u0131 ve Uluslararas\u0131 \u0130\u015f Geli\u015ftirme Direkt\u00f6r\u00fc Kirill Komarov da, \u201cRosatom taraf\u0131ndan El Alto&#8217;da in\u015fa edilen N\u00fckleer Teknoloji Ara\u015ft\u0131rma ve Geli\u015ftirme Merkezi&#8217;nin in\u015faat a\u015famas\u0131ndaki ilk tesisleri Bolivya halk\u0131na faydalar sa\u011flamaya ba\u015flad\u0131 bile. Yeni Siklotron Kompleksi&#8217;nde \u00fcretilen radyofarmas\u00f6tiklerin ilk hastalara verilmesiyle bunun g\u00fczel bir \u00f6rne\u011fini g\u00f6rd\u00fck. Bolivyal\u0131 ortaklar\u0131m\u0131zla muazzam bir i\u015f ba\u015fard\u0131k. Bir sonraki a\u015fama, radyofarmas\u00f6tik yelpazesini geni\u015fletmek ve bu t\u0131bbi \u00fcr\u00fcnleri kom\u015fu \u00fclkelere ihra\u00e7 etmek. Rosatom&#8217;un uzmanlar\u0131n\u0131n yard\u0131m\u0131yla Bolivya, n\u00fckleer teknoloji uygulamalar\u0131 alan\u0131nda b\u00f6lgenin liderlerinden biri haline geliyor\u201d dedi.<\/p>\n","protected":false},"excerpt":{"rendered":"<p>Bolivya N\u00fckleer Enerji Ajans\u0131&#8217;n\u0131n (ABEN) sipari\u015fi \u00fczerine Rusya Devlet N\u00fckleer Enerji Kurulu\u015fu Rosatom taraf\u0131ndan in\u015fa edilen ve Latin Amerika i\u00e7in bir ilk olacak olan radyofarmas\u00f6tik \u00fcretim kompleksi, Bolivya n\u00fckleer t\u0131p &hellip; <a href=\"https:\/\/akdenizolaygazetesi.com\/?p=24654\" class=\"more-link\">Devam\u0131n\u0131 Oku&#8230;<\/a><\/p>\n","protected":false},"author":2,"featured_media":24655,"comment_status":"open","ping_status":"open","sticky":false,"template":"","format":"standard","meta":[],"categories":[7,2,3,11],"tags":[],"_links":{"self":[{"href":"https:\/\/akdenizolaygazetesi.com\/index.php?rest_route=\/wp\/v2\/posts\/24654"}],"collection":[{"href":"https:\/\/akdenizolaygazetesi.com\/index.php?rest_route=\/wp\/v2\/posts"}],"about":[{"href":"https:\/\/akdenizolaygazetesi.com\/index.php?rest_route=\/wp\/v2\/types\/post"}],"author":[{"embeddable":true,"href":"https:\/\/akdenizolaygazetesi.com\/index.php?rest_route=\/wp\/v2\/users\/2"}],"replies":[{"embeddable":true,"href":"https:\/\/akdenizolaygazetesi.com\/index.php?rest_route=%2Fwp%2Fv2%2Fcomments&post=24654"}],"version-history":[{"count":1,"href":"https:\/\/akdenizolaygazetesi.com\/index.php?rest_route=\/wp\/v2\/posts\/24654\/revisions"}],"predecessor-version":[{"id":24656,"href":"https:\/\/akdenizolaygazetesi.com\/index.php?rest_route=\/wp\/v2\/posts\/24654\/revisions\/24656"}],"wp:featuredmedia":[{"embeddable":true,"href":"https:\/\/akdenizolaygazetesi.com\/index.php?rest_route=\/wp\/v2\/media\/24655"}],"wp:attachment":[{"href":"https:\/\/akdenizolaygazetesi.com\/index.php?rest_route=%2Fwp%2Fv2%2Fmedia&parent=24654"}],"wp:term":[{"taxonomy":"category","embeddable":true,"href":"https:\/\/akdenizolaygazetesi.com\/index.php?rest_route=%2Fwp%2Fv2%2Fcategories&post=24654"},{"taxonomy":"post_tag","embeddable":true,"href":"https:\/\/akdenizolaygazetesi.com\/index.php?rest_route=%2Fwp%2Fv2%2Ftags&post=24654"}],"curies":[{"name":"wp","href":"https:\/\/api.w.org\/{rel}","templated":true}]}}