{"id":24657,"date":"2023-03-13T16:57:34","date_gmt":"2023-03-13T13:57:34","guid":{"rendered":"http:\/\/akdenizolaygazetesi.com\/?p=24657"},"modified":"2023-03-13T16:57:34","modified_gmt":"2023-03-13T13:57:34","slug":"baskan-yilmaz-14-mart-tip-bayramini-kutladi","status":"publish","type":"post","link":"https:\/\/akdenizolaygazetesi.com\/?p=24657","title":{"rendered":"BA\u015eKAN YILMAZ, 14 MART TIP BAYRAMI&#8217;NI KUTLADI"},"content":{"rendered":"<p>Toroslar Belediye Ba\u015fkan\u0131 Ats\u0131z Af\u015f\u0131n Y\u0131lmaz, 14 Mart T\u0131p Bayram\u0131 dolay\u0131s\u0131yla bir mesaj yay\u0131nlad\u0131.<\/p>\n<p>\u00dclkemizin d\u00f6rt bir yan\u0131nda fedak\u00e2rca g\u00f6rev yapan t\u00fcm sa\u011fl\u0131k \u00e7al\u0131\u015fanlar\u0131n\u0131n T\u0131p Bayram\u0131n\u0131 kutlayan Ba\u015fkan Y\u0131lmaz; &#8220;Kahramanlar sadece hik\u00e2yelerde olmaz. Bizler, sa\u011fl\u0131k \u00e7al\u0131\u015fanlar\u0131m\u0131z\u0131n pandemi s\u00fcrecinde ve deprem felaketinin ard\u0131ndan sab\u0131rla, fedak\u00e2rl\u0131kla verdikleri m\u00fccadeleye hep birlikte \u015fahit olduk. Sa\u011fl\u0131k ordumuzun t\u00fcm kahramanlar\u0131na sonsuz \u015f\u00fckranlar\u0131m\u0131 sunuyorum. \u0130yi ki vars\u0131n\u0131z&#8221; dedi.<\/p>\n<p>&#8220;Sa\u011fl\u0131k Kahramanlar\u0131n\u0131 Unutmayaca\u011f\u0131z&#8221;<\/p>\n<p>Ba\u015fkan Y\u0131lmaz,  pandemi d\u00f6neminde ya\u015fam\u0131n\u0131 yitiren sa\u011fl\u0131k \u00e7al\u0131\u015fanlar\u0131n\u0131 anmak amac\u0131yla Sa\u011fl\u0131k Kahramanlar\u0131 Park\u0131&#8217;n\u0131 in\u015fa ederek, sa\u011fl\u0131k ordusuna ithaf ettiklerini de s\u00f6yledi.<\/p>\n<p>Korukent Mahallesi&#8217;nde kente kazand\u0131rd\u0131klar\u0131 parkta; bir kad\u0131n ve bir erkek doktorun b\u00fcst\u00fc ile koronavir\u00fcs nedeniyle ya\u015fam\u0131n\u0131 yitiren sa\u011fl\u0131k \u00e7al\u0131\u015fanlar\u0131n\u0131n kaidelerinin yer ald\u0131\u011f\u0131n\u0131 belirten Ba\u015fkan Y\u0131lmaz; &#8220;Salg\u0131nla m\u00fccadelede hayat\u0131n\u0131 kaybeden sa\u011fl\u0131k kahramanlar\u0131m\u0131z\u0131n an\u0131s\u0131n\u0131 ya\u015fatmak amac\u0131yla Sa\u011fl\u0131k Kahramanlar\u0131 An\u0131t Park\u0131m\u0131z\u0131, 2021 y\u0131l\u0131nda kentimize kazand\u0131rd\u0131k. Milletimizin, devletimizin, toplumumuzun sa\u011fl\u0131k \u00e7al\u0131\u015fanlar\u0131m\u0131za olan minnettarl\u0131\u011f\u0131n\u0131n bir ni\u015fanesi olsun istedik. Bu an\u0131t park sadece Toroslar&#8217;\u0131n de\u011fil, sadece Mersin&#8217;in de\u011fil, T\u00fcrkiye&#8217;nin her k\u00f6\u015fesinde g\u00f6rev yapan t\u00fcm sa\u011fl\u0131k kahramanlar\u0131n\u0131nd\u0131r&#8221; ifadelerini kulland\u0131.<\/p>\n<p>T\u00fcrk Milleti&#8217;nin bug\u00fcne kadar bir\u00e7ok badirenin \u00fcstesinden el birli\u011fiyle geldi\u011fine dikkat \u00e7eken Ba\u015fkan Y\u0131lmaz; &#8220;\u00dclkemizi derinden sarsan deprem felaketinin yaralar\u0131n\u0131 da devlet millet el ele b\u00fcy\u00fck bir seferberlikle sar\u0131yoruz. Depremin hemen ard\u0131ndan afet b\u00f6lgelerine giderek depremzede karde\u015flerimize umut olan sa\u011fl\u0131k \u00e7al\u0131\u015fanlar\u0131m\u0131zla gurur duyuyoruz. Bu duygu ve d\u00fc\u015f\u00fcncelerle sa\u011fl\u0131\u011f\u0131m\u0131z\u0131 emanet etti\u011fimiz hekimlerimizin ve t\u00fcm sa\u011fl\u0131k \u00e7al\u0131\u015fanlar\u0131n\u0131n 14 Mart T\u0131p Bayram\u0131&#8217;n\u0131 kutluyor, g\u00f6rev ba\u015f\u0131nda \u015fehit d\u00fc\u015fen ve ebediyete intikal eden sa\u011fl\u0131k \u00e7al\u0131\u015fanlar\u0131m\u0131z\u0131 rahmetle an\u0131yorum&#8221; \u015feklinde konu\u015ftu.<\/p>\n","protected":false},"excerpt":{"rendered":"<p>Toroslar Belediye Ba\u015fkan\u0131 Ats\u0131z Af\u015f\u0131n Y\u0131lmaz, 14 Mart T\u0131p Bayram\u0131 dolay\u0131s\u0131yla bir mesaj yay\u0131nlad\u0131. \u00dclkemizin d\u00f6rt bir yan\u0131nda fedak\u00e2rca g\u00f6rev yapan t\u00fcm sa\u011fl\u0131k \u00e7al\u0131\u015fanlar\u0131n\u0131n T\u0131p Bayram\u0131n\u0131 kutlayan Ba\u015fkan Y\u0131lmaz; &#8220;Kahramanlar &hellip; <a href=\"https:\/\/akdenizolaygazetesi.com\/?p=24657\" class=\"more-link\">Devam\u0131n\u0131 Oku&#8230;<\/a><\/p>\n","protected":false},"author":2,"featured_media":24658,"comment_status":"open","ping_status":"open","sticky":false,"template":"","format":"standard","meta":[],"categories":[2,3,5],"tags":[],"_links":{"self":[{"href":"https:\/\/akdenizolaygazetesi.com\/index.php?rest_route=\/wp\/v2\/posts\/24657"}],"collection":[{"href":"https:\/\/akdenizolaygazetesi.com\/index.php?rest_route=\/wp\/v2\/posts"}],"about":[{"href":"https:\/\/akdenizolaygazetesi.com\/index.php?rest_route=\/wp\/v2\/types\/post"}],"author":[{"embeddable":true,"href":"https:\/\/akdenizolaygazetesi.com\/index.php?rest_route=\/wp\/v2\/users\/2"}],"replies":[{"embeddable":true,"href":"https:\/\/akdenizolaygazetesi.com\/index.php?rest_route=%2Fwp%2Fv2%2Fcomments&post=24657"}],"version-history":[{"count":1,"href":"https:\/\/akdenizolaygazetesi.com\/index.php?rest_route=\/wp\/v2\/posts\/24657\/revisions"}],"predecessor-version":[{"id":24659,"href":"https:\/\/akdenizolaygazetesi.com\/index.php?rest_route=\/wp\/v2\/posts\/24657\/revisions\/24659"}],"wp:featuredmedia":[{"embeddable":true,"href":"https:\/\/akdenizolaygazetesi.com\/index.php?rest_route=\/wp\/v2\/media\/24658"}],"wp:attachment":[{"href":"https:\/\/akdenizolaygazetesi.com\/index.php?rest_route=%2Fwp%2Fv2%2Fmedia&parent=24657"}],"wp:term":[{"taxonomy":"category","embeddable":true,"href":"https:\/\/akdenizolaygazetesi.com\/index.php?rest_route=%2Fwp%2Fv2%2Fcategories&post=24657"},{"taxonomy":"post_tag","embeddable":true,"href":"https:\/\/akdenizolaygazetesi.com\/index.php?rest_route=%2Fwp%2Fv2%2Ftags&post=24657"}],"curies":[{"name":"wp","href":"https:\/\/api.w.org\/{rel}","templated":true}]}}