{"id":24660,"date":"2023-03-13T16:59:20","date_gmt":"2023-03-13T13:59:20","guid":{"rendered":"http:\/\/akdenizolaygazetesi.com\/?p=24660"},"modified":"2023-03-13T16:59:20","modified_gmt":"2023-03-13T13:59:20","slug":"iki-polisi-sehit-eden-hizbullahcilari-kim-serbest-birakti","status":"publish","type":"post","link":"https:\/\/akdenizolaygazetesi.com\/?p=24660","title":{"rendered":"&#8220;\u0130K\u0130 POL\u0130S\u0130 \u015eEH\u0130T EDEN H\u0130ZBULLAH\u00c7ILARI K\u0130M SERBEST BIRAKTI?&#8221;"},"content":{"rendered":"<p>H\u00dcDAPAR&#8217;\u0131n Cumhur \u0130ttifak\u0131na girmesiyle Hizbullah ter\u00f6r \u00f6rg\u00fct\u00fc tart\u0131\u015fmalar\u0131 yeniden kamuoyunun g\u00fcndemine oturdu.<\/p>\n<p>Konuyla ilgili sosyal medya hesab\u0131ndan a\u00e7\u0131klama yapan CHP Mersin Milletvekili Alpay Antmen, 2019 y\u0131l\u0131ndan bu yana konuyla ilgili Meclis Ba\u015fkanl\u0131\u011f\u0131na verdi\u011fi \u00f6nergeleri payla\u015farak &#8220;AKP, Hizbullah\u00e7\u0131larla ittifak kurdu. Oysa ortakl\u0131klar\u0131 eskiye dayan\u0131yor. L\u00fctfen payla\u015faca\u011f\u0131m belgeleri dikkatle okuyun&#8221; dedi.<\/p>\n<p>Antmen, 4 y\u0131l \u00f6nce 34 Hizbullah\u00e7\u0131n\u0131n sessiz sedas\u0131z serbest b\u0131rak\u0131ld\u0131\u011f\u0131n\u0131 belirterek &#8220;Cezaevinde Hizbullah\u00e7\u0131 kalmad\u0131. AKP&#8217;li Adalet Bakan\u0131na sordum. Yan\u0131t veremedi&#8221; ifadelerini kulland\u0131.<\/p>\n<p>2021 y\u0131l\u0131nda \u0130\u00e7i\u015fleri Bakan\u0131 S\u00fcleyman Soylu, D\u0131\u015fi\u015fleri Bakan\u0131 Mevl\u00fct \u00c7avu\u015fo\u011flu ve d\u00f6nemin Adalet Bakan\u0131 Abd\u00fclhamit G\u00fcl&#8217;e Hizbullah\u00e7\u0131lara ka\u00e7 operasyon yap\u0131ld\u0131\u011f\u0131n\u0131, yurt d\u0131\u015f\u0131na ka\u00e7anlar\u0131n istenilip istenilmedi\u011fini sordu\u011funu ifade eden Alpay Antmen &#8220;\u00d6nergelere tamamen i\u00e7i bo\u015f yan\u0131tlar verdiler&#8221; dedi.<\/p>\n<p>\u0130K\u0130 POL\u0130S\u0130 \u015eEH\u0130T EDEN H\u0130ZBULLAH\u00c7ILARI K\u0130M SERBEST BIRAKTI<\/p>\n<p>21 Nisan 2022 tarihinde Adalet Bakan\u0131 Bekir Bozda\u011f&#8217;\u0131n yan\u0131tlamas\u0131 istemiyle verdi\u011fi soru \u00f6nergesini payla\u015fan Antmen &#8220;\u015eimdi bu yazaca\u011f\u0131m rezilli\u011fi herkes bilmeli. MHP&#8217;liler de ortaklar\u0131 AKP&#8217;ye sorsun. Diyarbak\u0131r&#8217;da Polis memurlar\u0131 Mehmet Zengin ve Adem Bayrak\u00e7\u0131&#8217;y\u0131 \u015fehit eden Yunus Aysu ve Cuma G\u00fczel adl\u0131 Hizbullah\u00e7\u0131 ter\u00f6ristleri kim serbest b\u0131rakt\u0131? Ge\u00e7en sene Bekir Bozda\u011f&#8217;a sordum. Adalet Bakan\u0131 Bekir Bozda\u011f ve AKP, polislerimizi \u015fehit eden bu Hizbullah\u00e7\u0131lar\u0131 neden serbest b\u0131rakt\u0131klar\u0131n\u0131 sordu\u011fum \u00f6nergeme 1 y\u0131ld\u0131r yan\u0131t veremiyorlar. \u015eimdi hi\u00e7 veremezler \u00e7\u00fcnk\u00fc Cumhur \u0130ttifak\u0131na H\u00dcDA PAR&#8217;\u0131 alarak gayr\u0131 resmi ortakl\u0131klar\u0131n\u0131 resmiyete d\u00f6kt\u00fcler&#8221; ifadelerini kulland\u0131.<\/p>\n<p>T\u00dcRK\u0130YE&#8217;Y\u0130 BEKLEYEN B\u00dcY\u00dcK TEHL\u0130KE <\/p>\n<p>T\u00fcrkiye&#8217;nin \u00e7ok b\u00fcy\u00fck bir tehlike ve tehdit i\u00e7inde oldu\u011funu payla\u015fan CHP&#8217;li Vekil &#8220;T\u00fcrkiye \u00e7ok b\u00fcy\u00fck bir tehlike alt\u0131nda. Bunu bertaraf etmenin tek yolu dayan\u0131\u015fma, cesaret ve sand\u0131ktan ge\u00e7iyor. Bahanemiz yok de\u011ferli dostlar\u0131m. 14 May\u0131s&#8217;ta bu k\u00f6t\u00fcl\u00fck ortakl\u0131\u011f\u0131na, bu karanl\u0131k birlikteli\u011fe son vermezsek \u00e7ok daha k\u00f6t\u00fc g\u00fcnler ya\u015far\u0131z. Ancak kazanaca\u011f\u0131z, korkmay\u0131n!&#8221; dedi.<\/p>\n","protected":false},"excerpt":{"rendered":"<p>H\u00dcDAPAR&#8217;\u0131n Cumhur \u0130ttifak\u0131na girmesiyle Hizbullah ter\u00f6r \u00f6rg\u00fct\u00fc tart\u0131\u015fmalar\u0131 yeniden kamuoyunun g\u00fcndemine oturdu. Konuyla ilgili sosyal medya hesab\u0131ndan a\u00e7\u0131klama yapan CHP Mersin Milletvekili Alpay Antmen, 2019 y\u0131l\u0131ndan bu yana konuyla ilgili &hellip; <a href=\"https:\/\/akdenizolaygazetesi.com\/?p=24660\" class=\"more-link\">Devam\u0131n\u0131 Oku&#8230;<\/a><\/p>\n","protected":false},"author":2,"featured_media":24661,"comment_status":"open","ping_status":"open","sticky":false,"template":"","format":"standard","meta":[],"categories":[3],"tags":[],"_links":{"self":[{"href":"https:\/\/akdenizolaygazetesi.com\/index.php?rest_route=\/wp\/v2\/posts\/24660"}],"collection":[{"href":"https:\/\/akdenizolaygazetesi.com\/index.php?rest_route=\/wp\/v2\/posts"}],"about":[{"href":"https:\/\/akdenizolaygazetesi.com\/index.php?rest_route=\/wp\/v2\/types\/post"}],"author":[{"embeddable":true,"href":"https:\/\/akdenizolaygazetesi.com\/index.php?rest_route=\/wp\/v2\/users\/2"}],"replies":[{"embeddable":true,"href":"https:\/\/akdenizolaygazetesi.com\/index.php?rest_route=%2Fwp%2Fv2%2Fcomments&post=24660"}],"version-history":[{"count":1,"href":"https:\/\/akdenizolaygazetesi.com\/index.php?rest_route=\/wp\/v2\/posts\/24660\/revisions"}],"predecessor-version":[{"id":24662,"href":"https:\/\/akdenizolaygazetesi.com\/index.php?rest_route=\/wp\/v2\/posts\/24660\/revisions\/24662"}],"wp:featuredmedia":[{"embeddable":true,"href":"https:\/\/akdenizolaygazetesi.com\/index.php?rest_route=\/wp\/v2\/media\/24661"}],"wp:attachment":[{"href":"https:\/\/akdenizolaygazetesi.com\/index.php?rest_route=%2Fwp%2Fv2%2Fmedia&parent=24660"}],"wp:term":[{"taxonomy":"category","embeddable":true,"href":"https:\/\/akdenizolaygazetesi.com\/index.php?rest_route=%2Fwp%2Fv2%2Fcategories&post=24660"},{"taxonomy":"post_tag","embeddable":true,"href":"https:\/\/akdenizolaygazetesi.com\/index.php?rest_route=%2Fwp%2Fv2%2Ftags&post=24660"}],"curies":[{"name":"wp","href":"https:\/\/api.w.org\/{rel}","templated":true}]}}