{"id":24663,"date":"2023-03-14T13:31:19","date_gmt":"2023-03-14T10:31:19","guid":{"rendered":"http:\/\/akdenizolaygazetesi.com\/?p=24663"},"modified":"2023-03-14T13:31:19","modified_gmt":"2023-03-14T10:31:19","slug":"selim-buyuksehir-sayesinde-artik-daha-mutlu-daha-huzurlu","status":"publish","type":"post","link":"https:\/\/akdenizolaygazetesi.com\/?p=24663","title":{"rendered":"SEL\u0130M, B\u00dcY\u00dcK\u015eEH\u0130R SAYES\u0130NDE ARTIK DAHA MUTLU DAHA HUZURLU"},"content":{"rendered":"<p>Mersin B\u00fcy\u00fck\u015fehir Belediyesi, Engelsiz Ya\u015fam Park\u0131&#8217;na gelen \u00f6zel gereksinimli bireylerin hayatlar\u0131na dokunmaya, geli\u015fimlerine katk\u0131 sunmaya ve kendilerini \u00f6zel hissetmelerini sa\u011flamaya devam ediyor. Bu \u00f6zel bireylerden biri de 15 ya\u015f\u0131ndaki Selim Kaya. Engelsiz Ya\u015fam Park\u0131&#8217;ndan a\u00e7\u0131ld\u0131\u011f\u0131 ilk g\u00fcnden itibaren hizmet alan Selim, 2 y\u0131l i\u00e7erisinde b\u00fcy\u00fck yol kat etti. \u0130lk geldi\u011finde sessiz, i\u00e7ine kapan\u0131k, \u00e7ekingen ve konu\u015fma gerili\u011fi olan Selim, kat\u0131ld\u0131\u011f\u0131 etkinlikler sayesinde art\u0131k daha rahat ileti\u015fim ve etkile\u015fim kurabiliyor.<br \/>\nEngelsiz Ya\u015fam Park\u0131&#8217;na gelmek i\u00e7in her g\u00fcn ayn\u0131 heyecanla uyanan Selim, Engelsiz Ya\u015fam Park\u0131&#8217;n\u0131, e\u011fitmenlerini ve arkada\u015flar\u0131n\u0131 \u00e7ok seviyor. Sa\u011fl\u0131k \u0130\u015fleri Dairesi b\u00fcnyesinde hizmet veren Park&#8217;ta; bocce, halk danslar\u0131, drama ve resim derslerine kat\u0131lan ve kat\u0131ld\u0131\u011f\u0131 etkinlikler sayesinde konu\u015fma becerisi geli\u015fen Selim, art\u0131k daha giri\u015fken, sosyal hayat\u0131nda daha mutlu ve ileti\u015fime a\u00e7\u0131k bir gen\u00e7 oldu. Selim&#8217;i parka getiren ve dersler bitene kadar bekleyen babas\u0131 Talip Kaya da, hem Engelsiz Ya\u015fam Park\u0131&#8217;ndan hem de o\u011flunun g\u00f6sterdi\u011fi geli\u015fimden dolay\u0131 \u00e7ok mutlu.<br \/>\n&#8220;Selim buraya gelmeye can at\u0131yor&#8221;<br \/>\nSelim&#8217;in babas\u0131 Talip Kaya, o\u011flunun 3 ya\u015f\u0131ndan itibaren \u00f6zel e\u011fitim ald\u0131\u011f\u0131n\u0131 ifade etti. Sosyal aktiviteler sayesinde Selim&#8217;in daha mutlu oldu\u011funu belirten Kaya, Engelsiz Ya\u015fam Park\u0131 a\u00e7\u0131ld\u0131\u011f\u0131 andan itibaren etkinliklere kat\u0131ld\u0131klar\u0131n\u0131 s\u00f6yleyerek, &#8220;Buray\u0131 \u00e7ok seviyor. Burada ayn\u0131 Selim gibi arkada\u015flar\u0131yla beraber \u00e7ok iyi bir zaman ge\u00e7iriyor. Burada bocce, seramik boyama, resim, spor gibi etkinliklerin hepsine kat\u0131l\u0131yor. Sabah ilk kalkt\u0131\u011f\u0131nda zaten &#8216;ne zaman gidece\u011fiz&#8217; diye \u00f6nce saati soruyor. Buraya gelmeye can at\u0131yor. Bizim i\u00e7in de \u00e7ok iyi. Burada ho\u015f\u00e7a vakit ge\u00e7irdi\u011fi i\u00e7in \u00e7ok mutlu&#8221; dedi.<br \/>\n&#8220;Buras\u0131 ye\u015fillik i\u00e7inde, g\u00fcvenli, temiz&#8221;<br \/>\nEngelsiz Ya\u015fam Park\u0131&#8217;nda \u00e7al\u0131\u015fanlar\u0131n ilgisinin de \u00f6nemli bir etken oldu\u011funa de\u011finen Kaya, &#8220;Sa\u011f olsun buradaki \u00f6\u011fretmenler de \u00e7ok yard\u0131mc\u0131 oluyor bizlere, ilgileniyorlar. Buras\u0131 ye\u015fillik i\u00e7inde g\u00fcvenli, temiz, \u00e7ok memnunuz. Selim de memnun, biz de memnunuz. Selim&#8217;le normal parka gidemiyoruz. Orada arkada\u015f\u0131 yok, bir de s\u0131k\u0131l\u0131yor. Yani tek ba\u015f\u0131na da oynamak istemiyor. \u00d6zellikle buray\u0131 tercih ediyor. Burada en b\u00fcy\u00fck fakt\u00f6r arkada\u015flar\u0131. Selim birebir konu\u015fmak istiyor, onlarla etkile\u015fim halinde olmak istiyor&#8221; diye konu\u015ftu.<br \/>\n&#8220;Buras\u0131 olmasayd\u0131 can\u0131 \u00e7ok s\u0131k\u0131lacakt\u0131. Belki daha da i\u00e7ine kapanacakt\u0131&#8221;<br \/>\nBaba Kaya, Selim&#8217;in fiziksel anlamda da \u00f6nemli yol kat etti\u011fini ifade ederek, pandemi d\u00f6neminde i\u00e7ine kapanan Selim&#8217;in Engelsiz Ya\u015fam Park\u0131&#8217;nda yeniden sosyalle\u015fti\u011fini s\u00f6yledi. Kaya, &#8220;Pandemi d\u00f6neminde \u00f6zellikle konu\u015fma bak\u0131m\u0131ndan \u00e7ok geri kald\u0131. D\u0131\u015far\u0131ya \u00e7\u0131kam\u0131yoruz. Kimseyle g\u00f6r\u00fc\u015fm\u00fcyor. Bir ara art\u0131k derdini i\u015faretle anlatmaya ba\u015flam\u0131\u015ft\u0131. Konu\u015fma gerili\u011fi ya\u015fad\u0131 ama buras\u0131 a\u00e7\u0131ld\u0131ktan sonra buraya geldik. Geldi\u011fimizden beri \u00e7ok iyi ilerleme kaydetti. Bedensel olarak da her t\u00fcrl\u00fc aktiviteye kat\u0131l\u0131yor, elinden geldi\u011fi kadar onlar\u0131 yapmaya \u00e7al\u0131\u015f\u0131yor. Hem bedenen, hem ruhen bize \u00e7ok iyi geldi. Buras\u0131 olmasayd\u0131 can\u0131 \u00e7ok s\u0131k\u0131lacakt\u0131. Belki daha da i\u00e7ine kapanacakt\u0131&#8221; diye belirtti.<br \/>\n&#8220;Buras\u0131 \u00f6zel \u00e7ocuklar i\u00e7in bir nimet&#8221;<br \/>\n\u00d6zel gereksinimli \u00e7ocu\u011fu olan aileler i\u00e7in \u00f6nemli bir yer oldu\u011funu kaydeden Kaya, &#8220;Buras\u0131 g\u00fcvenlik bak\u0131m\u0131ndan, temizlik bak\u0131m\u0131ndan, \u00f6\u011fretmenlerin ilgisi bak\u0131m\u0131ndan b\u00f6yle \u00f6zel \u00e7ocuklar\u0131n gelmesi i\u00e7in bir nimet. Herkes \u00e7ocu\u011funu buraya getirsin. Burada o \u00e7ocuklara dokunacak bir \u015feyler muhakkak yap\u0131l\u0131yor. Her t\u00fcrl\u00fc etkinlik var. Selim halk oyunlar\u0131 ekibinde. Engelliler Haftas\u0131&#8217;nda 14-15 arkada\u015f\u0131yla beraber 4 okulda g\u00f6steriye \u00e7\u0131kt\u0131lar. \u00d6zel k\u0131yafetleriyle birlikte, \u00e7ok g\u00fczel bir etkinlikte \u00e7ok ba\u015far\u0131l\u0131 bir \u015fekilde o etkinli\u011fi yerine getirdiler. Selim&#8217;le ve arkada\u015flar\u0131yla gurur duyuyorum. B\u00fcy\u00fck\u015fehir Belediye Ba\u015fkan\u0131m\u0131za, B\u00fcy\u00fck\u015fehir Belediye \u00e7al\u0131\u015fanlar\u0131na \u00e7ok te\u015fekk\u00fcr ediyorum. B\u00f6yle bir yer imkan\u0131 verdikleri i\u00e7in sa\u011f olsunlar, var olsunlar. Buraya g\u00fcven i\u00e7inde geliyoruz. \u00c7ocu\u011fumuz zaten isteyerek geliyor. \u0130lk ba\u015fta \u00f6nemli olan o. Herkese tavsiye ediyorum&#8221; dedi.<br \/>\nEngelsiz Ya\u015fam Park\u0131&#8217;na severek gelen Selim Kaya, &#8220;Burada bocce, spor, halk oyunlar\u0131 var. Arkada\u015flar\u0131m\u0131 \u00e7ok seviyorum&#8221; dedi.<br \/>\nDemir: &#8220;Selim b\u00fcy\u00fck bir yol kat etti. Arkada\u015flar\u0131yla daha g\u00fczel ileti\u015fim kurmaya ba\u015flad\u0131&#8221;<br \/>\nEngelsiz Ya\u015fam Park\u0131 Sorumlusu Bet\u00fcl Demir, Selim&#8217;in geldi\u011finde i\u00e7ine kapan\u0131k bir \u00e7ocuk oldu\u011funu belirterek, &#8220;Selim buraya ilk ba\u015flad\u0131\u011f\u0131nda arkada\u015flar\u0131yla \u00e7ok fazla uyum sa\u011flayamayan, onlar\u0131n yan\u0131na yakla\u015fmakta tedirginlik g\u00f6steren, kimseyle \u00e7ok fazla m\u00fcnasebette bulunmayan, bir \u015fey s\u00f6ylemek konusunda hep \u00e7ekingen davranan, s\u00fcrekli bir kenarda sessizce oturup sesi \u00e7\u0131kmayan bir \u00f6\u011frencimizdi. Ayn\u0131 zamanda Selim kas rahats\u0131zl\u0131\u011f\u0131 da oldu\u011fu i\u00e7in, ayaklar\u0131ndaki kas\u0131lmalardan dolay\u0131 \u00e7ok fazla ayakta durma problemi de ya\u015fayan \u00f6\u011frencilerimizden biriydi&#8221; dedi.<br \/>\nSelim&#8217;in, etkinlikler ve arkada\u015flar\u0131yla ileti\u015fimi sayesinde \u00f6nemli yol kat etti\u011fini s\u00f6yleyen Demir, &#8220;Park&#8217;a gelip gittik\u00e7e, burada yap\u0131lan etkinlikler, arkada\u015flar\u0131yla g\u00f6stermi\u015f oldu\u011fu uyum, \u00f6\u011fretmenlerini sevmesi yani bir b\u00fct\u00fcn olarak burada yap\u0131lan \u00e7al\u0131\u015fmalarla Selim b\u00fcy\u00fck bir yol kat etti. Arkada\u015flar\u0131yla daha g\u00fczel ileti\u015fim kurmaya ba\u015flad\u0131. Etkinliklere daha fazla kat\u0131lmaya ba\u015flad\u0131. \u00d6ncesinde \u00e7ok fazla ayakta duram\u0131yor iken daha fazla ayakta durmaya, etkinliklerde daha uzun soluklu aktivite g\u00f6stermeye ba\u015flad\u0131. Selim bizim park\u0131m\u0131z\u0131n en uslu \u00e7ocu\u011fu. Biz onu \u00e7ok seviyoruz. Kendini \u00e7ok g\u00fczel ifade etme yoluna da gitmeye ba\u015flad\u0131. Tabi biz bunlar\u0131 g\u00f6rd\u00fck\u00e7e \u00e7ok mutlu oluyoruz. O da \u00e7ok mutlu ki sabah ders ba\u015flamadan parka geliyor, ders bittikten bir s\u00fcre sonra park\u0131 terk ediyor. Hatta m\u00fcmk\u00fcn olsa gitmeyecek. Tabi bug\u00fcn konumuz Selim olmakla birlikte, park\u0131m\u0131zdan yararlanan her \u00e7ocu\u011fumuz, her \u00f6\u011frencimiz burada \u00e7ok g\u00fczel payla\u015f\u0131mlarda bulunuyor. \u00c7ok g\u00fczel etkinliklerde bir arada oluyoruz. Onlar mutlu oldu\u011fu s\u00fcrece bizler de mutlu oluyoruz&#8221; ifadelerine yer verdi.<\/p>\n","protected":false},"excerpt":{"rendered":"<p>Mersin B\u00fcy\u00fck\u015fehir Belediyesi, Engelsiz Ya\u015fam Park\u0131&#8217;na gelen \u00f6zel gereksinimli bireylerin hayatlar\u0131na dokunmaya, geli\u015fimlerine katk\u0131 sunmaya ve kendilerini \u00f6zel hissetmelerini sa\u011flamaya devam ediyor. Bu \u00f6zel bireylerden biri de 15 ya\u015f\u0131ndaki Selim &hellip; <a href=\"https:\/\/akdenizolaygazetesi.com\/?p=24663\" class=\"more-link\">Devam\u0131n\u0131 Oku&#8230;<\/a><\/p>\n","protected":false},"author":2,"featured_media":24664,"comment_status":"open","ping_status":"open","sticky":false,"template":"","format":"standard","meta":[],"categories":[34,2,3,5],"tags":[],"_links":{"self":[{"href":"https:\/\/akdenizolaygazetesi.com\/index.php?rest_route=\/wp\/v2\/posts\/24663"}],"collection":[{"href":"https:\/\/akdenizolaygazetesi.com\/index.php?rest_route=\/wp\/v2\/posts"}],"about":[{"href":"https:\/\/akdenizolaygazetesi.com\/index.php?rest_route=\/wp\/v2\/types\/post"}],"author":[{"embeddable":true,"href":"https:\/\/akdenizolaygazetesi.com\/index.php?rest_route=\/wp\/v2\/users\/2"}],"replies":[{"embeddable":true,"href":"https:\/\/akdenizolaygazetesi.com\/index.php?rest_route=%2Fwp%2Fv2%2Fcomments&post=24663"}],"version-history":[{"count":1,"href":"https:\/\/akdenizolaygazetesi.com\/index.php?rest_route=\/wp\/v2\/posts\/24663\/revisions"}],"predecessor-version":[{"id":24665,"href":"https:\/\/akdenizolaygazetesi.com\/index.php?rest_route=\/wp\/v2\/posts\/24663\/revisions\/24665"}],"wp:featuredmedia":[{"embeddable":true,"href":"https:\/\/akdenizolaygazetesi.com\/index.php?rest_route=\/wp\/v2\/media\/24664"}],"wp:attachment":[{"href":"https:\/\/akdenizolaygazetesi.com\/index.php?rest_route=%2Fwp%2Fv2%2Fmedia&parent=24663"}],"wp:term":[{"taxonomy":"category","embeddable":true,"href":"https:\/\/akdenizolaygazetesi.com\/index.php?rest_route=%2Fwp%2Fv2%2Fcategories&post=24663"},{"taxonomy":"post_tag","embeddable":true,"href":"https:\/\/akdenizolaygazetesi.com\/index.php?rest_route=%2Fwp%2Fv2%2Ftags&post=24663"}],"curies":[{"name":"wp","href":"https:\/\/api.w.org\/{rel}","templated":true}]}}