{"id":24669,"date":"2023-03-14T13:34:17","date_gmt":"2023-03-14T10:34:17","guid":{"rendered":"http:\/\/akdenizolaygazetesi.com\/?p=24669"},"modified":"2023-03-14T13:34:17","modified_gmt":"2023-03-14T10:34:17","slug":"akkuyu-ngs-itfaiyecileri-cok-disiplinli-spor-etkinliginde-birinci-oldu","status":"publish","type":"post","link":"https:\/\/akdenizolaygazetesi.com\/?p=24669","title":{"rendered":"AKKUYU NGS \u0130TFA\u0130YEC\u0130LER\u0130 \u00c7OK D\u0130S\u0130PL\u0130NL\u0130 SPOR ETK\u0130NL\u0130\u011e\u0130NDE B\u0130R\u0130NC\u0130 OLDU"},"content":{"rendered":"<p>AKKUYU N\u00dcKLEER Yang\u0131n G\u00fcvenlik Birimi \u00e7al\u0131\u015fanlar\u0131, Mersin B\u00fcy\u00fck\u015fehir Belediyesi \u0130tfaiye Daire Ba\u015fkanl\u0131\u011f\u0131\u2019n\u0131n \u00f6zel daveti \u00fczerine \u00e7ok disiplinli parkur yar\u0131\u015flar\u0131na kat\u0131ld\u0131. Yar\u0131\u015fmalarda Akkuyu NGS\u2019yi Yang\u0131n G\u00fcvenlik Amirli\u011fi\u2019nde g\u00f6rev yapan ve santralin en gen\u00e7 itfaiyecisi olan 21 ya\u015f\u0131ndaki 3. s\u0131n\u0131f itfaiyeci Yunus \u00c7ift\u00e7i ile 46 ya\u015f\u0131ndaki 1. s\u0131n\u0131f itfaiyeci H\u00fcsn\u00fc Fil temsil etti. <\/p>\n<p>Yunus \u00c7ift\u00e7i yar\u0131\u015fmalarda birinci olurken H\u00fcsn\u00fc Fil de ikincili\u011fi elde etti. <\/p>\n<p>Ekipler iki g\u00fcn boyunca itfaiyecilik mesle\u011finin unsurlar\u0131n\u0131 kapsayan beden e\u011fitim egzersizleri ve \u00e7e\u015fitli mesafelerde ko\u015fu da dahil olmak \u00fczere 15 ayr\u0131 disiplinde m\u00fccadele etti. Belediye \u0130tfaiyesi\u2019nin sahas\u0131nda d\u00fczenlenen yar\u0131\u015fman\u0131n sonu\u00e7lar\u0131, b\u00f6lgenin itfaiye te\u015fkilat\u0131na aday se\u00e7iminde fiziksel haz\u0131rl\u0131kla ilgili mevcut standartlar\u0131n olu\u015fturulmas\u0131nda belirleyici oldu.<\/p>\n<p>Yang\u0131n G\u00fcvenlik Birim \u015eefi Roman Melnikov konuyla ilgili yapt\u0131\u011f\u0131 a\u00e7\u0131klamada, \u201cAKKUYU N\u00dcKLEER Yang\u0131n G\u00fcvenlik Birimi \u00e7al\u0131\u015fanlar\u0131 devaml\u0131 olarak e\u011fitim ve antrenman s\u00fcrecindeler. Bunun antrenmanlar hem acil durum m\u00fcdahale becerilerini hem de fiziksel egzersizleri kaps\u0131yor. Bu nedenle Yunus \u00c7ift\u00e7i\u2019nin yar\u0131\u015fmada birinci, H\u00fcsn\u00fc Fil\u2019in ise ikinci olmas\u0131 hi\u00e7 \u015fa\u015f\u0131rt\u0131c\u0131 de\u011fil. Mersinli meslekta\u015flar\u0131m\u0131za davetleri ve s\u0131cak kar\u015f\u0131lamalar\u0131 i\u00e7in te\u015fekk\u00fcr ediyorum.\u201d <\/p>\n<p>Yar\u0131\u015fmalar\u0131n ard\u0131ndan organizat\u00f6rler, kat\u0131l\u0131mc\u0131lar\u0131n sonu\u00e7lar\u0131n\u0131 de\u011ferlendirecek ve Mersin ili itfaiye te\u015fkilatlar\u0131na personel se\u00e7imi i\u00e7in giri\u015f s\u0131nav\u0131 kriterlerini d\u00fczenleyecek.  <\/p>\n<p>Akkuyu NGS Yang\u0131n G\u00fcvenlik Birimi \u00e7al\u0131\u015fanlar\u0131, uluslararas\u0131 spor etkinliklerinde bir\u00e7ok kez dereceye girerek farkl\u0131 \u00f6d\u00fcllere lay\u0131k g\u00f6r\u00fcld\u00fc. AKKUYU N\u00dcKLEER itfaiyecileri son olarak 2022 y\u0131l\u0131nda Lizbon\u2019daki D\u00fcnya \u0130tfaiye Oyunlar\u0131\u2019na kat\u0131larak 38 madalya kazanm\u0131\u015ft\u0131.  <\/p>\n<p>2015 y\u0131l\u0131nda kurulan AKKUYU N\u00dcKLEER itfaiye birimi, , 2022 y\u0131l\u0131nda T\u00fcrkiye Cumhuriyeti standartlar\u0131 uyar\u0131nca uluslararas\u0131 bir \u015firket b\u00fcnyesinde faaliyet g\u00f6stererek yetkili itfaiye belgesini alan ilk itfaiye birimi olma \u00f6zelli\u011fi ta\u015f\u0131yor. <\/p>\n<p>\u00c7al\u0131\u015fanlar, ola\u011fan\u00fcst\u00fc derecede y\u00fcksek bir profesyonellik sergileyerek s\u00fcrekli olarak e\u011fitim programlar\u0131na ve T\u00fcrkiye Cumhuriyeti itfaiye te\u015fkilat\u0131n\u0131n tatbikatlar\u0131na kat\u0131l\u0131yor. Akkuyu NGS itfaiyecileri, T\u00fcrk meslekta\u015flar\u0131na da yang\u0131nlar\u0131n s\u00f6nd\u00fcr\u00fclmesinde bir\u00e7ok kez yard\u0131m etti. <\/p>\n<p>Birim ayr\u0131ca \u015eubat ay\u0131nda meydana gelen ve 11 ili etkileyen depremlerin ard\u0131ndan Hatay\u2019daki \u0130skenderun Liman\u0131\u2019n\u0131n kargo terminalinde \u00e7\u0131kan yang\u0131n\u0131n s\u00f6nd\u00fcr\u00fclmesinde sergiledi\u011fi cesareti ve \u00f6zverili \u00e7al\u0131\u015fmalar\u0131 nedeniyle profesyonel \u00f6d\u00fcllere lay\u0131k g\u00f6r\u00fcld\u00fc.<\/p>\n","protected":false},"excerpt":{"rendered":"<p>AKKUYU N\u00dcKLEER Yang\u0131n G\u00fcvenlik Birimi \u00e7al\u0131\u015fanlar\u0131, Mersin B\u00fcy\u00fck\u015fehir Belediyesi \u0130tfaiye Daire Ba\u015fkanl\u0131\u011f\u0131\u2019n\u0131n \u00f6zel daveti \u00fczerine \u00e7ok disiplinli parkur yar\u0131\u015flar\u0131na kat\u0131ld\u0131. Yar\u0131\u015fmalarda Akkuyu NGS\u2019yi Yang\u0131n G\u00fcvenlik Amirli\u011fi\u2019nde g\u00f6rev yapan ve santralin &hellip; <a href=\"https:\/\/akdenizolaygazetesi.com\/?p=24669\" class=\"more-link\">Devam\u0131n\u0131 Oku&#8230;<\/a><\/p>\n","protected":false},"author":2,"featured_media":24670,"comment_status":"open","ping_status":"open","sticky":false,"template":"","format":"standard","meta":[],"categories":[3,10],"tags":[],"_links":{"self":[{"href":"https:\/\/akdenizolaygazetesi.com\/index.php?rest_route=\/wp\/v2\/posts\/24669"}],"collection":[{"href":"https:\/\/akdenizolaygazetesi.com\/index.php?rest_route=\/wp\/v2\/posts"}],"about":[{"href":"https:\/\/akdenizolaygazetesi.com\/index.php?rest_route=\/wp\/v2\/types\/post"}],"author":[{"embeddable":true,"href":"https:\/\/akdenizolaygazetesi.com\/index.php?rest_route=\/wp\/v2\/users\/2"}],"replies":[{"embeddable":true,"href":"https:\/\/akdenizolaygazetesi.com\/index.php?rest_route=%2Fwp%2Fv2%2Fcomments&post=24669"}],"version-history":[{"count":1,"href":"https:\/\/akdenizolaygazetesi.com\/index.php?rest_route=\/wp\/v2\/posts\/24669\/revisions"}],"predecessor-version":[{"id":24671,"href":"https:\/\/akdenizolaygazetesi.com\/index.php?rest_route=\/wp\/v2\/posts\/24669\/revisions\/24671"}],"wp:featuredmedia":[{"embeddable":true,"href":"https:\/\/akdenizolaygazetesi.com\/index.php?rest_route=\/wp\/v2\/media\/24670"}],"wp:attachment":[{"href":"https:\/\/akdenizolaygazetesi.com\/index.php?rest_route=%2Fwp%2Fv2%2Fmedia&parent=24669"}],"wp:term":[{"taxonomy":"category","embeddable":true,"href":"https:\/\/akdenizolaygazetesi.com\/index.php?rest_route=%2Fwp%2Fv2%2Fcategories&post=24669"},{"taxonomy":"post_tag","embeddable":true,"href":"https:\/\/akdenizolaygazetesi.com\/index.php?rest_route=%2Fwp%2Fv2%2Ftags&post=24669"}],"curies":[{"name":"wp","href":"https:\/\/api.w.org\/{rel}","templated":true}]}}