{"id":24672,"date":"2023-03-15T13:34:28","date_gmt":"2023-03-15T10:34:28","guid":{"rendered":"http:\/\/akdenizolaygazetesi.com\/?p=24672"},"modified":"2023-03-15T13:34:28","modified_gmt":"2023-03-15T10:34:28","slug":"baskan-secer-13-cumhurbaskani-adayi-kilicdaroglu-ile-depremin-37-gununde-de-afet-bolgesi-hatayda","status":"publish","type":"post","link":"https:\/\/akdenizolaygazetesi.com\/?p=24672","title":{"rendered":"BA\u015eKAN SE\u00c7ER, 13. CUMHURBA\u015eKANI ADAYI KILI\u00c7DARO\u011eLU \u0130LE DEPREM\u0130N 37. G\u00dcN\u00dcNDE DE AFET B\u00d6LGES\u0130 HATAY&#8217;DA"},"content":{"rendered":"<p>Mersin B\u00fcy\u00fck\u015fehir Belediye Ba\u015fkan\u0131 Vahap Se\u00e7er, Cumhuriyet Halk Partisi (CHP) Genel Ba\u015fkan\u0131 ve Millet \u0130ttifak\u0131 Cumhurba\u015fkan\u0131 Aday\u0131 Kemal K\u0131l\u0131\u00e7daro\u011flu ve B\u00fcy\u00fck\u015fehir Belediye Ba\u015fkanlar\u0131 ile birlikte depremin 37. g\u00fcn\u00fcnde de afet b\u00f6lgesi Hatay&#8217;da depremzedelerle bir araya geldi.<br \/>\nHatay ziyaretinde CHP Genel Ba\u015fkan\u0131 ve Millet \u0130ttifak\u0131 Cumhurba\u015fkan\u0131 Aday\u0131 Kemal K\u0131l\u0131\u00e7daro\u011flu&#8217;na; CHP Grup Ba\u015fkanvekili Engin Altay, CHP Genel Ba\u015fkan Yard\u0131mc\u0131s\u0131 Seyit Torun, \u0130stanbul B\u00fcy\u00fck\u015fehir Belediye Ba\u015fkan\u0131 Ekrem \u0130mamo\u011flu, Hatay B\u00fcy\u00fck\u015fehir Belediye Ba\u015fkan\u0131 L\u00fctf\u00fc Sava\u015f, Mersin B\u00fcy\u00fck\u015fehir Belediye Ba\u015fkan\u0131 Vahap Se\u00e7er, \u0130zmit Belediye Ba\u015fkan\u0131 Fatma Kaplan H\u00fcrriyet, Seyhan Belediye Ba\u015fkan\u0131 Akif Akay, Samanda\u011f Belediye Ba\u015fkan\u0131 Refik Ery\u0131lmaz ve milletvekilleri e\u015flik etti. Depremzedelerle bir araya gelen heyet, ya\u015fananlar\u0131n \u00fcstesinden hep birlikte geleceklerinin alt\u0131n\u0131 \u00e7izdi.<br \/>\nHeyet, Narl\u0131ca Mezarl\u0131\u011f\u0131&#8217;n\u0131 ziyaret etti, mezarlara karanfil b\u0131rakt\u0131<br \/>\nHeyetin Hatay&#8217;daki ilk program\u0131 depremde ya\u015fam\u0131n\u0131 yitirenlerin defnedildi\u011fi Narl\u0131ca Mezarl\u0131\u011f\u0131 ziyareti oldu. Burada heyet taraf\u0131ndan hayat\u0131n\u0131 kaybeden vatanda\u015flar\u0131n mezarlar\u0131na karanfil b\u0131rak\u0131ld\u0131 ve dua okundu.<br \/>\nMillet Bulu\u015fmas\u0131&#8217;n\u0131n ilki Hatay&#8217;da ger\u00e7ekle\u015fti<br \/>\nArd\u0131ndan, Hatay EXPO&#8217;da CHP Lideri K\u0131l\u0131\u00e7daro\u011flu taraf\u0131ndan Millet Bulu\u015fmas\u0131 ger\u00e7ekle\u015ftirildi. K\u0131l\u0131\u00e7daro\u011flu, her hafta farkl\u0131 bir ilde yapaca\u011f\u0131 grup toplant\u0131lar\u0131n\u0131n ilkini, depremden yo\u011fun \u015fekilde etkilenen Hatay&#8217;da ger\u00e7ekle\u015ftirdi. K\u0131l\u0131\u00e7daro\u011flu, Millet Bulu\u015fmas\u0131 toplant\u0131s\u0131nda yapt\u0131\u011f\u0131 a\u00e7\u0131klamada, &#8220;Bu \u00fclkenin gelece\u011fini birlikte in\u015fa etmek hepimizin boynunun borcudur. Hi\u00e7bir ayr\u0131m yapmadan, hi\u00e7 kimseyi \u00f6tekile\u015ftirmeden, 85 milyon insan\u0131 kucaklamak benim de boynumun borcudur&#8221; dedi.<br \/>\n&#8220;S\u00fcratli bir planlama yapt\u0131k&#8221;<br \/>\nCumhuriyet Halk Partili belediyelerin depremin oldu\u011fu ilk saatlerden itibaren hareket halinde oldu\u011funu vurgulayan K\u0131l\u0131\u00e7daro\u011flu, &#8220;Hi\u00e7bir ayr\u0131m yapmadan, &#8216;Bir ki\u015fiyi nas\u0131l kurtarabiliriz, bir ki\u015finin yaras\u0131n\u0131 nas\u0131l sarabiliriz?&#8217; diye her birimiz hareket halindeydik. Her yerden geldiler ve dolay\u0131s\u0131yla yaralar\u0131 sarmaya \u00e7al\u0131\u015ft\u0131k. Arama-kurtarma ekipleri, \u00e7ad\u0131rlar, yiyecekler, konteynerler; b\u00fct\u00fcn bunlar\u0131n hepsi yap\u0131ld\u0131 ve s\u00fcratli bir planlama yapt\u0131k. Depremin ya\u015fand\u0131\u011f\u0131 10 il i\u00e7in 11 b\u00fcy\u00fck\u015fehir belediye ba\u015fkan\u0131m\u0131za koordinat\u00f6r olarak derhal g\u00f6rev ba\u015f\u0131nda olmalar\u0131 i\u00e7in \u00e7a\u011fr\u0131 yapt\u0131k ve hemen gittiler&#8221; diye konu\u015ftu.<br \/>\n&#8220;Mersin B\u00fcy\u00fck\u015fehir Belediyemiz, buradaki s\u00fct \u00fcreticilerinin s\u00fct\u00fcn\u00fc sat\u0131n ald\u0131, peynir yapt\u0131, depremzedelere da\u011f\u0131tt\u0131&#8221;<br \/>\nB\u00fcy\u00fck\u015fehir belediyeleri taraf\u0131ndan deprem b\u00f6lgelerine ula\u015ft\u0131r\u0131lan destekler hakk\u0131nda da konu\u015fan K\u0131l\u0131\u00e7daro\u011flu, Mersin B\u00fcy\u00fck\u015fehir Belediyesi&#8217;nin Hatay&#8217;daki S\u0131\u011f\u0131r Yeti\u015ftiricileri Birli\u011fi \u00fcreticilerinden toplad\u0131\u011f\u0131 s\u00fctlerle peynir yapt\u0131r\u0131p, depremzede ailelere ula\u015ft\u0131rmas\u0131 hakk\u0131nda da,  &#8220;Mersin B\u00fcy\u00fck\u015fehir Belediyemiz, buradaki s\u00fct \u00fcreticilerinin s\u00fct\u00fcn\u00fc sat\u0131n ald\u0131 ve onlarla peynir yapt\u0131, peyniri depremzedelere da\u011f\u0131tt\u0131. Yani ekonomi kendi i\u00e7inde bir d\u00f6ng\u00fcye girmi\u015f oldu. Kimsenin zarar etmedi\u011fi, herkesin yararland\u0131\u011f\u0131 bir avantaj ortaya \u00e7\u0131kt\u0131&#8221; ifadelerini kulland\u0131.<br \/>\nHeyet, Mersin B\u00fcy\u00fck\u015fehir&#8217;in kurdu\u011fu \u00e7ad\u0131rkenti ziyaret etti<br \/>\nMillet Bulu\u015fmas\u0131 sonras\u0131 heyet taraf\u0131ndan Mersin B\u00fcy\u00fck\u015fehir Belediyesi&#8217;nin Hatay&#8217;da kurdu\u011fu \u00e7ad\u0131rkent ziyaret edildi ve oradaki depremzedelerle bir araya gelindi. \u00c7ad\u0131rkentte depremzedelerle bulu\u015fan ve onlar\u0131n dertlerini dinleyen heyet, yaralar\u0131 hep birlikte saracaklar\u0131n\u0131n vurgusunu yapt\u0131.<br \/>\nMersin B\u00fcy\u00fck\u015fehir Belediyesi&#8217;nin Hatay&#8217;da kurdu\u011fu \u00e7ad\u0131rkent hakk\u0131nda K\u0131l\u0131\u00e7daro\u011flu&#8217;na bilgi veren Ba\u015fkan Se\u00e7er, &#8220;T\u00fcrk Lions ve \u0130sve\u00e7 Lions Kul\u00fcpleri ile beraber i\u015f birli\u011fi halinde Mersin B\u00fcy\u00fck\u015fehir Belediyemiz yapt\u0131. \u015eu anda burada 922 depremzede vatanda\u015f\u0131m\u0131z var ama toplamda buradaki personelle beraber 1050 vatanda\u015f\u0131m\u0131z bu \u00e7ad\u0131rkentte kal\u0131yorlar. Burada sosyal donat\u0131 alanlar\u0131 da var. \u00c7ocuklar\u0131m\u0131z i\u00e7in kre\u015flerimiz var ve burada kalacak vatanda\u015flar\u0131m\u0131z\u0131n da ihtiya\u00e7lar\u0131n\u0131 g\u00f6rece\u011fi \u00e7ama\u015f\u0131rhane gibi yerler de var&#8221; diyerek Lions Kul\u00fcplerine ve Hatay ile Mersin B\u00fcy\u00fck\u015fehir Belediyesi personellerine \u00e7al\u0131\u015fmalar\u0131ndan dolay\u0131 te\u015fekk\u00fcr etti. K\u0131l\u0131\u00e7daro\u011flu ise Mersin B\u00fcy\u00fck\u015fehir Belediyesi&#8217;nin \u00e7ad\u0131rkentte ger\u00e7ekle\u015ftirdi\u011fi \u00e7al\u0131\u015fmalar hakk\u0131nda personellerden bilgi ald\u0131.<br \/>\nHeyet, daha sonra \u0130zmir B\u00fcy\u00fck\u015fehir Belediyesi&#8217;nin E\u015frefpa\u015fa Hastanesi taraf\u0131ndan kurulan sahra hastanesini ziyaret etti. Sahra hastanesi ziyaretinin ard\u0131ndan ise \u0130stanbul B\u00fcy\u00fck\u015fehir Belediyesi Afet Koordinasyon Merkezi&#8217;ne ge\u00e7ildi.<br \/>\n&#8220;S\u0131n\u0131r\u0131n g\u00fcvenli\u011fi ulusal g\u00fcvenliktir. S\u0131n\u0131r\u0131n\u0131 koruyamayan egemen olamaz&#8221;<br \/>\nArd\u0131ndan Defne il\u00e7esine ge\u00e7en heyet, Gelecek Partisi Genel Ba\u015fkan\u0131 Ahmet Davuto\u011flu ile bir araya gelerek, Gelecek Partisi&#8217;nin Defne il\u00e7esinde kurdu\u011fu \u00e7ad\u0131rkenti ziyaret etti. Heyet sonras\u0131nda Reyhanl\u0131 il\u00e7esinin Ku\u015fakl\u0131 Mahallesi&#8217;ni ziyaret etti. Ku\u015fakl\u0131&#8217;da, s\u0131n\u0131ra s\u0131f\u0131r noktas\u0131nda a\u00e7\u0131klamalarda bulunan K\u0131l\u0131\u00e7daro\u011flu, Cumhurba\u015fkanl\u0131\u011f\u0131n\u0131n 2 \u00f6nemli hedefi oldu\u011funa dikkat \u00e7ekerek, &#8220;Birincisi Suriyelileri vatanlar\u0131na kavu\u015fturmak. \u0130kincisi ise, \u0130ran \u00fczerinden ka\u00e7ak gelenleri, \u0130ran&#8217;a geri g\u00f6ndermek. Sokak ve mahallelerimizi sahiplerine geri vermek zorunday\u0131z. Ancak bu Necip Milletimize de \u0131rk\u00e7\u0131l\u0131k gibi bir leke s\u00fcrmeyecek bi\u00e7imde, hassas bir \u015fekilde yapmak zorunday\u0131z. Bunun \u00fczerinde \u00e7al\u0131\u015f\u0131yoruz. B\u00fcy\u00fck ve uluslararas\u0131 bir projeyi koyaca\u011f\u0131m milletimizin \u00f6n\u00fcne. \u00c7al\u0131\u015ft\u0131\u011f\u0131m\u0131z programda hem s\u0131\u011f\u0131nmac\u0131 i\u015fini \u00e7\u00f6zmek hem de bu s\u00fcre\u00e7te T\u00fcrkiye i\u00e7in Akdeniz b\u00f6lgesinde \u00f6nemli bir siyasal liderlik rol\u00fc olu\u015fturmak var. Milletimiz sabretsin, \u00e7ok k\u0131sa s\u00fcrede bilgilendirece\u011fiz. \u0130kinci meselem, her t\u00fcrl\u00fc ka\u00e7ak giri\u015fi durdurmak. Bize g\u00f6re mesele \u00e7ok basit: S\u0131n\u0131r\u0131n g\u00fcvenli\u011fi ulusal g\u00fcvenliktir. S\u0131n\u0131r g\u00fcvenli\u011fi, egemen bir ulusun en temel ve gerekli sorumlulu\u011fudur. S\u0131n\u0131r\u0131n\u0131 koruyamayan egemen olamaz&#8221; dedi.<br \/>\nHeyet&#8217;in programdaki son adresi ise K\u0131r\u0131khan il\u00e7esinin Bekta\u015fl\u0131&#8217;daki \u00e7ad\u0131rkenti oldu.<\/p>\n","protected":false},"excerpt":{"rendered":"<p>Mersin B\u00fcy\u00fck\u015fehir Belediye Ba\u015fkan\u0131 Vahap Se\u00e7er, Cumhuriyet Halk Partisi (CHP) Genel Ba\u015fkan\u0131 ve Millet \u0130ttifak\u0131 Cumhurba\u015fkan\u0131 Aday\u0131 Kemal K\u0131l\u0131\u00e7daro\u011flu ve B\u00fcy\u00fck\u015fehir Belediye Ba\u015fkanlar\u0131 ile birlikte depremin 37. g\u00fcn\u00fcnde de afet &hellip; <a href=\"https:\/\/akdenizolaygazetesi.com\/?p=24672\" class=\"more-link\">Devam\u0131n\u0131 Oku&#8230;<\/a><\/p>\n","protected":false},"author":2,"featured_media":24673,"comment_status":"open","ping_status":"open","sticky":false,"template":"","format":"standard","meta":[],"categories":[2,3],"tags":[],"_links":{"self":[{"href":"https:\/\/akdenizolaygazetesi.com\/index.php?rest_route=\/wp\/v2\/posts\/24672"}],"collection":[{"href":"https:\/\/akdenizolaygazetesi.com\/index.php?rest_route=\/wp\/v2\/posts"}],"about":[{"href":"https:\/\/akdenizolaygazetesi.com\/index.php?rest_route=\/wp\/v2\/types\/post"}],"author":[{"embeddable":true,"href":"https:\/\/akdenizolaygazetesi.com\/index.php?rest_route=\/wp\/v2\/users\/2"}],"replies":[{"embeddable":true,"href":"https:\/\/akdenizolaygazetesi.com\/index.php?rest_route=%2Fwp%2Fv2%2Fcomments&post=24672"}],"version-history":[{"count":1,"href":"https:\/\/akdenizolaygazetesi.com\/index.php?rest_route=\/wp\/v2\/posts\/24672\/revisions"}],"predecessor-version":[{"id":24674,"href":"https:\/\/akdenizolaygazetesi.com\/index.php?rest_route=\/wp\/v2\/posts\/24672\/revisions\/24674"}],"wp:featuredmedia":[{"embeddable":true,"href":"https:\/\/akdenizolaygazetesi.com\/index.php?rest_route=\/wp\/v2\/media\/24673"}],"wp:attachment":[{"href":"https:\/\/akdenizolaygazetesi.com\/index.php?rest_route=%2Fwp%2Fv2%2Fmedia&parent=24672"}],"wp:term":[{"taxonomy":"category","embeddable":true,"href":"https:\/\/akdenizolaygazetesi.com\/index.php?rest_route=%2Fwp%2Fv2%2Fcategories&post=24672"},{"taxonomy":"post_tag","embeddable":true,"href":"https:\/\/akdenizolaygazetesi.com\/index.php?rest_route=%2Fwp%2Fv2%2Ftags&post=24672"}],"curies":[{"name":"wp","href":"https:\/\/api.w.org\/{rel}","templated":true}]}}