{"id":24678,"date":"2023-03-15T13:37:36","date_gmt":"2023-03-15T10:37:36","guid":{"rendered":"http:\/\/akdenizolaygazetesi.com\/?p=24678"},"modified":"2023-03-15T13:37:36","modified_gmt":"2023-03-15T10:37:36","slug":"vali-ali-hamza-pehlivan-baskanliginda-2023-yili-tarimsal-kuraklik-il-kriz-merkezi-yonetimi-toplantisi-gerceklestirildi","status":"publish","type":"post","link":"https:\/\/akdenizolaygazetesi.com\/?p=24678","title":{"rendered":"VAL\u0130 AL\u0130 HAMZA PEHL\u0130VAN BA\u015eKANLI\u011eINDA 2023 YILI TARIMSAL KURAKLIK \u0130L KR\u0130Z MERKEZ\u0130 Y\u00d6NET\u0130M\u0130 TOPLANTISI GER\u00c7EKLE\u015eT\u0130R\u0130LD\u0130"},"content":{"rendered":"<p>Valimiz Ali Hamza Pehlivan ba\u015fkanl\u0131\u011f\u0131nda, Meteoroloji Genel M\u00fcd\u00fcrl\u00fc\u011f\u00fc taraf\u0131ndan yay\u0131nlanan 3 ayl\u0131k Meteorolojik Kurakl\u0131k Haritas\u0131nda \u0130limizin \u00e7ok \u015fiddetli ve ola\u011fan \u00fcst\u00fc kurak bir d\u00f6neme giren \u0130ller aras\u0131nda yer ald\u0131\u011f\u0131n\u0131n a\u00e7\u0131klanm\u0131\u015f olmas\u0131 ve bu kapsamda s\u00fcrecin \u00f6nemine dikkat \u00e7ekmek, gerekli \u00e7al\u0131\u015fmalar\u0131n yap\u0131lmas\u0131 ve tedbirlerin al\u0131nmas\u0131n\u0131 ivedilikle sa\u011flamak amac\u0131yla 2023 Y\u0131l\u0131 Tar\u0131msal Kurakl\u0131k \u0130l Kriz Merkezi Y\u00f6netimi Toplant\u0131s\u0131 ger\u00e7ekle\u015ftirildi.<\/p>\n<p>Valilik Toplant\u0131 Salonunda ger\u00e7ekle\u015ftirilen toplant\u0131 \u00f6ncesi bir konu\u015fma yapan Vali Pehlivan, Suyun b\u00fct\u00fcn canl\u0131lar\u0131n hayat\u0131n\u0131 devam ettirebilmesi bak\u0131m\u0131ndan ya\u015famsal bir ihtiya\u00e7 oldu\u011funa, ba\u015fl\u0131ca ekonomik faaliyetler a\u00e7\u0131s\u0131ndan, \u00f6zellikle iklim de\u011fi\u015fikli\u011finin en \u00f6nemli etkilerinden olan kurakl\u0131k ve yeralt\u0131 sular\u0131n\u0131n t\u00fckenmeye ba\u015flamas\u0131yla \u00e7a\u011f\u0131m\u0131z\u0131n ve gelece\u011fin en hayati ve stratejik de\u011feri haline geldi\u011fine ve ayr\u0131ca ya\u011f\u0131\u015flar\u0131n, kaydedilen uzun y\u0131llar ortalamas\u0131n\u0131n \u00f6nemli \u00f6l\u00e7\u00fcde alt\u0131na d\u00fc\u015fmesi sonucu arazi ve su kaynaklar\u0131n\u0131n olumsuz etkilenmesi, toprakta bitkinin ihtiyac\u0131n\u0131 kar\u015f\u0131layacak miktarda suyun bulunmamas\u0131 ve hidrolojik dengede bozulmalara neden olan do\u011fa olay\u0131 tar\u0131msal kurakl\u0131\u011fa dikkat \u00e7ekti.<\/p>\n<p>Vali Pehlivan, konu\u015fmas\u0131n\u0131; meteorolojik kurakl\u0131k ve hidrolojik kurakl\u0131k nedeniyle azalan yer \u00fcst\u00fc ve yeralt\u0131 su kaynaklar\u0131m\u0131z\u0131n korunmas\u0131 ve tasarruflu kullan\u0131lmas\u0131n\u0131n ileride ya\u015fanabilecek daha b\u00fcy\u00fck sorunlar\u0131n \u00f6n\u00fcne ge\u00e7ilebilmesi  a\u00e7\u0131s\u0131ndan b\u00fcy\u00fck \u00f6nem arz etti\u011fini vurgulad\u0131.<\/p>\n<p>\u0130l Kriz Merkezi Y\u00f6netimi Toplant\u0131s\u0131, ilgili kurum ve kurulu\u015f temsilcilerinin; \u0130limizin y\u0131ll\u0131k ve ayl\u0131k ya\u011f\u0131\u015f durumu, barajlar\u0131m\u0131z\u0131n doluluk oran\u0131, su kaynaklar\u0131 ve tasarruflu su kullan\u0131m\u0131, i\u00e7ilebilir su kaynaklar\u0131m\u0131z ve su tasarrufu, tar\u0131msal kurakl\u0131k hakk\u0131nda bilgi verilmesi ve tedbir \u00f6nerileri hakk\u0131nda sunumlar yap\u0131lmas\u0131, koordinasyonu gerektiren hususlar\u0131n de\u011ferlendirilmesi ve sorular\u0131n cevapland\u0131r\u0131lmas\u0131n\u0131n ard\u0131ndan uygulanacak tedbirlere ili\u015fkin muhtelif kararlar al\u0131nd\u0131.<\/p>\n<p>Toplant\u0131ya; Vali Yard\u0131mc\u0131lar\u0131, \u0130l\u00e7e Kaymakamlar\u0131, Belediye Ba\u015fkanlar\u0131, kurum ve kurulu\u015flar\u0131n y\u00f6neticileri, akademisyenler, ziraat odalar\u0131 ve sulama birlik ba\u015fkanlar\u0131 kat\u0131ld\u0131.<\/p>\n","protected":false},"excerpt":{"rendered":"<p>Valimiz Ali Hamza Pehlivan ba\u015fkanl\u0131\u011f\u0131nda, Meteoroloji Genel M\u00fcd\u00fcrl\u00fc\u011f\u00fc taraf\u0131ndan yay\u0131nlanan 3 ayl\u0131k Meteorolojik Kurakl\u0131k Haritas\u0131nda \u0130limizin \u00e7ok \u015fiddetli ve ola\u011fan \u00fcst\u00fc kurak bir d\u00f6neme giren \u0130ller aras\u0131nda yer ald\u0131\u011f\u0131n\u0131n a\u00e7\u0131klanm\u0131\u015f &hellip; <a href=\"https:\/\/akdenizolaygazetesi.com\/?p=24678\" class=\"more-link\">Devam\u0131n\u0131 Oku&#8230;<\/a><\/p>\n","protected":false},"author":2,"featured_media":24679,"comment_status":"open","ping_status":"open","sticky":false,"template":"","format":"standard","meta":[],"categories":[34,1,2,3,5],"tags":[],"_links":{"self":[{"href":"https:\/\/akdenizolaygazetesi.com\/index.php?rest_route=\/wp\/v2\/posts\/24678"}],"collection":[{"href":"https:\/\/akdenizolaygazetesi.com\/index.php?rest_route=\/wp\/v2\/posts"}],"about":[{"href":"https:\/\/akdenizolaygazetesi.com\/index.php?rest_route=\/wp\/v2\/types\/post"}],"author":[{"embeddable":true,"href":"https:\/\/akdenizolaygazetesi.com\/index.php?rest_route=\/wp\/v2\/users\/2"}],"replies":[{"embeddable":true,"href":"https:\/\/akdenizolaygazetesi.com\/index.php?rest_route=%2Fwp%2Fv2%2Fcomments&post=24678"}],"version-history":[{"count":1,"href":"https:\/\/akdenizolaygazetesi.com\/index.php?rest_route=\/wp\/v2\/posts\/24678\/revisions"}],"predecessor-version":[{"id":24680,"href":"https:\/\/akdenizolaygazetesi.com\/index.php?rest_route=\/wp\/v2\/posts\/24678\/revisions\/24680"}],"wp:featuredmedia":[{"embeddable":true,"href":"https:\/\/akdenizolaygazetesi.com\/index.php?rest_route=\/wp\/v2\/media\/24679"}],"wp:attachment":[{"href":"https:\/\/akdenizolaygazetesi.com\/index.php?rest_route=%2Fwp%2Fv2%2Fmedia&parent=24678"}],"wp:term":[{"taxonomy":"category","embeddable":true,"href":"https:\/\/akdenizolaygazetesi.com\/index.php?rest_route=%2Fwp%2Fv2%2Fcategories&post=24678"},{"taxonomy":"post_tag","embeddable":true,"href":"https:\/\/akdenizolaygazetesi.com\/index.php?rest_route=%2Fwp%2Fv2%2Ftags&post=24678"}],"curies":[{"name":"wp","href":"https:\/\/api.w.org\/{rel}","templated":true}]}}