{"id":24687,"date":"2023-03-15T13:43:04","date_gmt":"2023-03-15T10:43:04","guid":{"rendered":"http:\/\/akdenizolaygazetesi.com\/?p=24687"},"modified":"2023-03-15T13:43:04","modified_gmt":"2023-03-15T10:43:04","slug":"baskan-yilmazdan-pandemide-vefat-eden-saglik-kahramanlarinin-ailelerine-anlamli-mektup","status":"publish","type":"post","link":"https:\/\/akdenizolaygazetesi.com\/?p=24687","title":{"rendered":"BA\u015eKAN YILMAZ&#8217;DAN, PANDEM\u0130DE VEFAT EDEN SA\u011eLIK KAHRAMANLARININ A\u0130LELER\u0130NE ANLAMLI MEKTUP"},"content":{"rendered":"<p>Toroslar Belediye Ba\u015fkan\u0131 Ats\u0131z Af\u015f\u0131n Y\u0131lmaz, pandemi d\u00f6neminde fedak\u00e2rca \u00e7al\u0131\u015fan ve bu u\u011furda Covid-19&#8217;a yakalanarak ya\u015fam\u0131n\u0131 yitiren sa\u011fl\u0131k \u00e7al\u0131\u015fanlar\u0131n\u0131n ailelerini, 14 Mart T\u0131p Bayram\u0131&#8217;nda unutmad\u0131.<\/p>\n<p>Ba\u015fkan Y\u0131lmaz, sa\u011fl\u0131k kahramanlar\u0131n\u0131n ailelerine mektup yazarak, ac\u0131lar\u0131n\u0131 payla\u015ft\u0131, sab\u0131r ve metanet diledi.<\/p>\n<p>Ba\u015fkan Y\u0131lmaz taraf\u0131ndan kaleme al\u0131nan mektup, sa\u011fl\u0131k kahramanlar\u0131n\u0131n yak\u0131nlar\u0131n\u0131 duyguland\u0131rd\u0131.<\/p>\n<p>&#8220;Pandeminin Kahramanlar\u0131 Sa\u011fl\u0131k \u00c7al\u0131\u015fanlar\u0131d\u0131r&#8221;<\/p>\n<p>Mersin&#8217;de koronavir\u00fcsten hayat\u0131n\u0131 kaybeden 25 sa\u011fl\u0131k \u00e7al\u0131\u015fan\u0131n\u0131n kaidelerinin yer ald\u0131\u011f\u0131 Sa\u011fl\u0131k Kahramanlar\u0131 Park\u0131&#8217;n\u0131 kente kazand\u0131rarak Sa\u011fl\u0131k ordusuna ithaf eden Ba\u015fkan Y\u0131lmaz mektubunda,<br \/>\nCovid-19&#8217;a yakalanarak hayat\u0131n\u0131 kaybeden sa\u011fl\u0131k \u00e7al\u0131\u015fanlar\u0131n\u0131 unutmayacaklar\u0131n\u0131 dile getirerek; &#8220;Maalesef bu y\u0131lki T\u0131p Bayram\u0131&#8217;n\u0131 buruk ge\u00e7iriyoruz. Hepimiz biliyoruz ki, kahramanl\u0131k sadece sava\u015f cephelerinde olmaz. Bizler, sa\u011fl\u0131k \u00e7al\u0131\u015fanlar\u0131m\u0131z\u0131n sab\u0131rla, fedak\u00e2rl\u0131kla verdikleri bu m\u00fccadeleye hep birlikte \u015fahit olduk.  Bu zor s\u00fcre\u00e7te  &#8220;Ya\u015famak m\u0131, ya\u015fatmak m\u0131?&#8221; sorusuna &#8216;ya\u015fatmak&#8217; diye cevap verdiler. Ve canlar\u0131 pahas\u0131na var g\u00fc\u00e7leriyle bu m\u00fccadeleyi omuzlad\u0131lar. Herkesin evinde kalarak kendini izole etmeye \u00e7al\u0131\u015ft\u0131\u011f\u0131 bir d\u00f6nemde ailelerinden uzakta b\u00fcy\u00fck \u00f6zveriyle \u00e7al\u0131\u015fan sa\u011fl\u0131k \u00e7al\u0131\u015fanlar\u0131m\u0131zla gurur duyuyoruz&#8221; dedi.<\/p>\n<p>&#8220;Toroslar Belediyesi olarak her zaman yan\u0131n\u0131zda olmaya devam edece\u011fiz&#8221; diyen Ba\u015fkan Y\u0131lmaz; &#8220;Bu u\u011furda hayat\u0131n\u0131 kaybeden sa\u011fl\u0131k kahramanlar\u0131m\u0131z\u0131n an\u0131s\u0131n\u0131 ya\u015fatmak i\u00e7in 2021 y\u0131l\u0131n\u0131n 14 Mart T\u0131p Bayram\u0131&#8217;nda siz de\u011ferli ailelerimizle birlikte a\u00e7\u0131l\u0131\u015f\u0131n\u0131 yapt\u0131\u011f\u0131m\u0131z Sa\u011fl\u0131k Kahramanlar\u0131 An\u0131t Park\u0131&#8217;n\u0131, sa\u011fl\u0131k ordumuza ithaf ettik. Milletimizin, devletimizin, toplumumuzun sa\u011fl\u0131k \u00e7al\u0131\u015fanlar\u0131m\u0131za olan minnettarl\u0131\u011f\u0131n\u0131n bir ni\u015fanesi olsun istedik. Bu an\u0131t park sadece Toroslar&#8217;\u0131n de\u011fil, sadece Mersin&#8217;in de\u011fil, T\u00fcrkiye&#8217;nin her k\u00f6\u015fesinde g\u00f6rev yapan t\u00fcm sa\u011fl\u0131k kahramanlar\u0131n\u0131nd\u0131r. Bu m\u00fccadelede ya\u015fam\u0131n\u0131 yitiren sa\u011fl\u0131k \u00e7al\u0131\u015fanlar\u0131m\u0131za Allah&#8217;tan rahmet, g\u00f6revi ba\u015f\u0131nda olanlara sa\u011fl\u0131kl\u0131 \u00f6m\u00fcrler diliyorum.&#8221; ifadelerini kulland\u0131.<\/p>\n<p>Ba\u015fkan Y\u0131lmaz&#8217;\u0131n mektubunu alan pandemi kahramanlar\u0131n\u0131n yak\u0131nlar\u0131 ise hat\u0131rlanm\u0131\u015f olmaktan duyduklar\u0131 mutlulu\u011fu dile getirerek; &#8220;Toroslar Belediye Ba\u015fkan\u0131m\u0131z Say\u0131n Ats\u0131z Af\u015f\u0131n Y\u0131lmaz, bizlerin her zaman yan\u0131nda. Bu anlaml\u0131 g\u00fcnde de yine bizleri unutmad\u0131. Kendisine te\u015fekk\u00fcr ediyoruz&#8221; dedi.<\/p>\n","protected":false},"excerpt":{"rendered":"<p>Toroslar Belediye Ba\u015fkan\u0131 Ats\u0131z Af\u015f\u0131n Y\u0131lmaz, pandemi d\u00f6neminde fedak\u00e2rca \u00e7al\u0131\u015fan ve bu u\u011furda Covid-19&#8217;a yakalanarak ya\u015fam\u0131n\u0131 yitiren sa\u011fl\u0131k \u00e7al\u0131\u015fanlar\u0131n\u0131n ailelerini, 14 Mart T\u0131p Bayram\u0131&#8217;nda unutmad\u0131. Ba\u015fkan Y\u0131lmaz, sa\u011fl\u0131k kahramanlar\u0131n\u0131n ailelerine &hellip; <a href=\"https:\/\/akdenizolaygazetesi.com\/?p=24687\" class=\"more-link\">Devam\u0131n\u0131 Oku&#8230;<\/a><\/p>\n","protected":false},"author":2,"featured_media":24688,"comment_status":"open","ping_status":"open","sticky":false,"template":"","format":"standard","meta":[],"categories":[3,5],"tags":[],"_links":{"self":[{"href":"https:\/\/akdenizolaygazetesi.com\/index.php?rest_route=\/wp\/v2\/posts\/24687"}],"collection":[{"href":"https:\/\/akdenizolaygazetesi.com\/index.php?rest_route=\/wp\/v2\/posts"}],"about":[{"href":"https:\/\/akdenizolaygazetesi.com\/index.php?rest_route=\/wp\/v2\/types\/post"}],"author":[{"embeddable":true,"href":"https:\/\/akdenizolaygazetesi.com\/index.php?rest_route=\/wp\/v2\/users\/2"}],"replies":[{"embeddable":true,"href":"https:\/\/akdenizolaygazetesi.com\/index.php?rest_route=%2Fwp%2Fv2%2Fcomments&post=24687"}],"version-history":[{"count":1,"href":"https:\/\/akdenizolaygazetesi.com\/index.php?rest_route=\/wp\/v2\/posts\/24687\/revisions"}],"predecessor-version":[{"id":24689,"href":"https:\/\/akdenizolaygazetesi.com\/index.php?rest_route=\/wp\/v2\/posts\/24687\/revisions\/24689"}],"wp:featuredmedia":[{"embeddable":true,"href":"https:\/\/akdenizolaygazetesi.com\/index.php?rest_route=\/wp\/v2\/media\/24688"}],"wp:attachment":[{"href":"https:\/\/akdenizolaygazetesi.com\/index.php?rest_route=%2Fwp%2Fv2%2Fmedia&parent=24687"}],"wp:term":[{"taxonomy":"category","embeddable":true,"href":"https:\/\/akdenizolaygazetesi.com\/index.php?rest_route=%2Fwp%2Fv2%2Fcategories&post=24687"},{"taxonomy":"post_tag","embeddable":true,"href":"https:\/\/akdenizolaygazetesi.com\/index.php?rest_route=%2Fwp%2Fv2%2Ftags&post=24687"}],"curies":[{"name":"wp","href":"https:\/\/api.w.org\/{rel}","templated":true}]}}