{"id":24695,"date":"2023-03-16T13:22:10","date_gmt":"2023-03-16T10:22:10","guid":{"rendered":"http:\/\/akdenizolaygazetesi.com\/?p=24695"},"modified":"2023-03-16T13:22:10","modified_gmt":"2023-03-16T10:22:10","slug":"bu-sel-afetinden-sonra-da-yerinde-gidip-yapabileceklerimizi-mudahale-edebilecegimiz-alanlari-gozlemleyecegiz","status":"publish","type":"post","link":"https:\/\/akdenizolaygazetesi.com\/?p=24695","title":{"rendered":"&#8220;BU SEL AFET\u0130NDEN SONRA DA YER\u0130NDE G\u0130D\u0130P YAPAB\u0130LECEKLER\u0130M\u0130Z\u0130, M\u00dcDAHALE EDEB\u0130LECE\u011e\u0130M\u0130Z ALANLARI G\u00d6ZLEMLEYECE\u011e\u0130Z&#8221;"},"content":{"rendered":"<p>Mersin B\u00fcy\u00fck\u015fehir Belediye Ba\u015fkan\u0131 Vahap Se\u00e7er, TGRT Haber TV&#8217;de Yaprak H\u0131rka Y\u0131ld\u0131z ile G\u00fcndem Ekonomi program\u0131n\u0131n canl\u0131 yay\u0131n konu\u011fu oldu.  Ba\u015fkan Se\u00e7er, ya\u015fanan deprem felaketinin ard\u0131ndan Mersin&#8217;e yakla\u015f\u0131k 400 bine yak\u0131n g\u00f6\u00e7\u00fcn oldu\u011funu ve bu ya\u015fanan ani n\u00fcfus hareketi dolay\u0131s\u0131yla da geciken yat\u0131r\u0131mlar\u0131n bir an \u00f6nce yap\u0131lmas\u0131 gerekti\u011fi iste\u011fini yineledi. Ba\u015fkan Se\u00e7er, &#8220;N\u00fcfus art\u0131\u015f\u0131ndan kaynakl\u0131 yeni projeksiyon ve yeni projelerin Mersin&#8217;de hayata ge\u00e7irilmesinin ivedi oldu\u011funu bir kez daha hat\u0131rlatmak istiyorum&#8221; dedi.<\/p>\n<p>Yaprak H\u0131rka Y\u0131ld\u0131z&#8217;\u0131n deprem b\u00f6lgesi \u015eanl\u0131urfa, Malatya ve Ad\u0131yaman&#8217;\u0131 vuran sel felaketine ili\u015fkin, &#8220;Sizin b\u00f6lgeden yard\u0131m \u00e7\u0131kt\u0131 m\u0131 o noktaya do\u011fru?&#8221; sorusu \u00fczerine Mersin B\u00fcy\u00fck\u015fehir Belediye Ba\u015fkan\u0131 Vahap Se\u00e7er,  d\u00fcn Hatay&#8217;da deprem b\u00f6lgesinde bulundu\u011funu ve oras\u0131n\u0131n da yo\u011fun ya\u011f\u0131\u015f ald\u0131\u011f\u0131n\u0131 s\u00f6yledi. Ba\u015fkan Se\u00e7er, &#8220;D\u00fcn Hatay b\u00f6lgesindeydim ben. Yo\u011fun bir ya\u011f\u0131\u015f vard\u0131 ve Do\u011fu&#8217;ya do\u011fru zaten ya\u011f\u0131\u015f yo\u011funla\u015f\u0131yordu. Tam da Ad\u0131yaman, Malatya, \u015eanl\u0131urfa; o b\u00f6lgelerde yo\u011fun ya\u011f\u0131\u015f ald\u0131\u011f\u0131n\u0131 s\u00f6yleyebilirim. Zaten Mersin de ya\u011f\u0131\u015fl\u0131. Ad\u0131yaman&#8217;da 1 vatanda\u015f\u0131m\u0131z hayat\u0131n\u0131 kaybetmi\u015f, haberi geldi. Allah&#8217;tan rahmet diliyorum. Deprem felaketinin \u00fczerine bir de sel felaketi ya\u015fand\u0131. Hatay&#8217;da da a\u015f\u0131r\u0131 ya\u011f\u0131\u015flar, \u00f6zellikle \u00e7ad\u0131rkentlerde b\u00fcy\u00fck sorunlara sebebiyet vermi\u015f. Di\u011fer b\u00f6lgelerde de ayn\u0131 durumla kar\u015f\u0131 kar\u015f\u0131ya kal\u0131yoruz&#8221; dedi.<br \/>\n&#8220;Yaralar\u0131n bir an \u00f6nce sar\u0131lmas\u0131 i\u00e7in elimizden gelen katk\u0131y\u0131 sa\u011fl\u0131yoruz&#8221;<br \/>\nCumhuriyet Halk Partisi taraf\u0131ndan Mersin B\u00fcy\u00fck\u015fehir Belediyesi olarak Ad\u0131yaman&#8217;\u0131n koordinasyonunun kendilerine verildi\u011fini hat\u0131rlatan Ba\u015fkan Se\u00e7er, &#8220;Ad\u0131yaman&#8217;da \u015fu anda biz konteyner kent imal ediyoruz. Bir kent yap\u0131yoruz 670 konteynerlik. Yakla\u015f\u0131k 3 bin 500, 4 bin insan\u0131m\u0131z\u0131n da ya\u015fayabilece\u011fi bir alan \u00e7al\u0131\u015fmam\u0131z var. \u00c7ok da teferruatl\u0131, gayet g\u00fczel, altyap\u0131s\u0131, \u00fcstyap\u0131s\u0131, sosyal donat\u0131 alanlar\u0131yla, hatta sahra hastanesi ile \u00e7ok g\u00fczel bir konteyner kent olu\u015fturuyoruz. S\u00fcratle de \u00e7al\u0131\u015fmalar\u0131m\u0131z devam ediyor. \u00d6n\u00fcm\u00fczdeki g\u00fcnlerde de vatanda\u015flar\u0131m\u0131z\u0131 oraya alaca\u011f\u0131z. Tabi ki bunu AFAD ile beraber y\u00fcr\u00fct\u00fcyoruz. Bizim di\u011fer belediyelerimiz de, bizim d\u0131\u015f\u0131m\u0131zda belediyelerimiz var. Ayd\u0131n B\u00fcy\u00fck\u015fehir Belediyemiz, il belediyesi olarak Bolu ve Burdur ve il\u00e7e belediyelerimizle beraber bu \u00e7al\u0131\u015fmalar\u0131 s\u00fcrd\u00fcr\u00fcyoruz. Bir imece \u015feklinde ama koordinasyon Mersin B\u00fcy\u00fck\u015fehir&#8217;e ait&#8221; diye konu\u015ftu.<br \/>\nB\u00f6lgede sunulan sosyal yard\u0131mlar ile sa\u011fl\u0131k alan\u0131ndaki yard\u0131mlar\u0131ndan da s\u00f6z eden Ba\u015fkan Se\u00e7er, &#8220;Orada ayr\u0131ca bizim Sosyal Hizmetler Dairemizden arkada\u015flar\u0131m\u0131z var. Hem psiko-sosyal destekler sunuyorlar, alan\u0131 tar\u0131yorlar. Doktorlar\u0131m\u0131z var, di\u015f hekimlerimiz var. Vatanda\u015flar\u0131m\u0131zla i\u00e7 i\u00e7e biz de Mersin B\u00fcy\u00fck\u015fehir Belediyesi olarak bu felaketten sonra yaralar\u0131n bir an \u00f6nce sar\u0131lmas\u0131 i\u00e7in elimizden gelen katk\u0131y\u0131 sa\u011fl\u0131yoruz. Zaten Ad\u0131yaman&#8217;a daha \u00f6nce de gittim, bulundum ve \u00f6n\u00fcm\u00fczdeki g\u00fcnlerde, hele hele \u015fimdi bu sel afetinden sonra da tabi ki yerinde gidip yapabileceklerimizi, m\u00fcdahale edebilece\u011fimiz alanlar\u0131 orada g\u00f6zlemleyece\u011fiz&#8221; ifadelerini kulland\u0131.<br \/>\n&#8220;Ani bir n\u00fcfus hareketi, ya\u015fam ak\u0131\u015f\u0131 i\u00e7erisindeki dengelere olumsuz tesir edecek&#8221;<br \/>\nYaprak H\u0131rka Y\u0131ld\u0131z&#8217;\u0131n, &#8220;Mersin&#8217;in de ya\u015fam\u0131\u015f oldu\u011fu s\u0131k\u0131nt\u0131lar var. Yo\u011fun g\u00f6\u00e7 alt\u0131nda. Ayn\u0131 Mersin gibi Konya ve Antalya&#8217;y\u0131 da g\u00f6r\u00fcyoruz tabi ki. Beklentiler nelerdir, hangi anlamda e\u011fer \u00f6nlem al\u0131nmazsa bir tak\u0131m s\u0131k\u0131nt\u0131lar ya\u015fanacak?&#8221; sorusu \u00fczerine Ba\u015fkan Se\u00e7er, insanlar\u0131n ilk g\u00fcnlerden itibaren hem afet b\u00f6lgesine \u00e7ok yak\u0131n bir il olmas\u0131ndan hem de b\u00f6lge ile akrabal\u0131k ili\u015fkilerinin yo\u011fun olmas\u0131ndan dolay\u0131 Mersin&#8217;in yo\u011fun bir g\u00f6\u00e7 ald\u0131\u011f\u0131n\u0131 belirtti. Ba\u015fkan Se\u00e7er bu konuyla ilgili, su t\u00fcketimi, kat\u0131 at\u0131k miktar\u0131, \u00c7a\u011fr\u0131 Merkezi&#8217;ne gelen \u00e7a\u011fr\u0131lar, trafik ve fiyatlardaki art\u0131\u015f gibi referans al\u0131nabilecek bir\u00e7ok veri oldu\u011funu kaydederek, &#8220;Bunlar \u00fczerinden gitti\u011fimiz zaman 350-400 bin civar\u0131nda vatanda\u015f\u0131m\u0131z\u0131n buraya geldi\u011fini d\u00fc\u015f\u00fcn\u00fcyoruz. Bu 350 bin vatanda\u015f\u0131m\u0131z yerli vatanda\u015f\u0131m\u0131z, 50 bin de s\u0131\u011f\u0131nmac\u0131 geldi\u011fini varsayd\u0131\u011f\u0131m\u0131z zaman da 400 bin \u00e7ok rahat burada oradan insan geldi. Tabi bu ani bir n\u00fcfus hareketi oldu\u011fu i\u00e7in, kentin altyap\u0131s\u0131na, \u00fcstyap\u0131s\u0131na, normal s\u00fcregiden ya\u015fam ak\u0131\u015f\u0131 i\u00e7erisindeki dengelere de olumsuz tesir edecek. Bu do\u011fald\u0131r. Bunda bir \u015fikayet \u00e7\u0131kartmay\u0131n l\u00fctfen. Mutlaka bunlar bizim yurtta\u015f\u0131m\u0131z, vatanda\u015f\u0131m\u0131z, onlar\u0131 ba\u011fr\u0131m\u0131za basaca\u011f\u0131z, orada bir sorun yok&#8221; dedi.<br \/>\n&#8220;\u00d6ng\u00f6r\u00fcl\u00fc projeksiyonlar yap\u0131p, derhal \u00f6nlem alman\u0131z gerekiyor&#8221;<br \/>\nOlu\u015fturulan Ge\u00e7ici Bar\u0131nma Merkezlerinde hem B\u00fcy\u00fck\u015fehir Belediyesi&#8217;nin hem de di\u011fer kurumlar\u0131n vatanda\u015flara ellerinden gelen hizmeti yapt\u0131klar\u0131n\u0131 belirten Ba\u015fkan Se\u00e7er, &#8220;T\u00fcm gayretlerimizle, \u00e7al\u0131\u015fma arkada\u015flar\u0131m\u0131zla beraber 24 saat onlar\u0131n yan\u0131nda oluyoruz ama bu bir realite. Bunu g\u00f6rmek laz\u0131m ve bu gelen vatanda\u015flar\u0131m\u0131z\u0131n \u00f6nemli bir k\u0131sm\u0131n\u0131n da bir s\u00fcre, belki de daha da uzun s\u00fcre, belki de hayatlar\u0131 boyunca buray\u0131 kendilerine memleket edinebileceklerini g\u00f6r\u00fcyoruz. Bunun i\u00e7in kahin olmaya gerek yok. Daha \u00f6nceki ya\u015fanan d\u00fcnyada, \u00fclkemizdeki bu tip do\u011fal afetler ya da farkl\u0131 gerek\u00e7elerle yo\u011fun g\u00f6\u00e7lerin ya\u015fand\u0131\u011f\u0131 d\u00f6nemlerdeki tablolara bakarak bunu \u00e7\u0131kartabiliriz. Ben bu \u00f6ng\u00f6r\u00fcy\u00fc yap\u0131yorum kentin Belediye Ba\u015fkan\u0131 olarak; 35-40 bin ailenin burada kalabilece\u011fini \u00f6ng\u00f6r\u00fcyorum \u015fimdiden. Bu da 200-250 bin n\u00fcfus demektir. Bu kentin zaten deprem \u00f6ncesi yerli n\u00fcfusu 1.9 milyon, 400 bin de s\u0131\u011f\u0131nmac\u0131 y\u00fck\u00fc vard\u0131, 2.3 milyon n\u00fcfusu vard\u0131. Bu son deprem dolay\u0131s\u0131yla n\u00fcfus transferinden sonra, g\u00f6\u00e7ten sonra bu n\u00fcfus \u015fu anda yakla\u015f\u0131k olarak 2.7 milyon seviyelerine geldi ve geri d\u00f6n\u00fc\u015fler de olsa bunun 2 bu\u00e7uk milyonlar\u0131n a\u015fa\u011f\u0131s\u0131nda bundan sonra Mersin&#8217;de olmayaca\u011f\u0131n\u0131 \u00e7ok net s\u00f6yleyebilirim. Bu nedenle de tabi ki \u00f6ng\u00f6r\u00fcl\u00fc projeksiyonlar yap\u0131p, derhal \u00f6nlem alman\u0131z gerekiyor&#8221; \u015feklinde konu\u015ftu.<br \/>\nBa\u015fkan Se\u00e7er son olarak ise;  &#8220;Mutlaka biz belediye olarak g\u00f6revimizi yapaca\u011f\u0131z ama Merkezi H\u00fck\u00fcmet&#8217;ten de beklentilerimizi bir kez daha sizin arac\u0131l\u0131\u011f\u0131n\u0131zla burada tekrar edeyim. Ba\u015fta, geciken yat\u0131r\u0131mlar\u0131m\u0131z, Merkezi H\u00fck\u00fcmet&#8217;in iznine ba\u011fl\u0131 ya da Merkezi H\u00fck\u00fcmet&#8217;e ba\u011fl\u0131 kurumlar\u0131n yapt\u0131\u011f\u0131 yat\u0131r\u0131mlar\u0131n bir an \u00f6nce hayata ge\u00e7irilmesi gerekiyor. Ard\u0131na da n\u00fcfus art\u0131\u015f\u0131ndan kaynakl\u0131 yeni projeksiyon ve yeni projelerin Mersin&#8217;de hayata ge\u00e7irilmesinin ivedi oldu\u011funu bir kez daha hat\u0131rlatmak istiyorum&#8221; dedi.<\/p>\n","protected":false},"excerpt":{"rendered":"<p>Mersin B\u00fcy\u00fck\u015fehir Belediye Ba\u015fkan\u0131 Vahap Se\u00e7er, TGRT Haber TV&#8217;de Yaprak H\u0131rka Y\u0131ld\u0131z ile G\u00fcndem Ekonomi program\u0131n\u0131n canl\u0131 yay\u0131n konu\u011fu oldu. Ba\u015fkan Se\u00e7er, ya\u015fanan deprem felaketinin ard\u0131ndan Mersin&#8217;e yakla\u015f\u0131k 400 bine &hellip; <a href=\"https:\/\/akdenizolaygazetesi.com\/?p=24695\" class=\"more-link\">Devam\u0131n\u0131 Oku&#8230;<\/a><\/p>\n","protected":false},"author":2,"featured_media":24696,"comment_status":"open","ping_status":"open","sticky":false,"template":"","format":"standard","meta":[],"categories":[2,3],"tags":[],"_links":{"self":[{"href":"https:\/\/akdenizolaygazetesi.com\/index.php?rest_route=\/wp\/v2\/posts\/24695"}],"collection":[{"href":"https:\/\/akdenizolaygazetesi.com\/index.php?rest_route=\/wp\/v2\/posts"}],"about":[{"href":"https:\/\/akdenizolaygazetesi.com\/index.php?rest_route=\/wp\/v2\/types\/post"}],"author":[{"embeddable":true,"href":"https:\/\/akdenizolaygazetesi.com\/index.php?rest_route=\/wp\/v2\/users\/2"}],"replies":[{"embeddable":true,"href":"https:\/\/akdenizolaygazetesi.com\/index.php?rest_route=%2Fwp%2Fv2%2Fcomments&post=24695"}],"version-history":[{"count":1,"href":"https:\/\/akdenizolaygazetesi.com\/index.php?rest_route=\/wp\/v2\/posts\/24695\/revisions"}],"predecessor-version":[{"id":24697,"href":"https:\/\/akdenizolaygazetesi.com\/index.php?rest_route=\/wp\/v2\/posts\/24695\/revisions\/24697"}],"wp:featuredmedia":[{"embeddable":true,"href":"https:\/\/akdenizolaygazetesi.com\/index.php?rest_route=\/wp\/v2\/media\/24696"}],"wp:attachment":[{"href":"https:\/\/akdenizolaygazetesi.com\/index.php?rest_route=%2Fwp%2Fv2%2Fmedia&parent=24695"}],"wp:term":[{"taxonomy":"category","embeddable":true,"href":"https:\/\/akdenizolaygazetesi.com\/index.php?rest_route=%2Fwp%2Fv2%2Fcategories&post=24695"},{"taxonomy":"post_tag","embeddable":true,"href":"https:\/\/akdenizolaygazetesi.com\/index.php?rest_route=%2Fwp%2Fv2%2Ftags&post=24695"}],"curies":[{"name":"wp","href":"https:\/\/api.w.org\/{rel}","templated":true}]}}