{"id":24698,"date":"2023-03-16T13:23:41","date_gmt":"2023-03-16T10:23:41","guid":{"rendered":"http:\/\/akdenizolaygazetesi.com\/?p=24698"},"modified":"2023-03-16T13:23:41","modified_gmt":"2023-03-16T10:23:41","slug":"buyuksehirin-dalgiclari-sanliurfaya-ulasmak-uzere-yola-cikti","status":"publish","type":"post","link":"https:\/\/akdenizolaygazetesi.com\/?p=24698","title":{"rendered":"B\u00dcY\u00dcK\u015eEH\u0130R&#8217;\u0130N DALGI\u00c7LARI, \u015eANLIURFA&#8217;YA ULA\u015eMAK \u00dcZERE YOLA \u00c7IKTI"},"content":{"rendered":"<p>Mersin B\u00fcy\u00fck\u015fehir Belediyesi, yo\u011fun ya\u011f\u0131\u015flar nedeniyle sel felaketinin ya\u015fand\u0131\u011f\u0131 \u015eanl\u0131urfa&#8217;da arama ve kurtarma \u00e7al\u0131\u015fmalar\u0131na destek olmak \u00fczere ekip g\u00f6nderdi. \u0130tfaiye Dairesi Ba\u015fkanl\u0131\u011f\u0131&#8217;na ba\u011fl\u0131 1 bot kaptan\u0131 ve 4 dalg\u0131\u00e7tan olu\u015fan ekip, su alt\u0131 ve su \u00fcst\u00fc arama kurtarma \u00e7al\u0131\u015fmalar\u0131nda b\u00f6lgedeki ekiplere destek olacak. Ayr\u0131ca b\u00f6lgeye 1 ara\u00e7la 5 adet motopomp da g\u00f6nderildi.<br \/>\nDalg\u0131\u00e7lar, \u015eanl\u0131urfa&#8217;ya ula\u015fmak \u00fczere yola \u00e7\u0131kt\u0131<br \/>\nK\u0131sa s\u00fcre \u00f6nce ya\u015fanan deprem felaketi ile sars\u0131lan illerden olan Ad\u0131yaman, \u015eanl\u0131urfa ve Malatya bu kez de sel felaketi ile kar\u015f\u0131 kar\u015f\u0131ya kald\u0131. 2 g\u00fcnd\u00fcr s\u00fcren yo\u011fun ya\u011f\u0131\u015flar nedeniyle baz\u0131 il\u00e7eler sular alt\u0131nda kal\u0131rken, depremzedelerin kald\u0131\u011f\u0131 \u00e7ad\u0131rlar ve konteyner kentler de sel ve su bask\u0131nlar\u0131ndan etkilendi.<br \/>\nMersin B\u00fcy\u00fck\u015fehir Belediyesi de selin vurdu\u011fu \u015eanl\u0131urfa&#8217;da arama kurtarma \u00e7al\u0131\u015fmalar\u0131na destek olmak \u00fczere, \u0130tfaiye Dairesi Ba\u015fkanl\u0131\u011f\u0131&#8217;nda g\u00f6revli dalg\u0131\u00e7lar\u0131n\u0131 b\u00f6lgeye g\u00f6nderdi. Ekip, b\u00f6lgede s\u00fcren su alt\u0131 ve su \u00fcst\u00fc arama kurtarma \u00e7al\u0131\u015fmalar\u0131na destek verecek. Zodyak bot, su alt\u0131 arama kurtarma arac\u0131 ve malzeme arac\u0131yla tam te\u00e7hizat yola \u00e7\u0131kan ekip, k\u0131sa s\u00fcre sonra b\u00f6lgeye ula\u015facak.<br \/>\nY\u0131ld\u0131z: &#8220;Su alt\u0131 ve su \u00fcst\u00fc arama kurtarma \u00e7al\u0131\u015fmas\u0131 ger\u00e7ekle\u015ftirece\u011fiz&#8221;<br \/>\n\u0130tfaiye Daire Ba\u015fkanl\u0131\u011f\u0131&#8217;nda Su Alt\u0131 Arama Kurtarma Amiri olarak g\u00f6rev yapan Kas\u0131m Y\u0131ld\u0131z, &#8220;\u0130ki ara\u00e7, bir tane zodyak botumuzla, her t\u00fcrl\u00fc su alt\u0131 ve su \u00fcst\u00fc arama kurtarma faaliyetini icra etmek i\u00e7in g\u00f6revlendirildik. Mersin B\u00fcy\u00fck\u015fehir Belediyesi olarak, Urfa&#8217;daki sel bask\u0131n\u0131nda, Urfal\u0131 vatanda\u015flar\u0131m\u0131z\u0131n yan\u0131nda olmak i\u00e7in yola \u00e7\u0131kt\u0131k. Halk\u0131m\u0131z\u0131n yan\u0131nday\u0131z. Her t\u00fcrl\u00fc arama kurtarma faaliyeti i\u00e7in haz\u0131r\u0131z&#8221; dedi.<\/p>\n","protected":false},"excerpt":{"rendered":"<p>Mersin B\u00fcy\u00fck\u015fehir Belediyesi, yo\u011fun ya\u011f\u0131\u015flar nedeniyle sel felaketinin ya\u015fand\u0131\u011f\u0131 \u015eanl\u0131urfa&#8217;da arama ve kurtarma \u00e7al\u0131\u015fmalar\u0131na destek olmak \u00fczere ekip g\u00f6nderdi. \u0130tfaiye Dairesi Ba\u015fkanl\u0131\u011f\u0131&#8217;na ba\u011fl\u0131 1 bot kaptan\u0131 ve 4 dalg\u0131\u00e7tan olu\u015fan &hellip; <a href=\"https:\/\/akdenizolaygazetesi.com\/?p=24698\" class=\"more-link\">Devam\u0131n\u0131 Oku&#8230;<\/a><\/p>\n","protected":false},"author":2,"featured_media":24699,"comment_status":"open","ping_status":"open","sticky":false,"template":"","format":"standard","meta":[],"categories":[2,3],"tags":[],"_links":{"self":[{"href":"https:\/\/akdenizolaygazetesi.com\/index.php?rest_route=\/wp\/v2\/posts\/24698"}],"collection":[{"href":"https:\/\/akdenizolaygazetesi.com\/index.php?rest_route=\/wp\/v2\/posts"}],"about":[{"href":"https:\/\/akdenizolaygazetesi.com\/index.php?rest_route=\/wp\/v2\/types\/post"}],"author":[{"embeddable":true,"href":"https:\/\/akdenizolaygazetesi.com\/index.php?rest_route=\/wp\/v2\/users\/2"}],"replies":[{"embeddable":true,"href":"https:\/\/akdenizolaygazetesi.com\/index.php?rest_route=%2Fwp%2Fv2%2Fcomments&post=24698"}],"version-history":[{"count":1,"href":"https:\/\/akdenizolaygazetesi.com\/index.php?rest_route=\/wp\/v2\/posts\/24698\/revisions"}],"predecessor-version":[{"id":24700,"href":"https:\/\/akdenizolaygazetesi.com\/index.php?rest_route=\/wp\/v2\/posts\/24698\/revisions\/24700"}],"wp:featuredmedia":[{"embeddable":true,"href":"https:\/\/akdenizolaygazetesi.com\/index.php?rest_route=\/wp\/v2\/media\/24699"}],"wp:attachment":[{"href":"https:\/\/akdenizolaygazetesi.com\/index.php?rest_route=%2Fwp%2Fv2%2Fmedia&parent=24698"}],"wp:term":[{"taxonomy":"category","embeddable":true,"href":"https:\/\/akdenizolaygazetesi.com\/index.php?rest_route=%2Fwp%2Fv2%2Fcategories&post=24698"},{"taxonomy":"post_tag","embeddable":true,"href":"https:\/\/akdenizolaygazetesi.com\/index.php?rest_route=%2Fwp%2Fv2%2Ftags&post=24698"}],"curies":[{"name":"wp","href":"https:\/\/api.w.org\/{rel}","templated":true}]}}