{"id":24701,"date":"2023-03-16T13:28:52","date_gmt":"2023-03-16T10:28:52","guid":{"rendered":"http:\/\/akdenizolaygazetesi.com\/?p=24701"},"modified":"2023-03-16T13:28:52","modified_gmt":"2023-03-16T10:28:52","slug":"mersin-cemevi-yonetici-ve-pirlerinden-kiliselere-deprem-ziyareti","status":"publish","type":"post","link":"https:\/\/akdenizolaygazetesi.com\/?p=24701","title":{"rendered":"Mersin Cemevi y\u00f6netici ve pirlerinden kiliselere deprem ziyareti"},"content":{"rendered":"<p>Mersin Cemevi Ba\u015fkan\u0131 Pir Hasan K\u0131lavuz, \u0130nan\u00e7 Kurulu Erdo\u011fan Sevin ve \u0130nan\u00e7 Kurulu \u00dcyesi Baki Erdo\u011fan Dede, Mersin&#8217;de bulunan kiliseleri ziyaret ederek, kiliselerin deprem \u00e7al\u0131\u015fmalar\u0131 hakk\u0131nda bilgi ald\u0131. K\u0131lavuz, Alevi toplumunun Hristiyan yurtta\u015flar\u0131n yan\u0131nda oldu\u011funu belirterek, Rahip Roshan Cordeiro ile birlikte, depremde Hakk&#8217;a y\u00fcr\u00fcyenler i\u00e7in \u00e7era\u011f uyand\u0131rd\u0131. <\/p>\n<p>Mersin Cemevi Ba\u015fkan\u0131 Pir Hasan K\u0131lavuz ve \u0130nan\u00e7 Kurulu Ba\u015fkan\u0131 Erdo\u011fan Sevin ve \u0130nan\u00e7 Kurulu \u00dcyesi Baki Erdo\u011fan ile birlikte Mersin&#8217;de bulunan Mersin Latin Katolik Kilisesini ve Mersin Rum Kilisesini ziyaret etti. <\/p>\n<p>Mersin Latin Katolik Kilisesinde deprem felaketi nedeniyle Hatay&#8217;dan gelen yurtta\u015flar\u0131n dertlerini dinleyip, depremde Hakk&#8217;a y\u00fcr\u00fcyenlerin an\u0131s\u0131na \u00e7era\u011f uyand\u0131r\u0131l\u0131p, g\u00fclbank okundu. <\/p>\n<p>Mersin Latin Katolik Kilisesi Ba\u015f Rahibi Roshan Cordeiro, &#8220;Depremden dolay\u0131 bir\u00e7ok can\u0131m\u0131z\u0131 Kilisede misafir ettik. \u0130lk 15 g\u00fcn \u00f6nemli sorunlarla kar\u015f\u0131 kar\u015f\u0131ya kald\u0131k. Mersin Cemevinin kilisemize \u00e7ok \u00f6nemli katk\u0131lar\u0131 olmu\u015ftur. Yard\u0131mlar\u0131ndan dolay\u0131 \u00e7ok te\u015fekk\u00fcr ederiz. &#8216;Cemevimizin oca\u011f\u0131 s\u00f6nene kadar, biz size yemek deste\u011fi sunaca\u011f\u0131z&#8217; s\u00f6zleri beni derinden etkiledi. Katk\u0131lar\u0131ndan dolay\u0131 Mersin Cemevine te\u015fekk\u00fcr ederiz&#8221; diye konu\u015ftu. <\/p>\n<p>Mersin Cemevi Ba\u015fkan\u0131 Pir Hasan K\u0131lavuz da, &#8220;Mersin Cemevi olarak her zaman kilisenin yan\u0131nday\u0131z. &#8216;Hizmet insanad\u0131r&#8217; desturu \u00f6n plandad\u0131r. Bize d\u00fc\u015fen g\u00f6rev neyse sonuna kadar yapmaya haz\u0131r\u0131z&#8221; dedi. <\/p>\n<p>Mersin Latin Katolik Kilisesinin ard\u0131ndan Cemevi heyeti Mersin Rum Kilisesini ziyaret etti. Yap\u0131lan ziyarette konu\u015fan Mersin Rum Kilisesi Papaz\u0131 Co\u015fkun Teymur, deprem s\u0131ras\u0131nda Hatay&#8217;da oldu\u011funu ve \u00e7ok b\u00fcy\u00fck felaket ya\u015fand\u0131\u011f\u0131n\u0131 aktararak, cemevine desteklerinden dolay\u0131 te\u015fekk\u00fcr etti. <\/p>\n<p>Beyruttan gelen Ruhani Lider Episkopis Arsenyos ile Mersin Cemevi Ba\u015fkan\u0131 Pir Hasan K\u0131lavuz deprem ile ilgili sohbet etti. <\/p>\n","protected":false},"excerpt":{"rendered":"<p>Mersin Cemevi Ba\u015fkan\u0131 Pir Hasan K\u0131lavuz, \u0130nan\u00e7 Kurulu Erdo\u011fan Sevin ve \u0130nan\u00e7 Kurulu \u00dcyesi Baki Erdo\u011fan Dede, Mersin&#8217;de bulunan kiliseleri ziyaret ederek, kiliselerin deprem \u00e7al\u0131\u015fmalar\u0131 hakk\u0131nda bilgi ald\u0131. K\u0131lavuz, Alevi &hellip; <a href=\"https:\/\/akdenizolaygazetesi.com\/?p=24701\" class=\"more-link\">Devam\u0131n\u0131 Oku&#8230;<\/a><\/p>\n","protected":false},"author":2,"featured_media":24702,"comment_status":"open","ping_status":"open","sticky":false,"template":"","format":"standard","meta":[],"categories":[2,3],"tags":[],"_links":{"self":[{"href":"https:\/\/akdenizolaygazetesi.com\/index.php?rest_route=\/wp\/v2\/posts\/24701"}],"collection":[{"href":"https:\/\/akdenizolaygazetesi.com\/index.php?rest_route=\/wp\/v2\/posts"}],"about":[{"href":"https:\/\/akdenizolaygazetesi.com\/index.php?rest_route=\/wp\/v2\/types\/post"}],"author":[{"embeddable":true,"href":"https:\/\/akdenizolaygazetesi.com\/index.php?rest_route=\/wp\/v2\/users\/2"}],"replies":[{"embeddable":true,"href":"https:\/\/akdenizolaygazetesi.com\/index.php?rest_route=%2Fwp%2Fv2%2Fcomments&post=24701"}],"version-history":[{"count":1,"href":"https:\/\/akdenizolaygazetesi.com\/index.php?rest_route=\/wp\/v2\/posts\/24701\/revisions"}],"predecessor-version":[{"id":24703,"href":"https:\/\/akdenizolaygazetesi.com\/index.php?rest_route=\/wp\/v2\/posts\/24701\/revisions\/24703"}],"wp:featuredmedia":[{"embeddable":true,"href":"https:\/\/akdenizolaygazetesi.com\/index.php?rest_route=\/wp\/v2\/media\/24702"}],"wp:attachment":[{"href":"https:\/\/akdenizolaygazetesi.com\/index.php?rest_route=%2Fwp%2Fv2%2Fmedia&parent=24701"}],"wp:term":[{"taxonomy":"category","embeddable":true,"href":"https:\/\/akdenizolaygazetesi.com\/index.php?rest_route=%2Fwp%2Fv2%2Fcategories&post=24701"},{"taxonomy":"post_tag","embeddable":true,"href":"https:\/\/akdenizolaygazetesi.com\/index.php?rest_route=%2Fwp%2Fv2%2Ftags&post=24701"}],"curies":[{"name":"wp","href":"https:\/\/api.w.org\/{rel}","templated":true}]}}