{"id":24707,"date":"2023-03-16T17:22:15","date_gmt":"2023-03-16T14:22:15","guid":{"rendered":"http:\/\/akdenizolaygazetesi.com\/?p=24707"},"modified":"2023-03-16T17:22:15","modified_gmt":"2023-03-16T14:22:15","slug":"toroslar-belediyesinden-iscilerin-maaslarina-yuzde-30-zam","status":"publish","type":"post","link":"https:\/\/akdenizolaygazetesi.com\/?p=24707","title":{"rendered":"TOROSLAR BELED\u0130YES\u0130NDEN, \u0130\u015e\u00c7\u0130LER\u0130N MAA\u015eLARINA Y\u00dcZDE 30 ZAM"},"content":{"rendered":"<p>Toroslar Belediyesi ile Belediye \u0130\u015f Sendikas\u0131 aras\u0131nda imzalanan Toplu \u0130\u015f S\u00f6zle\u015fmesi, belediye \u00e7al\u0131\u015fanlar\u0131n\u0131n y\u00fcz\u00fcn\u00fc g\u00fcld\u00fcrd\u00fc.<\/p>\n<p>1 Mart 2023 tarihinden ge\u00e7erli olmak \u00fczere ilk 6 ay i\u00e7in belediyede \u00e7al\u0131\u015fan daimi i\u015f\u00e7ilerin maa\u015flar\u0131na ve sosyal haklar\u0131na y\u00fczde 30 oran\u0131nda zam yap\u0131ld\u0131. Daimi i\u015f\u00e7ilerin, 1 Eyl\u00fcl 2023 tarihi itibariyle ek zam alacaklar\u0131 da bildirildi.<\/p>\n<p>BA\u015eKAN YILMAZ: &#8220;PERSONEL\u0130M\u0130Z\u0130N HER ZAMAN YANINDAYIZ&#8221;<\/p>\n<p>Toroslar Belediye Ba\u015fkan\u0131 Ats\u0131z Af\u015f\u0131n Y\u0131lmaz, personelin hem \u00fccretini hem de sosyal haklar\u0131n\u0131 iyile\u015ftiren Toplu \u0130\u015f S\u00f6zle\u015fmesi&#8217;nin hay\u0131rl\u0131 olmas\u0131n\u0131 diledi.<\/p>\n<p>Verilen her eme\u011fin ve al\u0131n terinin kutsal oldu\u011funu ifade eden Ba\u015fkan Y\u0131lmaz, ekip ruhu i\u00e7erisinde canla ba\u015fla \u00e7al\u0131\u015fan t\u00fcm personeline te\u015fekk\u00fcr ederek; &#8220;Toplu \u0130\u015f S\u00f6zle\u015fmemizi imzalad\u0131k. Daimi i\u015f\u00e7ilerimizin maa\u015flar\u0131na ve sosyal haklar\u0131na 1 Mart 2023 tarihinden ge\u00e7erli olmak \u00fczere ilk 6 ay i\u00e7in y\u00fczde 30 zam yapt\u0131k. Personelimize destek olmaktan memnuniyet duyuyor, Toplu \u0130\u015f S\u00f6zle\u015fmesinin belediyemize ve \u00e7al\u0131\u015fanlar\u0131m\u0131za hay\u0131rl\u0131 olmas\u0131n\u0131 diliyorum&#8221; dedi.<\/p>\n","protected":false},"excerpt":{"rendered":"<p>Toroslar Belediyesi ile Belediye \u0130\u015f Sendikas\u0131 aras\u0131nda imzalanan Toplu \u0130\u015f S\u00f6zle\u015fmesi, belediye \u00e7al\u0131\u015fanlar\u0131n\u0131n y\u00fcz\u00fcn\u00fc g\u00fcld\u00fcrd\u00fc. 1 Mart 2023 tarihinden ge\u00e7erli olmak \u00fczere ilk 6 ay i\u00e7in belediyede \u00e7al\u0131\u015fan daimi i\u015f\u00e7ilerin &hellip; <a href=\"https:\/\/akdenizolaygazetesi.com\/?p=24707\" class=\"more-link\">Devam\u0131n\u0131 Oku&#8230;<\/a><\/p>\n","protected":false},"author":2,"featured_media":24708,"comment_status":"open","ping_status":"open","sticky":false,"template":"","format":"standard","meta":[],"categories":[2,3],"tags":[],"_links":{"self":[{"href":"https:\/\/akdenizolaygazetesi.com\/index.php?rest_route=\/wp\/v2\/posts\/24707"}],"collection":[{"href":"https:\/\/akdenizolaygazetesi.com\/index.php?rest_route=\/wp\/v2\/posts"}],"about":[{"href":"https:\/\/akdenizolaygazetesi.com\/index.php?rest_route=\/wp\/v2\/types\/post"}],"author":[{"embeddable":true,"href":"https:\/\/akdenizolaygazetesi.com\/index.php?rest_route=\/wp\/v2\/users\/2"}],"replies":[{"embeddable":true,"href":"https:\/\/akdenizolaygazetesi.com\/index.php?rest_route=%2Fwp%2Fv2%2Fcomments&post=24707"}],"version-history":[{"count":1,"href":"https:\/\/akdenizolaygazetesi.com\/index.php?rest_route=\/wp\/v2\/posts\/24707\/revisions"}],"predecessor-version":[{"id":24709,"href":"https:\/\/akdenizolaygazetesi.com\/index.php?rest_route=\/wp\/v2\/posts\/24707\/revisions\/24709"}],"wp:featuredmedia":[{"embeddable":true,"href":"https:\/\/akdenizolaygazetesi.com\/index.php?rest_route=\/wp\/v2\/media\/24708"}],"wp:attachment":[{"href":"https:\/\/akdenizolaygazetesi.com\/index.php?rest_route=%2Fwp%2Fv2%2Fmedia&parent=24707"}],"wp:term":[{"taxonomy":"category","embeddable":true,"href":"https:\/\/akdenizolaygazetesi.com\/index.php?rest_route=%2Fwp%2Fv2%2Fcategories&post=24707"},{"taxonomy":"post_tag","embeddable":true,"href":"https:\/\/akdenizolaygazetesi.com\/index.php?rest_route=%2Fwp%2Fv2%2Ftags&post=24707"}],"curies":[{"name":"wp","href":"https:\/\/api.w.org\/{rel}","templated":true}]}}