{"id":24710,"date":"2023-03-16T17:23:42","date_gmt":"2023-03-16T14:23:42","guid":{"rendered":"http:\/\/akdenizolaygazetesi.com\/?p=24710"},"modified":"2023-03-16T17:23:42","modified_gmt":"2023-03-16T14:23:42","slug":"mersin-ortak-paydasinda-millet-ittifaki-cumhuriyet-ittifaki-ayrimi-olabilir-mi","status":"publish","type":"post","link":"https:\/\/akdenizolaygazetesi.com\/?p=24710","title":{"rendered":"&#8220;MERS\u0130N ORTAK PAYDASINDA, M\u0130LLET \u0130TT\u0130FAKI, CUMHUR\u0130YET \u0130TT\u0130FAKI AYRIMI OLAB\u0130L\u0130R M\u0130?&#8221;"},"content":{"rendered":"<p>Gazeteci \u0130smail K\u00fc\u00e7\u00fckkaya&#8217;n\u0131n Halk TV&#8217;de yay\u0131nlanan &#8216;Demokrasi Meydan\u0131&#8217; program\u0131na canl\u0131 yay\u0131n konu\u011fu olarak kat\u0131lan Ba\u015fkan Vahap Se\u00e7er, deprem sonras\u0131 ya\u015fananlar, al\u0131nan ve al\u0131nmas\u0131 gereken kararlar ile depremzedeler i\u00e7in yap\u0131lan \u00e7al\u0131\u015fmalar ve yakla\u015fan Cumhurba\u015fkanl\u0131\u011f\u0131 se\u00e7imine dair \u00f6nemli a\u00e7\u0131klamalarda bulundu.<br \/>\n&#8220;Dereleri doldurur, in\u015faat yaparsan\u0131z bu \u00e7ok b\u00fcy\u00fck bir felakete d\u00f6n\u00fc\u015f\u00fcr&#8221;<br \/>\nProgramda, deprem ve \u00f6nceki g\u00fcn ya\u015fanan sel olay\u0131 ile ilgili de\u011ferlendirmelerde bulunan Ba\u015fkan Se\u00e7er, \u015eanl\u0131urfa&#8217;da ya\u015fanan selden sonra B\u00fcy\u00fck\u015fehir \u0130tfaiyesi&#8217;ne ba\u011fl\u0131 profesyonel ekiplerin hemen b\u00f6lgeye yard\u0131ma gitti\u011fini belirterek, &#8220;Duyar duymaz 5 profesyonel profesyonel dalg\u0131c\u0131m\u0131z, kurtarma botumuz, ara\u00e7, ekipman gittiler ve \u015fu anda \u00e7al\u0131\u015f\u0131yorlar. Asl\u0131nda ya\u011fmur bir do\u011fa olay\u0131. Siz \u00f6nlem almazsan\u0131z, dereleri doldurup in\u015faat yaparsan\u0131z bu \u00e7ok b\u00fcy\u00fck bir felakete d\u00f6n\u00fc\u015f\u00fcr, o zaman asr\u0131n felaketi olur&#8221; dedi.<br \/>\nK\u00fc\u00e7\u00fckkaya&#8217;n\u0131n Mersin&#8217;in, ald\u0131\u011f\u0131 y\u00fck\u00fcn alt\u0131ndan nas\u0131l kalkaca\u011f\u0131n\u0131 sormas\u0131 \u00fczerine Se\u00e7er, B\u00fcy\u00fck\u015fehir olarak ak\u0131l ve \u00f6ng\u00f6r\u00fc ile bu s\u00fcreci iyi bir \u015fekilde y\u00f6nettiklerini ve y\u00f6netmeye devam ettiklerini, ancak merkezi h\u00fck\u00fcmetin de bu konuda ad\u0131mlar atmas\u0131 gerekti\u011fine i\u015faret ederek &#8220;Ak\u0131l ve \u00f6ng\u00f6r\u00fc ile yapar\u0131z hi\u00e7bir ku\u015fkunuz olmas\u0131n. Biz onlar\u0131 ba\u011fr\u0131m\u0131za basar\u0131z, bizim vatanda\u015f\u0131m\u0131z. Az \u00f6nce s\u00f6yledi\u011fim gibi liyakatli y\u00f6netici olursa sorun olmaz&#8221; diye yan\u0131t verdi. &#8216;Deprem Risk Y\u00f6netimi ve Kentsel \u0130yile\u015ftirme Daire Ba\u015fkanl\u0131\u011f\u0131&#8217; kurmak i\u00e7in \u00e7al\u0131\u015fmalara ba\u015flad\u0131klar\u0131n\u0131 da s\u00f6zlerine ekleyen Ba\u015fkan Se\u00e7er, belediyelerin siyasetin \u00e7ok yo\u011fun h\u00e2kim oldu\u011fu yerler oldu\u011funa i\u015faret ederek &#8220;Liyakati \u00f6ncelemeyip siyasete \u00f6nem verdi\u011finiz, taraftar\u0131n\u0131z, akraban\u0131z, e\u015finiz, dostunuz ama liyakati olmayan insanlarla yol y\u00fcr\u00fcd\u00fc\u011f\u00fcn\u00fcz zaman yolda kal\u0131rs\u0131n\u0131z. \u015eu anki h\u00fck\u00fcmetin ba\u015f\u0131na geldi\u011fi gibi aynen de tablo bu&#8221; dedi.<br \/>\n&#8220;Mersin ortak paydas\u0131nda, Millet \u0130ttifak\u0131, Cumhuriyet \u0130ttifak\u0131 ayr\u0131m\u0131 olabilir mi?&#8221;<br \/>\nTBMM&#8217;de, depremlerin ard\u0131ndan Mersin&#8217;in ald\u0131\u011f\u0131 g\u00f6\u00e7\u00fcn ara\u015ft\u0131r\u0131lmas\u0131yla ilgili bir Ara\u015ft\u0131rma Komisyonu kurulmas\u0131 y\u00f6n\u00fcnde bir teklif sunuldu\u011funu hat\u0131rlatan Ba\u015fkan Se\u00e7er, &#8220;Cumhur \u0130ttifak\u0131&#8217;na mensup partilerin d\u0131\u015f\u0131nda b\u00fct\u00fcn partilerin milletvekilleri bu talebi dile getirdi. Ama Cumhur \u0130ttifak\u0131&#8217;n\u0131n milletvekillerinden t\u0131k yok. Mersin ortak paydas\u0131nda, Millet \u0130ttifak\u0131, Cumhuriyet \u0130ttifak\u0131 ayr\u0131m\u0131 olabilir mi?&#8221; diye sordu.<br \/>\n&#8220;Mersin ortak paydas\u0131nda bir araya gelelim&#8221;<br \/>\nGazeteci \u0130smail K\u00fc\u00e7\u00fckkaya&#8217;n\u0131n &#8220;Deneyimli bir siyaset insan\u0131s\u0131n\u0131z, Mersin i\u00e7in gidin bizzat Cumhurba\u015fkan\u0131&#8217;yla g\u00f6r\u00fc\u015f\u00fcn. \u00c7\u00fcnk\u00fc bu Mersin&#8217;in meselesi. Mersin \u00f6nemli. Mersin&#8217;e biraz daha ilgi g\u00f6sterseler Mersin T\u00fcrkiye&#8217;nin d\u00fcnyaya a\u00e7\u0131lan en g\u00fczel y\u00fcz\u00fc olur&#8221; s\u00f6zleri \u00fczerine Ba\u015fkan Se\u00e7er, &#8220;\u0130smail Bey bu \u00f6nerinizi \u00e7ok de\u011ferli buluyorum. Bu \u00f6nerinizi de dikkate alaca\u011f\u0131m ve gere\u011fini yapaca\u011f\u0131m. Umar\u0131m Say\u0131n Cumhurba\u015fkan\u0131&#8217;ndan randevu alma imk\u00e2n\u0131m olur, gider g\u00f6r\u00fc\u015f\u00fcr\u00fcm&#8221; dedi.<br \/>\nKendisinin her konuda gidip g\u00f6r\u00fc\u015fme sa\u011flamak i\u00e7in \u00e7ok \u00e7aba sarf etti\u011fini de hat\u0131rlatan Ba\u015fkan Se\u00e7er, &#8220;Metro konusunda da gittim g\u00f6r\u00fc\u015ft\u00fcm, bir \u00e7\u00f6z\u00fcm elde edemedim. Sadece g\u00f6r\u00fc\u015fmek de\u011fil, g\u00f6r\u00fc\u015f\u00fcr\u00fcz. G\u00f6r\u00fc\u015fmekten bizim a\u00e7\u0131m\u0131zdan beis yok. Bir ba\u015fkas\u0131n\u0131n g\u00f6r\u00fc\u015fmesi, g\u00f6r\u00fc\u015fme a\u00e7\u0131s\u0131ndan beis g\u00f6rebilir bunu ama benim b\u00f6yle bir derdim yok. Ben neticede Mersin ortak paydas\u0131nda bir araya gelelim diyorum&#8221; diye konu\u015ftu.<br \/>\n&#8220;T\u00fcrkiye de\u011fi\u015fim istiyor&#8221;<br \/>\n2 ay sonra T\u00fcrkiye&#8217;nin se\u00e7ime gidece\u011fini hat\u0131rlatan Ba\u015fkan Se\u00e7er, &#8220;\u0130ktidar de\u011fi\u015fecek. T\u00fcrkiye de\u011fi\u015fim istiyor. Bundan daha do\u011fal bir \u015fey olamaz. Yani mahkeme kad\u0131ya m\u00fclk de\u011fil. Bu iktidar s\u00fcresini tamamlam\u0131\u015ft\u0131r. Art\u0131k taze bir kana ihtiya\u00e7 vard\u0131r&#8221; dedi. Se\u00e7er, Mersin&#8217;de Millet \u0130ttifak\u0131 Cumhurba\u015fkan\u0131 Aday\u0131 Kemal K\u0131l\u0131\u00e7daro\u011flu&#8217;na yakla\u015f\u0131k y\u00fczde 70 oy \u00e7\u0131kaca\u011f\u0131na inand\u0131\u011f\u0131n\u0131 s\u00f6yledi.<br \/>\n&#8220;K\u0131l\u0131\u00e7daro\u011flu Mersin&#8217;de y\u00fczde 70 oy al\u0131r&#8221;<br \/>\nK\u00fc\u00e7\u00fckkaya&#8217;n\u0131n, Millet \u0130ttifak\u0131 Cumhurba\u015fkan\u0131 Aday\u0131 Kemal K\u0131l\u0131\u00e7daro\u011flu&#8217;na Mersin&#8217;de y\u00fczde ka\u00e7 oy \u00e7\u0131kaca\u011f\u0131n\u0131 sormas\u0131 \u00fczerine de Ba\u015fkan Se\u00e7er, &#8220;Ben \u00e7ok net s\u00f6yleyeyim. \u015eu anda Millet \u0130ttifak\u0131 ve di\u011fer sol bile\u015fenler, yakla\u015f\u0131k olarak minimum y\u00fczde 70 civar\u0131nda d\u00fc\u015f\u00fcn\u00fcn, geri kalan\u0131 Cumhur \u0130ttifak\u0131&#8217;na verir. Ama bak\u0131n buras\u0131 \u0130zmir de\u011fil. Buras\u0131 Mersin. \u0130zmir daha homojen bir aritmeti\u011fe sahip siyasal olarak. Mersin \u00e7ok kozmopolit. Mersin k\u00fc\u00e7\u00fck T\u00fcrkiye&#8217;dir&#8221; ifadelerine yer verdi.<br \/>\n&#8220;Yerel iktidar\u0131n hakimiyiz, bu muazzam bir referans&#8221;<br \/>\nCHP&#8217;li 11 B\u00fcy\u00fck\u015fehir Belediyesi&#8217;nin yerelde \u00e7ok iyi i\u015fler ba\u015fard\u0131\u011f\u0131n\u0131 ve bunun Cumhurba\u015fkanl\u0131\u011f\u0131 se\u00e7imi \u00f6ncesinde \u00e7ok \u00f6nemli bir referans oldu\u011funu ifade eden Ba\u015fkan Se\u00e7er &#8220;\u015eimdi yerel iktidar\u0131n hakimiyiz. Yani T\u00fcrkiye n\u00fcfusunun yakla\u015f\u0131k y\u00fczde 45&#8217;ini ve ekonomisinin de 3&#8217;te 2&#8217;sini olu\u015fturan kentlerde belediyeleri y\u00f6netiyoruz. Bu muazzam bir referans. Mersin, Adana, \u0130stanbul, Ankara se\u00e7menine; &#8216;Belediyelerimizin uygulamalar\u0131n\u0131 4 y\u0131ld\u0131r takip ediyor, hatta ya\u015f\u0131yorsunuz. Hizmetlerimizi g\u00f6r\u00fcyorsunuz. Vatanda\u015fa bak\u0131\u015f a\u00e7\u0131m\u0131z\u0131 biliyorsunuz. Huzuru, insanlar\u0131n birbirini sevmesini, saymas\u0131n\u0131, bar\u0131\u015f, sevgi dilini ne kadar \u00f6nemsedi\u011fimizi g\u00f6r\u00fcyorsunuz. \u0130\u015fte bizim iktidar\u0131m\u0131zda da T\u00fcrkiye b\u00f6yle olacak&#8217; diyebiliriz&#8221; dedi.<br \/>\nN\u00fcfus hareketlerinin iyi y\u00f6netilemezse bir kent i\u00e7in bir soruna d\u00f6n\u00fc\u015febilece\u011fine dikkat \u00e7eken Se\u00e7er, &#8220;E\u011fer b\u00f6yle bir tablo ile kar\u015f\u0131la\u015f\u0131yorsan\u0131z ama haz\u0131rsan\u0131z her \u015feyi \u00e7ok rahat \u00e7\u00f6zebiliyorsunuz. Onun i\u00e7in belediyeler \u00e7ok \u00e7abuk n\u00fcfuz edebiliyor. Bak\u0131n depremde de pandemi de de b\u00f6yle oldu. Maske da\u011f\u0131t\u0131lmad\u0131, belediyeler da\u011f\u0131tt\u0131. G\u0131da g\u00f6nderilemedi evlere, belediyeler g\u00f6nderdi. Biz de devletin bir kurumuyuz&#8221; diye konu\u015ftu.<br \/>\n&#8220;Getirir \u00e7ad\u0131r kondu yaparsan\u0131z hadise bu olur&#8221;<br \/>\nK\u00fc\u00e7\u00fckkaya&#8217;n\u0131n &#8216;\u00c7ad\u0131r kentleri neden su basar?&#8217; sorusu \u00fczerine Ba\u015fkan Se\u00e7er,  &#8220;Uygun bir zemin haz\u0131rlamadan getirip \u00e7ad\u0131rlar\u0131 oraya kondurursan\u0131z, insanlar\u0131 yaka pa\u00e7a i\u00e7ine koyarsan\u0131z tablo bu olur. Ona g\u00f6re yer se\u00e7imi yapacaks\u0131n\u0131z. Dere yata\u011f\u0131na yapmayacaks\u0131n\u0131z. Suyun ak\u0131\u015f yolu buldu\u011fu yerlere yapmayacaks\u0131n\u0131z. Ku\u015faklama yapacaks\u0131n\u0131z, direne edecek yap\u0131lar yapacaks\u0131n\u0131z ki ya\u011fmur da suyu als\u0131n ba\u015fka bir tarafa direne etsin diye. Ya\u011fmurda, \u00e7amurda, karda, doluda alt yap\u0131s\u0131 olacak ki o do\u011fa olay\u0131 bir felakete d\u00f6n\u00fc\u015fmesin. Getirir \u00e7ad\u0131r kondu yaparsan\u0131z hadise bu olur&#8221; dedi.<br \/>\nBa\u015fkan Se\u00e7er, depremzedelerin bar\u0131nma sorununa ili\u015fkin Millet \u0130ttifak\u0131 Cumhurba\u015fkan\u0131 Aday\u0131 Kemal K\u0131l\u0131\u00e7daro\u011flu&#8217;nun Hatay&#8217;daki a\u00e7\u0131klamas\u0131n\u0131 hat\u0131rlatarak, &#8220;Ben de oradayd\u0131m, &#8216;Konutlar\u0131 yapaca\u011f\u0131z, bir tek kuru\u015f para almadan anahtar\u0131 teslim edece\u011fiz&#8217; dedi. Bir kere sosyal devlet budur. Bir s\u00fcr\u00fc ba\u011f\u0131\u015f topluyorsunuz, geriden gelen deprem paralar\u0131, deprem vergileri var. Hala milletin cebinden para alma pe\u015finde olmamak laz\u0131m. Yani basit ihtiya\u00e7lar\u0131 dahi, i\u015fte izliyoruz Say\u0131n Bakan&#8217;\u0131 ya da di\u011fer yetkilileri s\u00fcrekli ba\u011f\u0131\u015f toplama pe\u015finde&#8221; ifadelerini kulland\u0131.<br \/>\n&#8220;Depremzedelere terapi, art\u0131k g\u0131da kadar ihtiya\u00e7&#8221;<br \/>\nDepremden etkilenen vatanda\u015flara psikolojik destek sa\u011flanmas\u0131 gerekti\u011fini belirten Se\u00e7er, B\u00fcy\u00fck\u015fehir olarak &#8216;Travma sonras\u0131 iyile\u015fme merkezi&#8217; kuracaklar\u0131n\u0131 ifade etti. Bu deste\u011fin insanlar i\u00e7in art\u0131k g\u0131da kadar \u00f6nemli bir ihtiya\u00e7 oldu\u011funu s\u00f6yleyen Se\u00e7er, &#8220;Ge\u00e7ici Bar\u0131nma Merkezlerinde depremzedelerimize terapi hizmeti de veriyoruz. Bu art\u0131k g\u0131da kadar ihtiya\u00e7. G\u0131day\u0131 ald\u0131n\u0131z, ya\u015fama devam ediyorsunuz. Suyunuzu i\u00e7tiniz, bir bar\u0131nacak yeriniz var ama hayata tutunabilmeniz i\u00e7in en \u00f6nemli \u015fartlardan bir tanesi de psikolojik olarak iyi durumda olman\u0131z. Hayata motive olman\u0131z, ya\u015fama arzunuz, ya\u015fama iste\u011finiz bir amac\u0131n\u0131z\u0131n olmas\u0131. Bunu da uzmanlar sayesinde daha rahat sa\u011flars\u0131n\u0131z. Hem deprem b\u00f6lgesinde kalan yurtta\u015flar\u0131m\u0131z i\u00e7in hem g\u00f6\u00e7 eden insanlar\u0131m\u0131z i\u00e7in bu son derece \u00f6nemli&#8221; dedi.<br \/>\n&#8220;Bu insanlara i\u015f laz\u0131m, istihdam laz\u0131m, \u00e7al\u0131\u015fmas\u0131 laz\u0131m&#8221;<br \/>\nDepremzedelerin istihdama kat\u0131lmas\u0131n\u0131n \u00f6nemine dikkat \u00e7eken Ba\u015fkan Se\u00e7er, &#8220;Bu insanlara i\u015f, istihdam laz\u0131m. Bu insanlar\u0131n \u00e7al\u0131\u015fmas\u0131 laz\u0131m. Fabrikalar\u0131 orada konu\u015fland\u0131racaks\u0131n\u0131z. Paketler olu\u015fturacaks\u0131n\u0131z; \u00f6zel paketler, te\u015fvik paketleri. Buralarda \u00f6zel b\u00f6lgeler ilan edip buralar\u0131n imar\u0131 i\u00e7in \u00f6zel kalk\u0131nma planlar\u0131 yap\u0131p, KDV, faiz istisnas\u0131, kredi, ge\u00e7mi\u015fe d\u00f6n\u00fck bor\u00e7lar\u0131n\u0131n silinmesi gibi katk\u0131lar yap\u0131lmas\u0131 gerekli&#8221; diye konu\u015ftu. Se\u00e7er b\u00f6lge ekonomisinin yeniden canland\u0131r\u0131lmas\u0131 i\u00e7in de \u00f6nerilerde bulunarak &#8220;Orada \u00fcretimi tekrar harekete ge\u00e7irmek, s\u00fcrd\u00fcr\u00fclebilir yapmak, kal\u0131c\u0131 hale getirmek \u00e7ok \u00f6nemli. Siz orada \u00fcretimi tekrar sa\u011flayacaks\u0131n\u0131z. Tekrar fabrikalar\u0131, esnaf\u0131 \u00e7al\u0131\u015ft\u0131racaks\u0131n\u0131z. Al\u0131\u015fveri\u015f, i\u015f olacak. Siz bunu sa\u011flayamad\u0131\u011f\u0131n\u0131z takdirde &#8216;Ev yapt\u0131k, konut yapt\u0131k, ge\u00e7ici bar\u0131nma merkezi yapt\u0131k&#8217; demenin \u00f6nemi olmuyor. Art\u0131k konu\u015fulmas\u0131 gereken konular bunlar&#8221; ifadelerini kulland\u0131.<br \/>\n&#8220;Oy hakk\u0131 kutsald\u0131r&#8221;<br \/>\nDepremzede vatanda\u015flar\u0131n Cumhurba\u015fkanl\u0131\u011f\u0131 se\u00e7imlerinde oy kullanmas\u0131 i\u00e7in yapmalar\u0131 gerekenler hakk\u0131nda B\u00fcy\u00fck\u015fehir Belediyesi olarak gerekli bilgilendirmeleri yapt\u0131klar\u0131n\u0131 s\u00f6yleyen Ba\u015fkan Se\u00e7er, kendi b\u00f6lgesinde oy kullanmak isteyen depremzedelere B\u00fcy\u00fck\u015fehir olarak imkanlar \u00f6l\u00e7e\u011finde destek olacaklar\u0131n\u0131 s\u00f6yledi. Se\u00e7er, &#8220;Hatay, Kahramanmara\u015f, Ad\u0131yaman; o b\u00f6lgeler mesafe olarak bize yak\u0131n. Biz de o g\u00fcnk\u00fc fiili imkanlar \u00fczerinden depremzedelerimize elimizden gelen deste\u011fi sa\u011flayaca\u011f\u0131z. Oy hakk\u0131 kutsald\u0131r. Herkes kullanmak durumunda. T\u00fcrkiye g\u00fc\u00e7l\u00fc bir \u00fclke. Biz toplum olarak son derece g\u00fc\u00e7l\u00fc bir toplum, g\u00fc\u00e7l\u00fc bir milletiz. Ben \u00fclkemin insan\u0131n\u0131n ferasetine inan\u0131yorum. Gelecekle ilgili kaderinizi \u00e7izin, yolunuzu belirleyin. Kader, oturdu\u011funuz yerde aya\u011f\u0131n\u0131za gelen \u015feyler de\u011fildir, siz yarat\u0131yorsunuz onu. Gitsinler oylar\u0131n\u0131 kullans\u0131nlar, haklar\u0131 \u00e7\u00fcnk\u00fc. Kendi yollar\u0131n\u0131 \u00e7izsinler&#8221; dedi.<br \/>\n&#8220;Her anlamda yerel y\u00f6netimlere \u00f6nem vermek laz\u0131m&#8221;<br \/>\nSadece deprem de\u011fil, ya\u015fan\u0131lan t\u00fcm do\u011fa olaylar\u0131n\u0131n ard\u0131ndan yerel y\u00f6netimlerin \u00f6neminin bir kez daha ortaya \u00e7\u0131kt\u0131\u011f\u0131n\u0131n alt\u0131n\u0131 \u00e7izen Ba\u015fkan Se\u00e7er, bu kurumlar\u0131n b\u00f6lgesinde en organize olan yap\u0131lar oldu\u011funu kaydetti. Ba\u015fkan Se\u00e7er &#8220;Bu hem pandemide hem depremde hem sel felaketinde g\u00f6r\u00fcld\u00fc. Belediyeleri g\u00fc\u00e7lendirmek, tahkim etmek, her anlamda yerel y\u00f6netimlere \u00f6nem vermek laz\u0131m. Yani merkezden her \u015feyi \u00e7\u00f6zemezsiniz. Bu depremde kararlar niye gecikti? \u00c7\u00fcnk\u00fc kararlar bir ki\u015finin iki duda\u011f\u0131n\u0131n aras\u0131ndan \u00e7\u0131kacakt\u0131. Oysaki parlamenter sistemde, ger\u00e7ek demokrasilerde her kurum g\u00f6revini bilir. Eylem plan\u0131 bellidir, ne yapaca\u011f\u0131n\u0131 bilir, an\u0131nda kararlar al\u0131n\u0131r ve m\u00fcdahale edilir. Ama tek ki\u015fi taraf\u0131ndan bir \u00fclke y\u00f6netilirse, herkes onun talimatlar\u0131n\u0131 beklerse b\u00f6yle tablolarla kar\u015f\u0131la\u015f\u0131l\u0131r&#8221; diye konu\u015ftu.<br \/>\n&#8220;\u0130nsanlar kavga istemiyor, i\u015fbirli\u011fi istiyor&#8221;<br \/>\nK\u00fc\u00e7\u00fckkaya&#8217;n\u0131n Millet \u0130ttifak\u0131&#8217;n\u0131n Cumhurba\u015fkan\u0131 Aday\u0131&#8217;n\u0131n belirlenmesi a\u015famas\u0131nda ya\u015fanan krize dair y\u00f6neltti\u011fi soruyu da yan\u0131tlayan Se\u00e7er, yerel y\u00f6netimlerin toplum nezdinde muazzam bir kar\u015f\u0131l\u0131\u011f\u0131 oldu\u011funa vurgulad\u0131. Ba\u015fkan Se\u00e7er, &#8220;T\u00fcrkiye demokrasisinin tekrar ray\u0131na oturmas\u0131,  ger\u00e7ek sisteme, parlamenter sisteme d\u00f6nmesi ve \u00fclkemizin bu girdaptan bir an \u00f6nce \u00e7\u0131kmas\u0131 bizim i\u00e7in bir g\u00f6revdir. Birlikten g\u00fc\u00e7 do\u011far. Hep beraber 14 May\u0131s&#8217;ta milletimizin kar\u015f\u0131s\u0131na zaferle \u00e7\u0131kal\u0131m diye hesap ettik. Biz de na\u00e7izane katk\u0131m\u0131z\u0131 yapt\u0131k, bu noktalara geldik. \u00d6nemli olan bu noktalara gelmekti. Halk indinde iyi kar\u015f\u0131land\u0131. \u0130nsanlar kavga istemiyor, i\u015fbirli\u011fi istiyor&#8221; dedi.<\/p>\n","protected":false},"excerpt":{"rendered":"<p>Gazeteci \u0130smail K\u00fc\u00e7\u00fckkaya&#8217;n\u0131n Halk TV&#8217;de yay\u0131nlanan &#8216;Demokrasi Meydan\u0131&#8217; program\u0131na canl\u0131 yay\u0131n konu\u011fu olarak kat\u0131lan Ba\u015fkan Vahap Se\u00e7er, deprem sonras\u0131 ya\u015fananlar, al\u0131nan ve al\u0131nmas\u0131 gereken kararlar ile depremzedeler i\u00e7in yap\u0131lan \u00e7al\u0131\u015fmalar &hellip; <a href=\"https:\/\/akdenizolaygazetesi.com\/?p=24710\" class=\"more-link\">Devam\u0131n\u0131 Oku&#8230;<\/a><\/p>\n","protected":false},"author":2,"featured_media":24711,"comment_status":"open","ping_status":"open","sticky":false,"template":"","format":"standard","meta":[],"categories":[8,1,2,3,6],"tags":[],"_links":{"self":[{"href":"https:\/\/akdenizolaygazetesi.com\/index.php?rest_route=\/wp\/v2\/posts\/24710"}],"collection":[{"href":"https:\/\/akdenizolaygazetesi.com\/index.php?rest_route=\/wp\/v2\/posts"}],"about":[{"href":"https:\/\/akdenizolaygazetesi.com\/index.php?rest_route=\/wp\/v2\/types\/post"}],"author":[{"embeddable":true,"href":"https:\/\/akdenizolaygazetesi.com\/index.php?rest_route=\/wp\/v2\/users\/2"}],"replies":[{"embeddable":true,"href":"https:\/\/akdenizolaygazetesi.com\/index.php?rest_route=%2Fwp%2Fv2%2Fcomments&post=24710"}],"version-history":[{"count":1,"href":"https:\/\/akdenizolaygazetesi.com\/index.php?rest_route=\/wp\/v2\/posts\/24710\/revisions"}],"predecessor-version":[{"id":24712,"href":"https:\/\/akdenizolaygazetesi.com\/index.php?rest_route=\/wp\/v2\/posts\/24710\/revisions\/24712"}],"wp:featuredmedia":[{"embeddable":true,"href":"https:\/\/akdenizolaygazetesi.com\/index.php?rest_route=\/wp\/v2\/media\/24711"}],"wp:attachment":[{"href":"https:\/\/akdenizolaygazetesi.com\/index.php?rest_route=%2Fwp%2Fv2%2Fmedia&parent=24710"}],"wp:term":[{"taxonomy":"category","embeddable":true,"href":"https:\/\/akdenizolaygazetesi.com\/index.php?rest_route=%2Fwp%2Fv2%2Fcategories&post=24710"},{"taxonomy":"post_tag","embeddable":true,"href":"https:\/\/akdenizolaygazetesi.com\/index.php?rest_route=%2Fwp%2Fv2%2Ftags&post=24710"}],"curies":[{"name":"wp","href":"https:\/\/api.w.org\/{rel}","templated":true}]}}