{"id":24720,"date":"2023-03-17T13:17:37","date_gmt":"2023-03-17T10:17:37","guid":{"rendered":"http:\/\/akdenizolaygazetesi.com\/?p=24720"},"modified":"2023-03-17T13:17:37","modified_gmt":"2023-03-17T10:17:37","slug":"mut-orman-isletme-muduru-goreve-basladi","status":"publish","type":"post","link":"https:\/\/akdenizolaygazetesi.com\/?p=24720","title":{"rendered":"Mut Orman \u0130\u015fletme M\u00fcd\u00fcr\u00fc G\u00f6reve Ba\u015flad\u0131"},"content":{"rendered":"<p>Mersin Orman B\u00f6lge M\u00fcd\u00fcr\u00fc Mustafa Yal\u00e7\u0131n, Mut Orman \u0130\u015fletme M\u00fcd\u00fcr\u00fc olarak g\u00f6reve ba\u015flayan Utku Dan\u0131\u015f\u2019a g\u00f6revinde ba\u015far\u0131lar dileyerek hay\u0131rl\u0131 olmas\u0131 temennisinde bulundu.<\/p>\n<p>  Anamur\u2019da \u00d6\u011frencilerle Bir Araya Geldik<\/p>\n<p>Mersin Orman B\u00f6lge M\u00fcd\u00fcrl\u00fc\u011f\u00fcm\u00fcze ba\u011fl\u0131 Anamur Orman \u0130\u015fletme M\u00fcd\u00fcrl\u00fc\u011f\u00fcnce ormanlar\u0131n \u00f6nemi ve hayat\u0131m\u0131zdaki yeri hakk\u0131nda \u00f6\u011frencilerle bir araya geldik.<\/p>\n<p>Mart ay\u0131 boyunca devam edecek olan programda, Anamur\u2019daki okullar\u0131n giri\u015fine ve dersliklere ormanlar\u0131n \u00f6nemi, orman yang\u0131nlar\u0131 hakk\u0131nda afi\u015f ve bro\u015f\u00fcrler as\u0131ld\u0131. Anamur Orman \u0130\u015fletme M\u00fcd\u00fcrl\u00fc\u011f\u00fc personeli Orman M\u00fchendisi Adem Bal taraf\u0131ndan s\u0131n\u0131f i\u00e7erisinde orman, orman\u0131n \u00f6nemi, orman\u0131n faydalar\u0131, erozyon olu\u015fum sebepleri, erozyonu \u00f6nleme y\u00f6ntemleri, orman yang\u0131nlar\u0131n\u0131n olu\u015fumu, zararlar\u0131 ve m\u00fcdahale y\u00f6ntemleri hakk\u0131nda bilgiler verildi.<\/p>\n<p> Slayt g\u00f6sterileri ve videolar e\u015fli\u011finde kar\u015f\u0131l\u0131kl\u0131 soru ve cevaplarla \u00f6\u011frencilerin kat\u0131l\u0131m\u0131 sa\u011flanarak her \u00f6\u011frenciye dergi, kalem, kalemlik, \u015fapka ve ti\u015f\u00f6rt hediye edildi.<\/p>\n","protected":false},"excerpt":{"rendered":"<p>Mersin Orman B\u00f6lge M\u00fcd\u00fcr\u00fc Mustafa Yal\u00e7\u0131n, Mut Orman \u0130\u015fletme M\u00fcd\u00fcr\u00fc olarak g\u00f6reve ba\u015flayan Utku Dan\u0131\u015f\u2019a g\u00f6revinde ba\u015far\u0131lar dileyerek hay\u0131rl\u0131 olmas\u0131 temennisinde bulundu. Anamur\u2019da \u00d6\u011frencilerle Bir Araya Geldik Mersin Orman B\u00f6lge &hellip; <a href=\"https:\/\/akdenizolaygazetesi.com\/?p=24720\" class=\"more-link\">Devam\u0131n\u0131 Oku&#8230;<\/a><\/p>\n","protected":false},"author":2,"featured_media":24721,"comment_status":"open","ping_status":"open","sticky":false,"template":"","format":"standard","meta":[],"categories":[3,5],"tags":[],"_links":{"self":[{"href":"https:\/\/akdenizolaygazetesi.com\/index.php?rest_route=\/wp\/v2\/posts\/24720"}],"collection":[{"href":"https:\/\/akdenizolaygazetesi.com\/index.php?rest_route=\/wp\/v2\/posts"}],"about":[{"href":"https:\/\/akdenizolaygazetesi.com\/index.php?rest_route=\/wp\/v2\/types\/post"}],"author":[{"embeddable":true,"href":"https:\/\/akdenizolaygazetesi.com\/index.php?rest_route=\/wp\/v2\/users\/2"}],"replies":[{"embeddable":true,"href":"https:\/\/akdenizolaygazetesi.com\/index.php?rest_route=%2Fwp%2Fv2%2Fcomments&post=24720"}],"version-history":[{"count":1,"href":"https:\/\/akdenizolaygazetesi.com\/index.php?rest_route=\/wp\/v2\/posts\/24720\/revisions"}],"predecessor-version":[{"id":24722,"href":"https:\/\/akdenizolaygazetesi.com\/index.php?rest_route=\/wp\/v2\/posts\/24720\/revisions\/24722"}],"wp:featuredmedia":[{"embeddable":true,"href":"https:\/\/akdenizolaygazetesi.com\/index.php?rest_route=\/wp\/v2\/media\/24721"}],"wp:attachment":[{"href":"https:\/\/akdenizolaygazetesi.com\/index.php?rest_route=%2Fwp%2Fv2%2Fmedia&parent=24720"}],"wp:term":[{"taxonomy":"category","embeddable":true,"href":"https:\/\/akdenizolaygazetesi.com\/index.php?rest_route=%2Fwp%2Fv2%2Fcategories&post=24720"},{"taxonomy":"post_tag","embeddable":true,"href":"https:\/\/akdenizolaygazetesi.com\/index.php?rest_route=%2Fwp%2Fv2%2Ftags&post=24720"}],"curies":[{"name":"wp","href":"https:\/\/api.w.org\/{rel}","templated":true}]}}