{"id":24726,"date":"2023-03-17T13:21:01","date_gmt":"2023-03-17T10:21:01","guid":{"rendered":"http:\/\/akdenizolaygazetesi.com\/?p=24726"},"modified":"2023-03-17T13:21:01","modified_gmt":"2023-03-17T10:21:01","slug":"baskan-secer-kurtulus-mucadelesinin-mesalesi-mersinde-yakildi","status":"publish","type":"post","link":"https:\/\/akdenizolaygazetesi.com\/?p=24726","title":{"rendered":"BA\u015eKAN SE\u00c7ER: &#8220;KURTULU\u015e M\u00dcCADELES\u0130&#8217;N\u0130N ME\u015eALES\u0130 MERS\u0130N&#8217;DE YAKILDI&#8221;"},"content":{"rendered":"<p>T\u00fcrkiye Cumhuriyeti&#8217;nin kurucusu, B\u00fcy\u00fck \u00d6nder Gazi Mustafa Kemal Atat\u00fcrk&#8217;\u00fcn Mersin&#8217;e geli\u015finin 100. y\u0131l d\u00f6n\u00fcm\u00fc deprem ve sel felaketi nedeni ile sade bir t\u00f6renle an\u0131ld\u0131. T\u00f6rene; Mersin Valisi Ali Hamza Pehlivan, Akdeniz B\u00f6lge ve Garnizon Komutan\u0131 Tu\u011famiral Fuat Gedik ve Mersin B\u00fcy\u00fck\u015fehir Belediye Ba\u015fkan\u0131 Vahap Se\u00e7er&#8217;in yan\u0131 s\u0131ra muharip gaziler, milletvekilleri, il\u00e7e belediye ba\u015fkanlar\u0131, kurum ve kurulu\u015flar\u0131n temsilcileri kat\u0131ld\u0131.<\/p>\n<p>Mersin Tren Gar\u0131&#8217;nda ba\u015flayan programda protokol \u00fcyeleri taraf\u0131ndan muharip gazilerden olu\u015fan temsili heyet kar\u015f\u0131land\u0131. \u0130\u00e7inde gazilerin bulundu\u011fu tren, Mersin Gar\u0131&#8217;na geldikten sonra bir gazi taraf\u0131ndan T\u00fcrk bayra\u011f\u0131 Mersin Valisi Ali Hamza Pehlivan&#8217;a teslim edildi. Tren Gar\u0131&#8217;n\u0131n ard\u0131ndan Cumhuriyet Meydan\u0131&#8217;nda devam eden t\u00f6ren, Vali Pehlivan, Tu\u011famiral Gedik ve Ba\u015fkan Se\u00e7er taraf\u0131ndan Atat\u00fcrk An\u0131t\u0131&#8217;na \u00e7elenk sunulmas\u0131 ile ba\u015flad\u0131.<\/p>\n<p>\u00d6\u011frencilerin g\u00fcn\u00fcn anlam ve \u00f6nemine dair \u015fiir okudu\u011fu t\u00f6rende konu\u015fan Ba\u015fkan Se\u00e7er, Cumhuriyetimizin kurucusu Gazi Mustafa Kemal Atat\u00fcrk&#8217;\u00fcn kente geli\u015finin 100. y\u0131l d\u00f6n\u00fcm\u00fcn\u00fc, 100 y\u0131l \u00f6nceki heyecan ile ancak ya\u015fanan felaketler nedeniyle de buruk olarak and\u0131klar\u0131n\u0131 belirterek &#8220;6 \u015eubat ve sonraki g\u00fcnlerde pe\u015f pe\u015fe y\u0131k\u0131c\u0131 depremler, ard\u0131ndan sel afeti ya\u015fad\u0131k. Binlerce vatanda\u015f\u0131m\u0131z\u0131 bu felaketlerde kaybettik. Binlerce vatanda\u015f\u0131m\u0131z yaral\u0131. Kadim \u015fehirlerimiz yok oldu. Y\u00fcre\u011fimiz yasa bo\u011fuldu. Ac\u0131 izleri, hat\u0131ralar\u0131 silmek ve kentlerimizi yeniden aya\u011fa kald\u0131rmak i\u00e7in var g\u00fcc\u00fcm\u00fczle \u00e7al\u0131\u015f\u0131yoruz. Depremde ve selde hayat\u0131n\u0131 kaybeden t\u00fcm vatanda\u015flar\u0131m\u0131za bir kez daha Allah&#8217;tan rahmet, yak\u0131nlar\u0131na sab\u0131r, yaral\u0131lara acil \u015fifa diliyorum&#8221; dedi.<\/p>\n<p>&#8220;Bu g\u00fczel kent, bu g\u00fczel \u00fclke; o sars\u0131lmaz inan\u00e7la kuruldu&#8221;<br \/>\nUlu \u00d6nder&#8217;in, Kurtulu\u015f M\u00fccadelesi&#8217;nin me\u015falesini 5 Kas\u0131m 1918 tarihinde Mersin&#8217;de yakt\u0131\u011f\u0131n\u0131 ifade eden Ba\u015fkan Se\u00e7er, kazan\u0131lan zaferin ard\u0131ndan Yeni T\u00fcrkiye&#8217;nin mesaj\u0131n\u0131 da yine Mersin&#8217;den verdi\u011fine dikkat \u00e7ekerek &#8220;Tarihler, 17 Mart 1923&#8217;\u00fc g\u00f6sterirken, o yine Mersin&#8217;deydi. Cumhuriyetimizin kurucusu; bu kez Yeni T\u00fcrkiye&#8217;nin mesaj\u0131n\u0131 yine bu topraklardan verdi. \u00c7\u00fcnk\u00fc o; ticaretin, tar\u0131m\u0131n, sanat\u0131n \u00f6nc\u00fc kenti g\u00f6rd\u00fc\u011f\u00fc Mersin&#8217;e ve Mersinlilere \u00e7ok g\u00fcveniyordu. Sadece biz Mersinlilere de\u011fil, t\u00fcm milletine g\u00fcveniyordu. \u0130\u015fte bu g\u00fczel kent, bu g\u00fczel \u00fclke; o sars\u0131lmaz inan\u00e7la kuruldu&#8221; diye konu\u015ftu.<\/p>\n<p>Cumhuriyetin hen\u00fcz ilk y\u0131l\u0131nda, 13 Eyl\u00fcl 1924 tarihinde Pasinler depreminin ya\u015fand\u0131\u011f\u0131n\u0131 dile getiren Ba\u015fkan Se\u00e7er, Mustafa Kemal Atat\u00fcrk&#8217;\u00fcn deprem haberini al\u0131r almaz, teredd\u00fcts\u00fcz Erzurum&#8217;a gitti\u011fini ve &#8216;Felaket ba\u015fa gelmeden evvel \u00f6nleyici ve koruyucu tedbirleri d\u00fc\u015f\u00fcnmek laz\u0131md\u0131r, geldikten sonra d\u00f6v\u00fcnmenin yarar\u0131 yoktur&#8217; dedi\u011fini hat\u0131rlatarak &#8220;O s\u00f6zler, bug\u00fcn i\u00e7in de ge\u00e7erlidir. \u00c7\u00fcnk\u00fc bilimi esas almadan at\u0131lacak her ad\u0131m\u0131n sonu felakettir. Elbette, halk\u0131m\u0131z; birlik ve beraberlik i\u00e7erisinde b\u00fct\u00fcn zorluklar\u0131 a\u015fmay\u0131 ba\u015farm\u0131\u015ft\u0131r; ba\u015faracakt\u0131r. Ancak, \u00fcz\u00fclerek belirtmek isterim ki ya\u015fad\u0131\u011f\u0131m\u0131z nice ac\u0131 tecr\u00fcbeye kar\u015f\u0131n; \u00fclkemiz de kentimiz de depreme yeterince haz\u0131rl\u0131kl\u0131 de\u011fildir&#8221; ifadelerini kulland\u0131.<\/p>\n<p>&#8220;\u00c7\u00fcnk\u00fc biz Atat\u00fcrk&#8217;\u00fcn taraf\u0131nday\u0131z&#8221;<br \/>\nSorumlulu\u011fu olan herkesin vatanda\u015flar\u0131n can ve mal g\u00fcvenli\u011fi i\u00e7in, afetlere kar\u015f\u0131 bilimi esas alarak, t\u00fcm tedbirleri almak zorunda oldu\u011funu s\u00f6yleyen Ba\u015fkan Se\u00e7er \u015funlar\u0131 kaydetti:<br \/>\n&#8220;Bug\u00fcn i\u00e7in en temel g\u00f6revimiz budur. Atam\u0131z; 100 y\u0131l \u00f6nce biz Mersinlilere, &#8216;Mersinliler, Mersin&#8217;e sahip \u00e7\u0131k\u0131n\u0131z&#8217; diyerek yolumuzu g\u00f6stermi\u015ftir. \u0130yi bir planlamayla a\u015f\u0131lamayacak zorluk yoktur. Biz bu do\u011frultuda \u00e7al\u0131\u015f\u0131yoruz, \u00e7al\u0131\u015fmaya devam edece\u011fiz. \u00c7\u00fcnk\u00fc biz Atat\u00fcrk&#8217;\u00fcn taraf\u0131nday\u0131z. \u00c7\u00fcnk\u00fc onun taraf\u0131 akl\u0131n, bilimin ve mant\u0131\u011f\u0131n taraf\u0131d\u0131r.&#8221;<\/p>\n<p>&#8220;Atam\u0131zla bir kez daha gurur duyuyor, minnetle an\u0131yorum&#8221;<br \/>\nKonu\u015fmas\u0131n\u0131n son b\u00f6l\u00fcm\u00fcnde gen\u00e7lere seslenerek bu y\u0131l ayn\u0131 zamanda T\u00fcrkiye Cumhuriyeti&#8217;nin kurulu\u015funun 100. y\u0131l\u0131n\u0131n kutlanaca\u011f\u0131n\u0131 hat\u0131rlatan Ba\u015fkan Se\u00e7er s\u00f6zlerini &#8220;Bizim i\u00e7in bu y\u0131l d\u00f6n\u00fcm\u00fc sadece bir takvim de\u011fi\u015fikli\u011fi de\u011fildir. Bir b\u00fcy\u00fck d\u00f6n\u00fc\u015f\u00fcm\u00fcn ad\u0131 olan Cumhuriyetimizi siyasi, ekonomik, sosyal ve diplomatik alanlarda hayalini kurdu\u011fumuz seviyeye \u00e7\u0131kartacak at\u0131l\u0131mlarla, \u00fclkemizi gelecek y\u00fczy\u0131la ta\u015f\u0131yaca\u011f\u0131z. \u00dclkemizin ve medeniyetimizin t\u00fcm kazan\u0131mlar\u0131 \u00fczerinde y\u00fckseltece\u011fimiz bu vizyon, sizlere b\u0131rakaca\u011f\u0131m\u0131z en b\u00fcy\u00fck miras olacakt\u0131r. Sizlerin de bu mirasa sahip \u00e7\u0131kaca\u011f\u0131n\u0131za y\u00fcrekten inan\u0131yorum. Bu tarihi g\u00fcnde Atam\u0131zla bir kez daha gurur duyuyor, minnetle an\u0131yorum. Afetlerde yitirdi\u011fimiz vatanda\u015flar\u0131m\u0131z ve t\u00fcm \u015fehitlerimizi bir kez daha rahmetle an\u0131yorum&#8221; c\u00fcmleleri ile tamamlad\u0131.<\/p>\n","protected":false},"excerpt":{"rendered":"<p>T\u00fcrkiye Cumhuriyeti&#8217;nin kurucusu, B\u00fcy\u00fck \u00d6nder Gazi Mustafa Kemal Atat\u00fcrk&#8217;\u00fcn Mersin&#8217;e geli\u015finin 100. y\u0131l d\u00f6n\u00fcm\u00fc deprem ve sel felaketi nedeni ile sade bir t\u00f6renle an\u0131ld\u0131. T\u00f6rene; Mersin Valisi Ali Hamza Pehlivan, &hellip; <a href=\"https:\/\/akdenizolaygazetesi.com\/?p=24726\" class=\"more-link\">Devam\u0131n\u0131 Oku&#8230;<\/a><\/p>\n","protected":false},"author":2,"featured_media":24727,"comment_status":"open","ping_status":"open","sticky":false,"template":"","format":"standard","meta":[],"categories":[2,3],"tags":[],"_links":{"self":[{"href":"https:\/\/akdenizolaygazetesi.com\/index.php?rest_route=\/wp\/v2\/posts\/24726"}],"collection":[{"href":"https:\/\/akdenizolaygazetesi.com\/index.php?rest_route=\/wp\/v2\/posts"}],"about":[{"href":"https:\/\/akdenizolaygazetesi.com\/index.php?rest_route=\/wp\/v2\/types\/post"}],"author":[{"embeddable":true,"href":"https:\/\/akdenizolaygazetesi.com\/index.php?rest_route=\/wp\/v2\/users\/2"}],"replies":[{"embeddable":true,"href":"https:\/\/akdenizolaygazetesi.com\/index.php?rest_route=%2Fwp%2Fv2%2Fcomments&post=24726"}],"version-history":[{"count":1,"href":"https:\/\/akdenizolaygazetesi.com\/index.php?rest_route=\/wp\/v2\/posts\/24726\/revisions"}],"predecessor-version":[{"id":24728,"href":"https:\/\/akdenizolaygazetesi.com\/index.php?rest_route=\/wp\/v2\/posts\/24726\/revisions\/24728"}],"wp:featuredmedia":[{"embeddable":true,"href":"https:\/\/akdenizolaygazetesi.com\/index.php?rest_route=\/wp\/v2\/media\/24727"}],"wp:attachment":[{"href":"https:\/\/akdenizolaygazetesi.com\/index.php?rest_route=%2Fwp%2Fv2%2Fmedia&parent=24726"}],"wp:term":[{"taxonomy":"category","embeddable":true,"href":"https:\/\/akdenizolaygazetesi.com\/index.php?rest_route=%2Fwp%2Fv2%2Fcategories&post=24726"},{"taxonomy":"post_tag","embeddable":true,"href":"https:\/\/akdenizolaygazetesi.com\/index.php?rest_route=%2Fwp%2Fv2%2Ftags&post=24726"}],"curies":[{"name":"wp","href":"https:\/\/api.w.org\/{rel}","templated":true}]}}