{"id":24729,"date":"2023-03-17T16:28:21","date_gmt":"2023-03-17T13:28:21","guid":{"rendered":"http:\/\/akdenizolaygazetesi.com\/?p=24729"},"modified":"2023-03-17T16:28:21","modified_gmt":"2023-03-17T13:28:21","slug":"baskan-yilmaz-canakkale-destaninin-her-satirinda-turk-milletinin-gucu-cesareti-ve-feraseti-vardir","status":"publish","type":"post","link":"https:\/\/akdenizolaygazetesi.com\/?p=24729","title":{"rendered":"BA\u015eKAN YILMAZ; &#8220;\u00c7ANAKKALE DESTANININ HER SATIRINDA T\u00dcRK M\u0130LLET\u0130N\u0130N G\u00dcC\u00dc, CESARET\u0130 VE FERASET\u0130 VARDIR&#8221;"},"content":{"rendered":"<p>Toroslar Belediye Ba\u015fkan\u0131 Ats\u0131z Af\u015f\u0131n Y\u0131lmaz, 18 Mart \u00c7anakkale Zaferi&#8217;nin 108&#8217;inci y\u0131l d\u00f6n\u00fcm\u00fc ve \u015eehitleri Anma G\u00fcn\u00fc dolay\u0131s\u0131yla bir mesaj yay\u0131nlad\u0131.<\/p>\n<p>\u00c7anakkale Zaferi ile T\u00fcrk milletinin ba\u011f\u0131ms\u0131zl\u0131k ve egemenlik a\u015fk\u0131n\u0131 t\u00fcm d\u00fcnyaya g\u00f6sterdi\u011fini s\u00f6yleyen Ba\u015fkan Y\u0131lmaz; &#8220;\u00c7anakkale Destan\u0131&#8217;n\u0131n her sat\u0131r\u0131nda T\u00fcrk milletinin g\u00fcc\u00fc, cesareti ve feraseti vard\u0131r. Vurulup da d\u00fc\u015fmeyenlerin, d\u00fc\u015f\u00fcp de \u00f6lmeyenlerin, \u015fehit olup da d\u00f6nmeyenlerin, \u015fahit olup da geri \u00e7ekilmeyenlerin onur me\u015falesidir \u00c7anakkale&#8221; dedi.<\/p>\n<p>&#8220;\u00c7anakkale Ruhunu ve Azmini Her Daim Ya\u015fataca\u011f\u0131z&#8221;<\/p>\n<p>Ba\u015fkan Y\u0131lmaz, \u00c7anakkale ruhunu ve azmini her daim ya\u015fatmaya ve gelecek nesillere aktarmaya devam edeceklerini belirterek; &#8220;\u00c7anakkale bir \u015fuurdur, bir ufuktur, bizim gururumuzdur. \u00c7anakkale Zaferi, kazan\u0131lm\u0131\u015f bir ba\u015far\u0131dan \u00e7ok daha \u00f6te ecdad\u0131m\u0131z\u0131n yokluk i\u00e7inde var olma m\u00fccadelesiyle tarihe y\u00f6n verdi\u011fi \u015fanl\u0131 bir destand\u0131r. \u00c7anakkale&#8217;yi ge\u00e7ilmez k\u0131lan, tarih boyunca istiklal ve ba\u011f\u0131ms\u0131zl\u0131\u011f\u0131n\u0131 her \u015feyin \u00fcst\u00fcnde tutan T\u00fcrk Milletinin sars\u0131lmaz birlik ve beraberli\u011fidir. Bug\u00fcn bizlere d\u00fc\u015fen g\u00f6rev; \u015fehitlerimizin kanlar\u0131yla sulanan ve bizlere emanet edilen bu kutsal topraklar\u0131, ayn\u0131 \u015fuurla sahip \u00e7\u0131karak korumak ve \u00fclkemizi g\u00fc\u00e7l\u00fc bir \u015fekilde gelece\u011fe ta\u015f\u0131makt\u0131r. \u00c7anakkale Zaferimizin 108. y\u0131l d\u00f6n\u00fcm\u00fcnde Gazi Mustafa Kemal Atat\u00fcrk ve silah arkada\u015flar\u0131 ba\u015fta olmak \u00fczere, vatan\u0131 u\u011fruna can\u0131n\u0131 feda eden aziz \u015fehitlerimizi, kahraman gazilerimizi rahmet,  minnet ve \u015f\u00fckranla an\u0131yorum. \u00c7anakkale Zaferimiz kutlu olsun&#8221; diye konu\u015ftu.<\/p>\n","protected":false},"excerpt":{"rendered":"<p>Toroslar Belediye Ba\u015fkan\u0131 Ats\u0131z Af\u015f\u0131n Y\u0131lmaz, 18 Mart \u00c7anakkale Zaferi&#8217;nin 108&#8217;inci y\u0131l d\u00f6n\u00fcm\u00fc ve \u015eehitleri Anma G\u00fcn\u00fc dolay\u0131s\u0131yla bir mesaj yay\u0131nlad\u0131. \u00c7anakkale Zaferi ile T\u00fcrk milletinin ba\u011f\u0131ms\u0131zl\u0131k ve egemenlik a\u015fk\u0131n\u0131 &hellip; <a href=\"https:\/\/akdenizolaygazetesi.com\/?p=24729\" class=\"more-link\">Devam\u0131n\u0131 Oku&#8230;<\/a><\/p>\n","protected":false},"author":2,"featured_media":24730,"comment_status":"open","ping_status":"open","sticky":false,"template":"","format":"standard","meta":[],"categories":[2,3],"tags":[],"_links":{"self":[{"href":"https:\/\/akdenizolaygazetesi.com\/index.php?rest_route=\/wp\/v2\/posts\/24729"}],"collection":[{"href":"https:\/\/akdenizolaygazetesi.com\/index.php?rest_route=\/wp\/v2\/posts"}],"about":[{"href":"https:\/\/akdenizolaygazetesi.com\/index.php?rest_route=\/wp\/v2\/types\/post"}],"author":[{"embeddable":true,"href":"https:\/\/akdenizolaygazetesi.com\/index.php?rest_route=\/wp\/v2\/users\/2"}],"replies":[{"embeddable":true,"href":"https:\/\/akdenizolaygazetesi.com\/index.php?rest_route=%2Fwp%2Fv2%2Fcomments&post=24729"}],"version-history":[{"count":1,"href":"https:\/\/akdenizolaygazetesi.com\/index.php?rest_route=\/wp\/v2\/posts\/24729\/revisions"}],"predecessor-version":[{"id":24731,"href":"https:\/\/akdenizolaygazetesi.com\/index.php?rest_route=\/wp\/v2\/posts\/24729\/revisions\/24731"}],"wp:featuredmedia":[{"embeddable":true,"href":"https:\/\/akdenizolaygazetesi.com\/index.php?rest_route=\/wp\/v2\/media\/24730"}],"wp:attachment":[{"href":"https:\/\/akdenizolaygazetesi.com\/index.php?rest_route=%2Fwp%2Fv2%2Fmedia&parent=24729"}],"wp:term":[{"taxonomy":"category","embeddable":true,"href":"https:\/\/akdenizolaygazetesi.com\/index.php?rest_route=%2Fwp%2Fv2%2Fcategories&post=24729"},{"taxonomy":"post_tag","embeddable":true,"href":"https:\/\/akdenizolaygazetesi.com\/index.php?rest_route=%2Fwp%2Fv2%2Ftags&post=24729"}],"curies":[{"name":"wp","href":"https:\/\/api.w.org\/{rel}","templated":true}]}}