{"id":24732,"date":"2023-03-18T17:52:01","date_gmt":"2023-03-18T14:52:01","guid":{"rendered":"http:\/\/akdenizolaygazetesi.com\/?p=24732"},"modified":"2023-03-18T17:52:01","modified_gmt":"2023-03-18T14:52:01","slug":"toroslar-belediyesinin-acil-durum-afet-ekipleri-saganak-yagis-teyakkuzunda","status":"publish","type":"post","link":"https:\/\/akdenizolaygazetesi.com\/?p=24732","title":{"rendered":"TOROSLAR BELED\u0130YES\u0130N\u0130N AC\u0130L DURUM AFET EK\u0130PLER\u0130, SA\u011eANAK YA\u011eI\u015e TEYAKKUZUNDA"},"content":{"rendered":"<p>Mersin&#8217;i etkisi alt\u0131na alan sa\u011fanak ya\u011f\u0131\u015f ve dolu ya\u011f\u0131\u015f\u0131ndan kaynakl\u0131 olarak ya\u015fanabilecek olumsuzluklara kar\u015f\u0131 Toroslar Belediyesinin Acil Durum Afet Ekibi, teyakkuz halinde \u00e7al\u0131\u015ft\u0131.<\/p>\n<p>\u0130hbarlar\u0131 an\u0131nda de\u011ferlendiren ekipler, vatanda\u015flar\u0131n imdad\u0131na yeti\u015fti. \u015eiddetli ya\u011fan ya\u011fmur sonucu baz\u0131 noktalarda olu\u015fan su ta\u015fk\u0131nlar\u0131na kar\u015f\u0131 i\u015f makineleriyle h\u0131zl\u0131 bir \u015fekilde m\u00fcdahale eden ekipler; il\u00e7e genelindeki su giderlerini temizledi, ev ve i\u015f yerlerinde su tahliyesi yapt\u0131.<\/p>\n<p>Ba\u015fkan Y\u0131lmaz; &#8220;Her T\u00fcrl\u00fc Tedbiri Ald\u0131k&#8221;<\/p>\n<p>Toroslar Belediye Ba\u015fkan\u0131 Ats\u0131z Af\u015f\u0131n Y\u0131lmaz, sa\u011fanak ya\u011f\u0131\u015f s\u0131ras\u0131 ve sonras\u0131nda Acil Durum Afet Ekiplerinin koordineli bir \u015fekilde \u00e7al\u0131\u015ft\u0131\u011f\u0131n\u0131 s\u00f6yledi.<\/p>\n<p>Vatanda\u015flar\u0131n olumsuzluk ya\u015famamas\u0131 i\u00e7in her t\u00fcrl\u00fc tedbiri ald\u0131klar\u0131n\u0131 belirten Ba\u015fkan Y\u0131lmaz; &#8220;Sa\u011fanak ya\u011f\u0131\u015f sonucu olu\u015fan su ta\u015fk\u0131nlar\u0131 nedeniyle evlerini ve i\u015f yerlerini su basan hem\u015fehrilerimize ge\u00e7mi\u015f olsun dileklerimizi iletiyoruz. Ekiplerimizle, kent genelinde oldu\u011fu gibi il\u00e7emizin muhtelif yerlerinde de ya\u015fanan su bask\u0131nlar\u0131na kar\u015f\u0131 h\u0131zl\u0131 ve etkin bir \u015fekilde gerekli m\u00fcdahalelerimizi yapt\u0131k. Vatanda\u015flar\u0131m\u0131z\u0131n her zaman oldu\u011fu gibi yan\u0131nda olduk. Toroslar Belediyesi olarak teyakkuz halindeyiz&#8221; dedi.<\/p>\n","protected":false},"excerpt":{"rendered":"<p>Mersin&#8217;i etkisi alt\u0131na alan sa\u011fanak ya\u011f\u0131\u015f ve dolu ya\u011f\u0131\u015f\u0131ndan kaynakl\u0131 olarak ya\u015fanabilecek olumsuzluklara kar\u015f\u0131 Toroslar Belediyesinin Acil Durum Afet Ekibi, teyakkuz halinde \u00e7al\u0131\u015ft\u0131. \u0130hbarlar\u0131 an\u0131nda de\u011ferlendiren ekipler, vatanda\u015flar\u0131n imdad\u0131na yeti\u015fti. &hellip; <a href=\"https:\/\/akdenizolaygazetesi.com\/?p=24732\" class=\"more-link\">Devam\u0131n\u0131 Oku&#8230;<\/a><\/p>\n","protected":false},"author":2,"featured_media":24733,"comment_status":"open","ping_status":"open","sticky":false,"template":"","format":"standard","meta":[],"categories":[3],"tags":[],"_links":{"self":[{"href":"https:\/\/akdenizolaygazetesi.com\/index.php?rest_route=\/wp\/v2\/posts\/24732"}],"collection":[{"href":"https:\/\/akdenizolaygazetesi.com\/index.php?rest_route=\/wp\/v2\/posts"}],"about":[{"href":"https:\/\/akdenizolaygazetesi.com\/index.php?rest_route=\/wp\/v2\/types\/post"}],"author":[{"embeddable":true,"href":"https:\/\/akdenizolaygazetesi.com\/index.php?rest_route=\/wp\/v2\/users\/2"}],"replies":[{"embeddable":true,"href":"https:\/\/akdenizolaygazetesi.com\/index.php?rest_route=%2Fwp%2Fv2%2Fcomments&post=24732"}],"version-history":[{"count":1,"href":"https:\/\/akdenizolaygazetesi.com\/index.php?rest_route=\/wp\/v2\/posts\/24732\/revisions"}],"predecessor-version":[{"id":24734,"href":"https:\/\/akdenizolaygazetesi.com\/index.php?rest_route=\/wp\/v2\/posts\/24732\/revisions\/24734"}],"wp:featuredmedia":[{"embeddable":true,"href":"https:\/\/akdenizolaygazetesi.com\/index.php?rest_route=\/wp\/v2\/media\/24733"}],"wp:attachment":[{"href":"https:\/\/akdenizolaygazetesi.com\/index.php?rest_route=%2Fwp%2Fv2%2Fmedia&parent=24732"}],"wp:term":[{"taxonomy":"category","embeddable":true,"href":"https:\/\/akdenizolaygazetesi.com\/index.php?rest_route=%2Fwp%2Fv2%2Fcategories&post=24732"},{"taxonomy":"post_tag","embeddable":true,"href":"https:\/\/akdenizolaygazetesi.com\/index.php?rest_route=%2Fwp%2Fv2%2Ftags&post=24732"}],"curies":[{"name":"wp","href":"https:\/\/api.w.org\/{rel}","templated":true}]}}