{"id":24742,"date":"2023-03-18T17:57:02","date_gmt":"2023-03-18T14:57:02","guid":{"rendered":"http:\/\/akdenizolaygazetesi.com\/?p=24742"},"modified":"2023-03-18T17:57:02","modified_gmt":"2023-03-18T14:57:02","slug":"egitim-destegi-spor-ve-meslek-kurslari-ile-gelecege-hazirlaniyorlar","status":"publish","type":"post","link":"https:\/\/akdenizolaygazetesi.com\/?p=24742","title":{"rendered":"E\u011fitim deste\u011fi, spor ve meslek kurslar\u0131 ile gelece\u011fe haz\u0131rlan\u0131yorlar"},"content":{"rendered":"<p>TRT \u00c7ukurova Radyosu&#8217;nda yay\u0131nlanan ve D\u00f6nd\u00fc \u00c7er\u00e7i&#8217;nin sundu\u011fu \u201cAkdeniz\u2019den Toroslar\u2019a\u201d adl\u0131 canl\u0131 yay\u0131n program\u0131na kat\u0131lan Akdeniz Belediyesi K\u00fclt\u00fcr ve Sosyal \u0130\u015fler M\u00fcd\u00fcr\u00fc Ali U\u00e7ar; \u00e7ocuklar ve gen\u00e7ler yarar\u0131na hayata ge\u00e7en e\u011fitim, spor ve meslek kurslar\u0131na ili\u015fkin a\u00e7\u0131klamalarda bulundu.<br \/>\nProgramda; gen\u00e7ler, \u00e7ocuklar ve kad\u0131nlara y\u00f6nelik bir\u00e7ok projeyi hayata ge\u00e7irdiklerini anlatan U\u00e7ar, \u201cE\u011fitim ve spor etkinliklerinin yan\u0131 s\u0131ra, \u00fcniversite haz\u0131rl\u0131k kursu, proje merkezimizde meslek edindirme kurslar\u0131m\u0131z var ve devam ediyor. Tamamlanan ve s\u00fcren kurslar\u0131m\u0131z var. Hummal\u0131 \u015fekilde y\u00fczlerce \u00f6\u011frencimizin ve y\u00fczlerce kad\u0131n\u0131n kat\u0131l\u0131m g\u00f6sterdi\u011fi, memnuniyet duydu\u011fu, mezun olduktan sonra i\u015f bulabildikleri; spor kurslar\u0131nda ana bran\u015flarda sporu \u00f6\u011frendikleri, m\u00fcsab\u0131k tak\u0131mlar\u0131m\u0131zda \u015fu an futbol, basketbol oynamaya devam ettikleri bir\u00e7ok etkinli\u011fimiz var ve s\u00fcr\u00fcyor\u201d dedi.<br \/>\n\u201c\u00dc\u00e7 y\u0131lda 10 bin \u00e7ocu\u011fumuza y\u00fczme \u00f6\u011frettik\u201d<br \/>\nAkdeniz Belediyesi Futbol Kul\u00fcb\u00fc\u2019n\u00fcn ba\u015flatt\u0131\u011f\u0131 Bahar Futbol Okulu Kurslar\u0131n\u0131n da ba\u015flad\u0131\u011f\u0131 bilgisini veren Ali U\u00e7ar, \u201cBiz daha \u00f6nce k\u0131\u015f spor okulumuzu a\u00e7m\u0131\u015f ve 5 ayr\u0131 bran\u015fta \u00e7ocuklar\u0131m\u0131za e\u011fitim vermi\u015ftik. 7-13 ya\u015f aral\u0131\u011f\u0131ndaki \u00e7ocuklar\u0131m\u0131z\u0131 yaz spor okullar\u0131m\u0131za davet ettik. Kort tenisi, futbol, basketbol bran\u015flar\u0131nda e\u011fitim verdik. Tabi ge\u00e7ti\u011fimiz yaz mevsiminde de yine yaz okulumuzu a\u00e7m\u0131\u015ft\u0131k. Bunlar\u0131n yan\u0131 s\u0131ra y\u00fczme bran\u015f\u0131m\u0131z da var. 750 \u00e7ocu\u011fumuza da y\u00fczme \u00f6\u011fretip sertifikalar\u0131n\u0131 verdik. Bu, asl\u0131nda Mersin\u2019de ilk kez bizimle ba\u015flayan, Akdeniz Belediye Ba\u015fkan\u0131m\u0131z Say\u0131n Mustafa G\u00fcltak\u2019\u0131n talimat\u0131yla ba\u015flayan bir kurs idi. Akdeniz\u2019de y\u00fczme bilmeyen \u00e7ocuk kalmas\u0131n, slogan\u0131yla ba\u015flad\u0131k kurslar\u0131m\u0131za. Bu kurslar\u0131m\u0131zda biz 3 senede 10 bini a\u015fk\u0131n \u00e7ocu\u011fumuza y\u00fczme \u00f6\u011fretip sertifikalar\u0131n\u0131 teslim ettik. Daha sonra kursun kapsam\u0131n\u0131 geni\u015flettik. Futbol ve kort tenisini ekledik\u201d dedi.<br \/>\n\u201cAilelerin kurslara b\u00fcy\u00fck ilgisi var\u201d<br \/>\nVerilen kurslara ailelerin b\u00fcy\u00fck tevecc\u00fch g\u00f6sterdi\u011finin alt\u0131n\u0131 \u00e7izen Ali U\u00e7ar; \u201c\u00c7ocuklar\u0131n\u0131 g\u00f6n\u00fcl rahatl\u0131\u011f\u0131yla g\u00fcvenli ellere teslim ediyorlar. Biz de bundan b\u00fcy\u00fck mutluluk duyuyoruz. Tabi yaz kursu talep g\u00f6rd\u00fckten sonra veliler taraf\u0131ndan memnuniyetle kar\u015f\u0131land\u0131ktan sonra ara vermememiz gerekti\u011fini d\u00fc\u015f\u00fcnd\u00fck. K\u0131\u015f spor okuluyla da etkinliklerimize devam ettik. E\u011fitim \u00f6\u011fretim d\u00f6neminin bitmesiyle birlikte k\u0131\u015f spor okulumuzu da tamamlad\u0131k. \u015eimdi de bahar spor okulumuzda futbol kay\u0131tlar\u0131 ba\u015flay\u0131p devam ediyoruz. Vatanda\u015flar\u0131m\u0131z\u0131n yine yo\u011fun ilgisi var. \u00c7ocuklar\u0131m\u0131z\u0131 bu kursumuza bekliyoruz\u201d ifadelerini kulland\u0131.<\/p>\n<p>\u201cMersin\u2019in en k\u00f6kl\u00fc ve kurumsal spor kul\u00fcb\u00fcy\u00fcz\u201d<br \/>\nProgramda, Akdeniz Belediye Spor Kul\u00fcb\u00fc\u2019n\u00fcn farkl\u0131 bran\u015flardaki ba\u015far\u0131lar\u0131n\u0131 da anlatan Ali U\u00e7ar, \u201cKul\u00fcb\u00fcm\u00fcz, Mersin\u2019in en k\u00f6kl\u00fc ve kurumsal kul\u00fcplerinden birisi. \u015eu an 5 bran\u015fta aktif sporcular\u0131m\u0131z ve tak\u0131mlar\u0131m\u0131z var. Lokomotif bran\u015f\u0131m\u0131z futbol ve t\u00fcm kategorilerde faaliyet g\u00f6steriyoruz. Farkl\u0131 zamanlarda T\u00fcrkiye birincili\u011fi kazanm\u0131\u015f, derece yapm\u0131\u015f bir\u00e7ok tak\u0131m\u0131m\u0131z var. \u015eu an S\u00fcper Amat\u00f6r Lig\u2019de Play- Off\u2019lara kalan A tak\u0131m\u0131m\u0131z var. Yine Say\u0131n Belediye Ba\u015fkan\u0131m\u0131z\u0131n \u00f6ng\u00f6r\u00fcs\u00fc ve ciddi temaslar\u0131 sonras\u0131nda Tekerlekli Basketbol Tak\u0131m\u0131m\u0131z\u0131 da ge\u00e7en y\u0131l b\u00fcnyemize katt\u0131k ve \u015fu an 2\u2019nci ligde m\u00fccadele ediyor. Ba\u015far\u0131m\u0131z sonucunda 3\u2019\u00fcnc\u00fc ligdeki tak\u0131m\u0131m\u0131z bu sene 2\u2019nci lige \u00e7\u0131kt\u0131. Tekerlekli basketbol tak\u0131m\u0131m\u0131z 1\u2019inci lige de emin ad\u0131mlarla ilerleyecek\u201d \u015feklinde konu\u015ftu.<br \/>\n\u201cMilli sporcular\u0131m\u0131z bizleri gururland\u0131r\u0131yor\u201d<br \/>\nK\u00fclt\u00fcr ve Sosyal \u0130\u015fler M\u00fcd\u00fcr\u00fc Ali U\u00e7ar; \u201cBoks ve kick boks tak\u0131m\u0131m\u0131zda, ulusal ve uluslararas\u0131 alanda b\u00fcy\u00fck ba\u015far\u0131lara imza atan, bayra\u011f\u0131m\u0131z\u0131 dalgaland\u0131ran 4 milli sporcumuz da var. Hilal ve G\u00fclizar k\u0131z\u0131m\u0131z ile Hatip ve Muhammed o\u011flumuz milli sporcular\u0131m\u0131z; Avrupa \u015fampiyonas\u0131, \u0130slam oyunlar\u0131 ve d\u00fcnya \u015fampiyonalar\u0131nda bayra\u011f\u0131m\u0131z\u0131 dalgaland\u0131rd\u0131lar. Bizi, Mersin\u2019i ve \u00fclkemizi gururland\u0131rd\u0131lar. Bu k\u0131ymetli gen\u00e7lerimiz, kul\u00fcp b\u00fcnyemizde antren\u00f6rleri ile birlikte e\u011fitimlerine devam etmekteler\u201d dedi.<br \/>\n\u201cAs\u0131l kazanan kad\u0131nlar, gen\u00e7ler ve \u00e7ocuklar\u0131m\u0131z\u201d<br \/>\nYine spor kul\u00fcb\u00fc b\u00fcnyesinde verilen kort tenisi kurslar\u0131na da de\u011finen Ali U\u00e7ar, s\u00f6zlerini \u015f\u00f6yle s\u00fcrd\u00fcrd\u00fc; \u201cAsl\u0131nda bir zengin sporu olarak d\u00fc\u015f\u00fcn\u00fclen kort tenisinde de faaliyetlerimize 76 sporcumuz ile birlikte hummal\u0131 bir \u015fekilde devam ediyoruz. Tabi sporcular\u0131m\u0131z kadar antren\u00f6rlerimiz de \u00e7ok k\u0131ymetli. Asl\u0131nda bu bir ekip i\u015fi, sistem i\u015fi, bir kurumsall\u0131k i\u015fi\u2026 Ve biz insanlara, g\u00fczel tesislerde g\u00fcven tesis ederek ba\u015fl\u0131yoruz. Tesis olmay\u0131nca \u00e7ocuklar\u0131 a\u011f\u0131rlayaca\u011f\u0131n\u0131z bir yer de olmuyor. Ama bu g\u00fczel tesislerde as\u0131l tesis etmemiz gereken \u015feyin g\u00fcven oldu\u011funu d\u00fc\u015f\u00fcn\u00fcyorum. Akdeniz Belediye Ba\u015fkan\u0131m\u0131z Say\u0131n G\u00fcltak\u2019\u0131n \u00f6ng\u00f6r\u00fcs\u00fc, bize duydu\u011fu g\u00fcven ve samimiyeti Akdeniz\u2019e \u00e7ok \u015fey kazand\u0131rd\u0131. Asl\u0131nda kazanan Akdenizli \u00e7ocuklar\u0131m\u0131z, gen\u00e7lerimiz ve kad\u0131nlar\u0131m\u0131z oldu.\u201d<br \/>\n\u201cAkdeniz, 4 y\u0131ll\u0131k s\u00fcre\u00e7te 50 milyon TL tutar\u0131nda spor tesisi kazand\u0131\u201d<br \/>\nYeni d\u00f6nemde Akdeniz\u2019e kazand\u0131r\u0131lan yeni spor tesisleri ile ba\u015ftan sona yenilenen tesislere de de\u011finen Ali U\u00e7ar, \u201cAkdeniz\u2019de spor tesisi neredeyse yoktu var olan tesisler de \u00e7ok y\u0131pranm\u0131\u015f, kullan\u0131lamayacak haldeydi. Say\u0131n Ba\u015fkan\u0131m\u0131z d\u00f6neminde, bu 4 y\u0131ll\u0131k s\u00fcre\u00e7te Akdeniz\u2019e 50 milyon TL tutar\u0131nda spor tesisi yat\u0131r\u0131m\u0131 oldu. F\u0130FA, UEFA standartlar\u0131nda suni \u00e7im sahalar\u0131m\u0131z; farkl\u0131 mahallelerimizde hizmete a\u00e7t\u0131\u011f\u0131m\u0131z bir\u00e7ok spor tesisimiz oldu. Yap\u0131m\u0131 devam eden tesislerimiz var. Bizler de Akdeniz\u2019deki cevherleri bulup, kul\u00fcp b\u00fcnyemize kat\u0131p, m\u00fcsab\u0131k tak\u0131mlara katarak \u00fclkesine hizmet edecek sporcular\u0131 ke\u015ffediyoruz\u201d dedi.<br \/>\n\u201c\u00d6\u011frencilerimize de kap\u0131lar\u0131m\u0131z sonuna kadar a\u00e7\u0131k\u201d<br \/>\nAkdeniz Belediyesi\u2019nin, \u00fcniversite s\u0131navlar\u0131na haz\u0131rlanan gen\u00e7ler i\u00e7in, Metropol G\u00f6kdelen Binas\u0131 29\u2019uncu katta hizmete a\u00e7t\u0131\u011f\u0131 Et\u00fct Merkezi\u2019ne de de\u011finen U\u00e7ar; \u201cEt\u00fct Merkezimizde \u015fu an 500 gencimiz, \u00fccretsiz \u00fcniversite haz\u0131rl\u0131k kursu al\u0131yor. Say\u0131n Ba\u015fkan\u0131m\u0131z\u0131n da dedi\u011fi gibi \u2018Mersin\u2019in en haval\u0131 et\u00fct merkezine\u2019 sahibiz. Bir \u00f6zel okul stat\u00fcs\u00fcnde, fiziki anlamda muhte\u015fem bir yer. \u00d6\u011frencilerimize \u00fccretsiz ders ve kaynak kitaplar\u0131 veriyoruz. \u0130\u00e7eri\u011fi \u00e7ok zengin, i\u00e7inde 250-300 bin soru olan, konu anlat\u0131ml\u0131, soru \u00e7\u00f6z\u00fcml\u00fc ve deneme s\u0131nav\u0131 olan online e\u011fitim paketlerimiz de var ve \u00e7ocuklar\u0131m\u0131z\u0131n hizmetine sunuyoruz. \u00dcniversiteye haz\u0131rlanan ancak deprem felaketi nedeniyle ilimize, il\u00e7emize g\u00f6\u00e7 eden gen\u00e7lerimiz de et\u00fct merkezimize geliyor. E\u011fitim kurslar\u0131m\u0131z \u015fu an devam ediyor ve gelmek isteyen her \u00f6\u011frencimize de merkezimizin kap\u0131lar\u0131 sonuna kadar a\u00e7\u0131k\u201d \u015feklinde konu\u015ftu.<\/p>\n","protected":false},"excerpt":{"rendered":"<p>TRT \u00c7ukurova Radyosu&#8217;nda yay\u0131nlanan ve D\u00f6nd\u00fc \u00c7er\u00e7i&#8217;nin sundu\u011fu \u201cAkdeniz\u2019den Toroslar\u2019a\u201d adl\u0131 canl\u0131 yay\u0131n program\u0131na kat\u0131lan Akdeniz Belediyesi K\u00fclt\u00fcr ve Sosyal \u0130\u015fler M\u00fcd\u00fcr\u00fc Ali U\u00e7ar; \u00e7ocuklar ve gen\u00e7ler yarar\u0131na hayata ge\u00e7en &hellip; <a href=\"https:\/\/akdenizolaygazetesi.com\/?p=24742\" class=\"more-link\">Devam\u0131n\u0131 Oku&#8230;<\/a><\/p>\n","protected":false},"author":2,"featured_media":24743,"comment_status":"open","ping_status":"open","sticky":false,"template":"","format":"standard","meta":[],"categories":[34,2,3,10],"tags":[],"_links":{"self":[{"href":"https:\/\/akdenizolaygazetesi.com\/index.php?rest_route=\/wp\/v2\/posts\/24742"}],"collection":[{"href":"https:\/\/akdenizolaygazetesi.com\/index.php?rest_route=\/wp\/v2\/posts"}],"about":[{"href":"https:\/\/akdenizolaygazetesi.com\/index.php?rest_route=\/wp\/v2\/types\/post"}],"author":[{"embeddable":true,"href":"https:\/\/akdenizolaygazetesi.com\/index.php?rest_route=\/wp\/v2\/users\/2"}],"replies":[{"embeddable":true,"href":"https:\/\/akdenizolaygazetesi.com\/index.php?rest_route=%2Fwp%2Fv2%2Fcomments&post=24742"}],"version-history":[{"count":1,"href":"https:\/\/akdenizolaygazetesi.com\/index.php?rest_route=\/wp\/v2\/posts\/24742\/revisions"}],"predecessor-version":[{"id":24744,"href":"https:\/\/akdenizolaygazetesi.com\/index.php?rest_route=\/wp\/v2\/posts\/24742\/revisions\/24744"}],"wp:featuredmedia":[{"embeddable":true,"href":"https:\/\/akdenizolaygazetesi.com\/index.php?rest_route=\/wp\/v2\/media\/24743"}],"wp:attachment":[{"href":"https:\/\/akdenizolaygazetesi.com\/index.php?rest_route=%2Fwp%2Fv2%2Fmedia&parent=24742"}],"wp:term":[{"taxonomy":"category","embeddable":true,"href":"https:\/\/akdenizolaygazetesi.com\/index.php?rest_route=%2Fwp%2Fv2%2Fcategories&post=24742"},{"taxonomy":"post_tag","embeddable":true,"href":"https:\/\/akdenizolaygazetesi.com\/index.php?rest_route=%2Fwp%2Fv2%2Ftags&post=24742"}],"curies":[{"name":"wp","href":"https:\/\/api.w.org\/{rel}","templated":true}]}}